{"id":70959,"date":"2025-12-10T18:33:11","date_gmt":"2025-12-10T18:33:11","guid":{"rendered":"https:\/\/www.europesays.com\/lv\/70959\/"},"modified":"2025-12-10T18:33:11","modified_gmt":"2025-12-10T18:33:11","slug":"magone-edgars-un-ventis-uzskil-dramu","status":"publish","type":"post","link":"https:\/\/www.europesays.com\/lv\/70959\/","title":{"rendered":"Magone, Edgars un Ventis uz\u0161\u0137i\u013c dr\u0101mu"},"content":{"rendered":"<p class=\"descr\">Popul\u0101r\u0101 TV \u0161ova &#8220;Slaven\u012bbas. Bez filtra&#8221; dal\u012bbniece un dzejniece Magone Liedeskalna sav\u0101s m\u0101j\u0101s izkrat\u012bja sirdi draudzenei M\u0101rai, st\u0101stot par sare\u017e\u0123\u012bto situ\u0101ciju ar piel\u016bdz\u0113ju Edgaru. Vi\u0146a nesl\u0113pa savu lielo p\u0101rsteigumu par to, ka vi\u0146as pus\u0113 negaid\u012bti iest\u0101jies ar\u012b biju\u0161ais partneris Ventis.<\/p>\n<p>Nav nosl\u0113pums, ka <a href=\"https:\/\/nra.lv\/birka\/magone\/\" rel=\"nofollow noopener\" target=\"_blank\">Magones<\/a> un Edgara attiec\u012bbas sabiedr\u012bb\u0101 un soci\u0101lajos t\u012bklos ir k\u013cuvu\u0161as par karstu diskusiju objektu. \u0160aj\u0101s debat\u0113s, k\u0101 izr\u0101d\u0101s, akt\u012bvi piedal\u012bj\u0101s ar\u012b Ventis V\u012btols, kur\u0161 stingri aizst\u0101v\u0113ja Magoni un kritiz\u0113ja Edgara paustos viedok\u013cus.<\/p>\n<p><a href=\"https:\/\/play.1188.lv\/pasmaju-tv-sovi\/slavenibas-bez-filtra-6\/magone_atzinigi_verte_ka_ventis_skarbi_noradijis_edgaram_uz_vina_ricibu-1156840\/\" target=\"_blank\" rel=\"nofollow noopener\">Magone atzina, ka Venta iesaist\u012b\u0161an\u0101s ir bijusi negaid\u012bta<\/a>: &#8220;Ventis ir piesl\u0113dzies pie \u0161\u012bs situ\u0101cijas. Laikam greizsird\u012bba vai kas&#8230; Bet man\u0101 pus\u0113 vair\u0101k, es piln\u012bgi pabr\u012bn\u012bjos, vai \u0161\u0101di v\u0101rdi no biju\u0161\u0101 var n\u0101kt!&#8221;<\/p>\n<p><a href=\"https:\/\/nra.lv\/tautaruna\/slavenibas\/508795-kas-notiek-starp-magoni-un-edgaru-attiecibu-drama-sova-slavenibas-bez-filtra.htm\" data-item-link=\"true\" data-item-id=\"508795\" rel=\"nofollow noopener\" target=\"_blank\">P\u0113c Magones st\u0101st\u012bt\u0101<\/a>, Edgars k\u0101d\u0101s sarun\u0101s bija negat\u012bvi izteicies par dzejnieces iepriek\u0161\u0113jiem v\u012brie\u0161iem. Tas esot bijis pietiekams iemesls, lai Ventis rea\u0123\u0113tu. Ventis, koment\u0113jot k\u0101du no publik\u0101cij\u0101m, skaidri nor\u0101d\u012bja Edgaram, ka lab\u0101k vi\u0146u nekaitin\u0101t. Magone \u0161o situ\u0101ciju uztver ar zin\u0101mu atvieglojumu: &#8220;Man jau pat\u012bk, lai tik kauj\u0101s!&#8221;<\/p>\n<p>Venta r\u012bc\u012bba Magonei devusi p\u0101rliec\u012bbu, ka vi\u0146a nav viena \u0161aj\u0101 konflikt\u0101. Attiec\u012bb\u0101 uz negat\u012bvajiem koment\u0101riem vi\u0146a vairs nej\u016btas satraukta, jo ir p\u0101rliecin\u0101ta, ka sve\u0161u cilv\u0113ku domas vi\u0146as dz\u012bvi neietekm\u0113.<\/p>\n","protected":false},"excerpt":{"rendered":"Popul\u0101r\u0101 TV \u0161ova &#8220;Slaven\u012bbas. Bez filtra&#8221; dal\u012bbniece un dzejniece Magone Liedeskalna sav\u0101s m\u0101j\u0101s izkrat\u012bja sirdi draudzenei M\u0101rai, st\u0101stot&hellip;\n","protected":false},"author":2,"featured_media":70960,"comment_status":"","ping_status":"","sticky":false,"template":"","format":"standard","meta":{"footnotes":""},"categories":[5],"tags":[23,28,29,32,33,22,30,31,35,39,38,36,37,34,40,20,26,27,24,25,21],"class_list":{"0":"post-70959","1":"post","2":"type-post","3":"status-publish","4":"format-standard","5":"has-post-thumbnail","7":"category-aktualitates","8":"tag-aktualitates","9":"tag-breaking-news","10":"tag-breakingnews","11":"tag-featured-news","12":"tag-featurednews","13":"tag-headlines","14":"tag-latest-news","15":"tag-latestnews","16":"tag-latvia","17":"tag-latvian","18":"tag-latviesu","19":"tag-latviesu-valoda","20":"tag-latviesuvaloda","21":"tag-latvija","22":"tag-lv","23":"tag-news","24":"tag-popularakas-zinas","25":"tag-popularakaszinas","26":"tag-top-stories","27":"tag-topstories","28":"tag-zinas"},"share_on_mastodon":{"url":"https:\/\/pubeurope.com\/@lv\/115696710631126777","error":""},"_links":{"self":[{"href":"https:\/\/www.europesays.com\/lv\/wp-json\/wp\/v2\/posts\/70959","targetHints":{"allow":["GET"]}}],"collection":[{"href":"https:\/\/www.europesays.com\/lv\/wp-json\/wp\/v2\/posts"}],"about":[{"href":"https:\/\/www.europesays.com\/lv\/wp-json\/wp\/v2\/types\/post"}],"author":[{"embeddable":true,"href":"https:\/\/www.europesays.com\/lv\/wp-json\/wp\/v2\/users\/2"}],"replies":[{"embeddable":true,"href":"https:\/\/www.europesays.com\/lv\/wp-json\/wp\/v2\/comments?post=70959"}],"version-history":[{"count":0,"href":"https:\/\/www.europesays.com\/lv\/wp-json\/wp\/v2\/posts\/70959\/revisions"}],"wp:featuredmedia":[{"embeddable":true,"href":"https:\/\/www.europesays.com\/lv\/wp-json\/wp\/v2\/media\/70960"}],"wp:attachment":[{"href":"https:\/\/www.europesays.com\/lv\/wp-json\/wp\/v2\/media?parent=70959"}],"wp:term":[{"taxonomy":"category","embeddable":true,"href":"https:\/\/www.europesays.com\/lv\/wp-json\/wp\/v2\/categories?post=70959"},{"taxonomy":"post_tag","embeddable":true,"href":"https:\/\/www.europesays.com\/lv\/wp-json\/wp\/v2\/tags?post=70959"}],"curies":[{"name":"wp","href":"https:\/\/api.w.org\/{rel}","templated":true}]}}