{"id":70963,"date":"2025-12-10T18:47:07","date_gmt":"2025-12-10T18:47:07","guid":{"rendered":"https:\/\/www.europesays.com\/lv\/70963\/"},"modified":"2025-12-10T18:47:07","modified_gmt":"2025-12-10T18:47:07","slug":"prestizais-medijs-the-athletic-ieklauj-smitu-nhl-drafta-labako-piecinieka","status":"publish","type":"post","link":"https:\/\/www.europesays.com\/lv\/70963\/","title":{"rendered":"Presti\u017eais medijs \u201cThe Athletic\u201d iek\u013cauj \u0160mitu NHL drafta lab\u0101ko pieciniek\u0101"},"content":{"rendered":"<p>V\u0113l novembr\u012b \u201cThe Athletic\u201d prognoz\u0113ja \u0160mitam draft\u0101 13. numuru.<\/p>\n<p>\u201c\u0160mits ir gar\u0161 aizsargs ar iespaid\u012bgu mobilit\u0101ti un inteli\u0123enci. Vi\u0146\u0161 sp\u0113j izdar\u012bt dro\u0161u pirmo piesp\u0113li, vi\u0146am ir sp\u0113c\u012bgs metiens.<\/p>\n<p>Var prognoz\u0113t, ka ar\u012b augst\u0101kaj\u0101 l\u012bmen\u012b vi\u0146\u0161 labi sp\u0113l\u0113s uzbrukum\u0101,\u201d vi\u0146u raksturoja \u201cThe Athletic\u201d apskatnieks Korijs Pronmens.<\/p>\n<p>Drafta pirmais numurs \u0161obr\u012bd tiek prognoz\u0113ts kan\u0101die\u0161u uzbruc\u0113jam Tainenam Lorensam, kur\u0161 sp\u0113l\u0113 sp\u0113c\u012bg\u0101kaj\u0101 ASV junioru l\u012bg\u0101.<\/p>\n<p>Savuk\u0101rt uz ceturto poz\u012bciju prognoz\u0113s nosl\u012bd\u0113jis amerik\u0101nis Gevins Makena, kuram iepriek\u0161 tika prognoz\u0113ts pirmais numurs.<\/p>\n<p>NHL drafts norisin\u0101sies vasar\u0101, un l\u012bdz tam prognozes var main\u012bties atkar\u012bb\u0101 no hokejistu snieguma jaunie\u0161u pasaules \u010dempion\u0101tos un sezon\u0101 sav\u0101s komand\u0101s.<\/p>\n<p>\u00a0Skaties NHL sp\u0113les sestdien\u0101s TV6! Vair\u0101k sp\u0113les <a href=\"https:\/\/go3.lv\/categories\/nhl,category-6886313\" rel=\"nofollow noopener\" target=\"_blank\">Go3 telev\u012bzij\u0101!<\/a><\/p>\n<p class=\"tv3-fw-500\">Zi\u0146o par k\u013c\u016bdu rakst\u0101<\/p>\n<p class=\"d-md-block d-none\">Iez\u012bm\u0113 k\u013c\u016bdaino tekstu un spied Ctrl+Enter.<\/p>\n<p class=\"d-md-none d-block\">Iez\u012bm\u0113 k\u013c\u016bdaino tekstu un zi\u0146o par to!<\/p>\n","protected":false},"excerpt":{"rendered":"V\u0113l novembr\u012b \u201cThe Athletic\u201d prognoz\u0113ja \u0160mitam draft\u0101 13. numuru. \u201c\u0160mits ir gar\u0161 aizsargs ar iespaid\u012bgu mobilit\u0101ti un inteli\u0123enci.&hellip;\n","protected":false},"author":2,"featured_media":70964,"comment_status":"","ping_status":"","sticky":false,"template":"","format":"standard","meta":{"footnotes":""},"categories":[17],"tags":[18145,35,39,38,36,37,34,40,67],"class_list":{"0":"post-70963","1":"post","2":"type-post","3":"status-publish","4":"format-standard","5":"has-post-thumbnail","7":"category-sports","8":"tag-alberts-smitsnhl","9":"tag-latvia","10":"tag-latvian","11":"tag-latviesu","12":"tag-latviesu-valoda","13":"tag-latviesuvaloda","14":"tag-latvija","15":"tag-lv","16":"tag-sports"},"share_on_mastodon":{"url":"https:\/\/pubeurope.com\/@lv\/115696765717164216","error":""},"_links":{"self":[{"href":"https:\/\/www.europesays.com\/lv\/wp-json\/wp\/v2\/posts\/70963","targetHints":{"allow":["GET"]}}],"collection":[{"href":"https:\/\/www.europesays.com\/lv\/wp-json\/wp\/v2\/posts"}],"about":[{"href":"https:\/\/www.europesays.com\/lv\/wp-json\/wp\/v2\/types\/post"}],"author":[{"embeddable":true,"href":"https:\/\/www.europesays.com\/lv\/wp-json\/wp\/v2\/users\/2"}],"replies":[{"embeddable":true,"href":"https:\/\/www.europesays.com\/lv\/wp-json\/wp\/v2\/comments?post=70963"}],"version-history":[{"count":0,"href":"https:\/\/www.europesays.com\/lv\/wp-json\/wp\/v2\/posts\/70963\/revisions"}],"wp:featuredmedia":[{"embeddable":true,"href":"https:\/\/www.europesays.com\/lv\/wp-json\/wp\/v2\/media\/70964"}],"wp:attachment":[{"href":"https:\/\/www.europesays.com\/lv\/wp-json\/wp\/v2\/media?parent=70963"}],"wp:term":[{"taxonomy":"category","embeddable":true,"href":"https:\/\/www.europesays.com\/lv\/wp-json\/wp\/v2\/categories?post=70963"},{"taxonomy":"post_tag","embeddable":true,"href":"https:\/\/www.europesays.com\/lv\/wp-json\/wp\/v2\/tags?post=70963"}],"curies":[{"name":"wp","href":"https:\/\/api.w.org\/{rel}","templated":true}]}}