{"id":71001,"date":"2025-12-10T19:57:08","date_gmt":"2025-12-10T19:57:08","guid":{"rendered":"https:\/\/www.europesays.com\/lv\/71001\/"},"modified":"2025-12-10T19:57:08","modified_gmt":"2025-12-10T19:57:08","slug":"zelenskis-pauz-gatavibu-rikot-ukrainas-prezidenta-velesanas-kara-laika","status":"publish","type":"post","link":"https:\/\/www.europesays.com\/lv\/71001\/","title":{"rendered":"Zelenskis pau\u017e gatav\u012bbu r\u012bkot Ukrainas prezidenta v\u0113l\u0113\u0161anas kara laik\u0101"},"content":{"rendered":"<p>Trampam bijusi pla\u0161a intervija izdevumam &#8220;Politico&#8221;, kur vi\u0146am uzdeva jaut\u0101jumu par to, vai ir pien\u0101cis laiks Ukrain\u0101 sar\u012bkot v\u0113l\u0113\u0161anas.<\/p>\n<p>&#8220;Esmu gatavs v\u0113l\u0113\u0161an\u0101m. Bet tagad es l\u016bdzu, un es to saku atkl\u0101ti \u2013 ASV var pal\u012bdz\u0113t man, iesp\u0113jams, kop\u0101 ar m\u016bsu Eiropas kol\u0113\u0123iem, nodro\u0161in\u0101t v\u0113l\u0113\u0161anu dro\u0161\u012bbu. Tad n\u0101kamo 60\u201390 dienu laik\u0101 <a href=\"https:\/\/www.apollo.lv\/term\/8497\/ukraina\" class=\"topicLink\" target=\"_blank\" rel=\"nofollow noopener\">Ukraina<\/a> b\u016bs gatava r\u012bkot v\u0113l\u0113\u0161anas.<\/p>\n<p>Man person\u012bgi ir griba un gatav\u012bba to dar\u012bt. Turkl\u0101t, t\u0101 k\u0101 lietas ir izv\u0113rtu\u0161\u0101s \u0161\u0101di, es l\u016bdzu m\u016bsu parlament\u0101rie\u0161us sagatavot likumdo\u0161anas priek\u0161likumus par iesp\u0113ju main\u012bt likumdo\u0161anas regul\u0113jumu un likumu par v\u0113l\u0113\u0161an\u0101m kara st\u0101vok\u013ca laik\u0101,&#8221; pazi\u0146oja Zelenskis.<\/p>\n<p>Nav gan skaidrs, k\u0101 var\u0113tu nobalsot milit\u0101rpersonas un \u0101rpus Ukrainas eso\u0161ie pilso\u0146i.<\/p>\n","protected":false},"excerpt":{"rendered":"Trampam bijusi pla\u0161a intervija izdevumam &#8220;Politico&#8221;, kur vi\u0146am uzdeva jaut\u0101jumu par to, vai ir pien\u0101cis laiks Ukrain\u0101 sar\u012bkot&hellip;\n","protected":false},"author":2,"featured_media":71002,"comment_status":"","ping_status":"","sticky":false,"template":"","format":"standard","meta":{"footnotes":""},"categories":[5],"tags":[23,28,29,32,33,22,234,74,30,31,35,39,38,36,37,34,40,20,26,27,24,25,276,21],"class_list":{"0":"post-71001","1":"post","2":"type-post","3":"status-publish","4":"format-standard","5":"has-post-thumbnail","7":"category-aktualitates","8":"tag-aktualitates","9":"tag-breaking-news","10":"tag-breakingnews","11":"tag-featured-news","12":"tag-featurednews","13":"tag-headlines","14":"tag-krievija","15":"tag-krievijas-iebrukums-ukraina","16":"tag-latest-news","17":"tag-latestnews","18":"tag-latvia","19":"tag-latvian","20":"tag-latviesu","21":"tag-latviesu-valoda","22":"tag-latviesuvaloda","23":"tag-latvija","24":"tag-lv","25":"tag-news","26":"tag-popularakas-zinas","27":"tag-popularakaszinas","28":"tag-top-stories","29":"tag-topstories","30":"tag-ukraina","31":"tag-zinas"},"share_on_mastodon":{"url":"https:\/\/pubeurope.com\/@lv\/115697041080902833","error":""},"_links":{"self":[{"href":"https:\/\/www.europesays.com\/lv\/wp-json\/wp\/v2\/posts\/71001","targetHints":{"allow":["GET"]}}],"collection":[{"href":"https:\/\/www.europesays.com\/lv\/wp-json\/wp\/v2\/posts"}],"about":[{"href":"https:\/\/www.europesays.com\/lv\/wp-json\/wp\/v2\/types\/post"}],"author":[{"embeddable":true,"href":"https:\/\/www.europesays.com\/lv\/wp-json\/wp\/v2\/users\/2"}],"replies":[{"embeddable":true,"href":"https:\/\/www.europesays.com\/lv\/wp-json\/wp\/v2\/comments?post=71001"}],"version-history":[{"count":0,"href":"https:\/\/www.europesays.com\/lv\/wp-json\/wp\/v2\/posts\/71001\/revisions"}],"wp:featuredmedia":[{"embeddable":true,"href":"https:\/\/www.europesays.com\/lv\/wp-json\/wp\/v2\/media\/71002"}],"wp:attachment":[{"href":"https:\/\/www.europesays.com\/lv\/wp-json\/wp\/v2\/media?parent=71001"}],"wp:term":[{"taxonomy":"category","embeddable":true,"href":"https:\/\/www.europesays.com\/lv\/wp-json\/wp\/v2\/categories?post=71001"},{"taxonomy":"post_tag","embeddable":true,"href":"https:\/\/www.europesays.com\/lv\/wp-json\/wp\/v2\/tags?post=71001"}],"curies":[{"name":"wp","href":"https:\/\/api.w.org\/{rel}","templated":true}]}}