{"id":71003,"date":"2025-12-10T19:58:11","date_gmt":"2025-12-10T19:58:11","guid":{"rendered":"https:\/\/www.europesays.com\/lv\/71003\/"},"modified":"2025-12-10T19:58:11","modified_gmt":"2025-12-10T19:58:11","slug":"ta-viss-krajas-kristine-jelinska-par-skirsanos-no-olega-fila","status":"publish","type":"post","link":"https:\/\/www.europesays.com\/lv\/71003\/","title":{"rendered":"&#8220;T\u0101 viss kr\u0101j\u0101s&#8221;, Krist\u012bne Jelinska par \u0161\u0137ir\u0161anos no O\u013cega Fi\u013ca"},"content":{"rendered":"<p><img decoding=\"async\" class=\"figure__image\" onclick=\"triggerEvent('articleImageClick', { id: 15996235, focus: 'single-image', focusIndex: '15996235' })\" onkeydown=\"if (event.key === 'Enter') {&#10;        triggerEvent('articleImageClick', { id: 15996235, focus: 'single-image', focusIndex: '15996235' })&#10;        }\" role=\"button\" tabindex=\"0\" data-focus-from=\"single-image\" data-focus-index=\"15996235\" src=\"https:\/\/www.europesays.com\/lv\/wp-content\/uploads\/2025\/12\/1765396689_306_15996235t1hacb6.jpg\"  onload=\"this.parentElement.classList.remove('figure__image-loading')\" alt=\"Krist\u012bne Jelinska\"\/>Krist\u012bne Jelinska Foto: J\u0101nis \u0160kapars\/TVNET GRUPA<\/p>\n<p>Krist\u012bne \u017eurn\u0101lam st\u0101sta, ka attiec\u012bb\u0101s jutusies nenov\u0113rt\u0113ta. &#8220;Biju\u0161ais v\u012brs mani finansi\u0101li nodro\u0161in\u0101ja, un es ieguld\u012bju \u0123imen\u0113 un \u0123imenes biznes\u0101, neko neprasot atpaka\u013c. Bet \u0161eit&#8230;<\/p>\n<blockquote class=\"quote ck-widget\" contenteditable=\"false\">\n<p>K\u0101 tev liekas, cik rei\u017eu septi\u0146u gadu laik\u0101 esmu sa\u0146\u0113musi dzim\u0161anas dienas d\u0101vanu? Vienu!<\/p>\n<\/blockquote>\n<p>Protams, O\u013cegs atceras, ka man ir dzim\u0161anas diena, bet neuzskata, ka tas ir svar\u012bgi,&#8221; st\u0101sta Jelinska.<\/p>\n<p>Krist\u012bne attiec\u012bbas ar O\u013cegu apraksta k\u0101 \u013coti lieti\u0161\u0137as. &#8220;M\u0113s bie\u017ei vien sazin\u0101j\u0101mies e-pastos, ar l\u012bmlapi\u0146\u0101m, darba sarakst\u0113. Iel\u016bgums uz restor\u0101nu vai ce\u013cojumu tika s\u016bt\u012bts save the date form\u0101t\u0101 e-past\u0101.&#8221;<\/p>\n<p><img decoding=\"async\" class=\"figure__image\" onclick=\"triggerEvent('articleImageClick', { id: 11414054, focus: 'single-image', focusIndex: '11414054' })\" onkeydown=\"if (event.key === 'Enter') {&#10;        triggerEvent('articleImageClick', { id: 11414054, focus: 'single-image', focusIndex: '11414054' })&#10;        }\" role=\"button\" tabindex=\"0\" data-focus-from=\"single-image\" data-focus-index=\"11414054\" src=\"https:\/\/www.europesays.com\/lv\/wp-content\/uploads\/2025\/12\/11414054t1hbef9.jpg\"  onload=\"this.parentElement.classList.remove('figure__image-loading')\" alt=\"Krist\u012bne Jelinska un O\u013cegs Fi\u013cs\"\/>Krist\u012bne Jelinska un O\u013cegs Fi\u013cs Foto: Publicit\u0101tes foto<\/p>\n<p>Vi\u0146a gan piebilst: &#8220;Ne jau aiz \u013cauna pr\u0101ta vi\u0146\u0161 t\u0101 dar\u012bja, t\u0101 ir vi\u0146a komunik\u0101cijas forma.<\/p>\n<blockquote class=\"quote ck-widget\" contenteditable=\"false\">\n<p>Bet es grib\u0113ju, lai pien\u0101k kl\u0101t, sam\u012b\u013co, sabu\u010do un pasaka: m\u012b\u013c\u0101, j\u016btu, ka tev vajag ar mani aizlidot uz Par\u012bzi!&#8221;<\/p>\n<\/blockquote>\n<p>Krist\u012bne st\u0101sta, ka attiec\u012bbu s\u0101kum\u0101 vi\u0146i devu\u0161ies vakari\u0146\u0101s, uz kino, ta\u010du p\u0113c tam sekoju\u0161i aizbildin\u0101jumi &#8211; t\u0101 ir laika t\u0113r\u0113\u0161ana, lab\u0101k pastr\u0101d\u0101sim. &#8220;T\u0101 viss kr\u0101j\u0101s un kr\u0101j\u0101s, l\u012bdz lik\u0101s: ko es te visp\u0101r daru?&#8221; skumji nosaka Krist\u012bne.<\/p>\n<p>Vair\u0101k lasi \u017eurn\u0101la <a target=\"_blank\" rel=\"noopener noreferrer nofollow\" href=\"https:\/\/www.santa.lv\">&#8220;Ieva&#8221;<\/a> 10. decembra numur\u0101!<\/p>\n","protected":false},"excerpt":{"rendered":"Krist\u012bne Jelinska Foto: J\u0101nis \u0160kapars\/TVNET GRUPA Krist\u012bne \u017eurn\u0101lam st\u0101sta, ka attiec\u012bb\u0101s jutusies nenov\u0113rt\u0113ta. &#8220;Biju\u0161ais v\u012brs mani finansi\u0101li nodro\u0161in\u0101ja,&hellip;\n","protected":false},"author":2,"featured_media":71004,"comment_status":"","ping_status":"","sticky":false,"template":"","format":"standard","meta":{"footnotes":""},"categories":[19],"tags":[89,90,13513,35,39,38,36,37,34,1429,40,13512,3434],"class_list":{"0":"post-71003","1":"post","2":"type-post","3":"status-publish","4":"format-standard","5":"has-post-thumbnail","7":"category-izklaide","8":"tag-entertainment","9":"tag-izklaide","10":"tag-kristine-jelinska","11":"tag-latvia","12":"tag-latvian","13":"tag-latviesu","14":"tag-latviesu-valoda","15":"tag-latviesuvaloda","16":"tag-latvija","17":"tag-latvijas-zurnali","18":"tag-lv","19":"tag-olegs-fils","20":"tag-skirsanas"},"share_on_mastodon":{"url":"https:\/\/pubeurope.com\/@lv\/115697045082884602","error":""},"_links":{"self":[{"href":"https:\/\/www.europesays.com\/lv\/wp-json\/wp\/v2\/posts\/71003","targetHints":{"allow":["GET"]}}],"collection":[{"href":"https:\/\/www.europesays.com\/lv\/wp-json\/wp\/v2\/posts"}],"about":[{"href":"https:\/\/www.europesays.com\/lv\/wp-json\/wp\/v2\/types\/post"}],"author":[{"embeddable":true,"href":"https:\/\/www.europesays.com\/lv\/wp-json\/wp\/v2\/users\/2"}],"replies":[{"embeddable":true,"href":"https:\/\/www.europesays.com\/lv\/wp-json\/wp\/v2\/comments?post=71003"}],"version-history":[{"count":0,"href":"https:\/\/www.europesays.com\/lv\/wp-json\/wp\/v2\/posts\/71003\/revisions"}],"wp:featuredmedia":[{"embeddable":true,"href":"https:\/\/www.europesays.com\/lv\/wp-json\/wp\/v2\/media\/71004"}],"wp:attachment":[{"href":"https:\/\/www.europesays.com\/lv\/wp-json\/wp\/v2\/media?parent=71003"}],"wp:term":[{"taxonomy":"category","embeddable":true,"href":"https:\/\/www.europesays.com\/lv\/wp-json\/wp\/v2\/categories?post=71003"},{"taxonomy":"post_tag","embeddable":true,"href":"https:\/\/www.europesays.com\/lv\/wp-json\/wp\/v2\/tags?post=71003"}],"curies":[{"name":"wp","href":"https:\/\/api.w.org\/{rel}","templated":true}]}}