{"id":71039,"date":"2025-12-10T20:57:10","date_gmt":"2025-12-10T20:57:10","guid":{"rendered":"https:\/\/www.europesays.com\/lv\/71039\/"},"modified":"2025-12-10T20:57:10","modified_gmt":"2025-12-10T20:57:10","slug":"video-jauns-levels-klausitaji-sajusma-par-ozola-jaunako-dziesmu","status":"publish","type":"post","link":"https:\/\/www.europesays.com\/lv\/71039\/","title":{"rendered":"VIDEO. \u201cJauns levels!\u201d Klaus\u012bt\u0101ji saj\u016bsm\u0101 par Ozola jaun\u0101ko dziesmu"},"content":{"rendered":"<p>    <img decoding=\"async\" src=\"https:\/\/www.europesays.com\/lv\/wp-content\/uploads\/2025\/12\/OZOLS_Foto-Armless-Birds-1024x681.jpg\" alt=\"&#10;\"\/><\/p>\n<p>20:18, 10. decembris 2025<\/p>\n<p>Ozols izdod singlu \u201cAust R\u012bts\u201d, kas iez\u012bm\u0113 jaunu ciklu m\u0101kslinieka karjer\u0101, un vienlaikus pazi\u0146o par koncertu \u201cCie\u0146a un m\u012blest\u012bba\u201d, kas notiks 2026. gada 5. decembr\u012b \u201cXiaomi Ar\u0113n\u0101\u201d, atz\u012bm\u0113jot 30 gadus uz skatuves.<\/p>\n<p>        Las\u012bt\u0101kie<br \/>\n        <a data-imagesrc=\"{&quot;300&quot;:&quot;https:\\\/\\\/lastatic.ams3.cdn.digitaloceanspaces.com\\\/2020\\\/11\\\/shutterstock_1626687511-300x200.jpg&quot;,&quot;768&quot;:&quot;https:\\\/\\\/lastatic.ams3.cdn.digitaloceanspaces.com\\\/2020\\\/11\\\/shutterstock_1626687511-768x513.jpg&quot;,&quot;200&quot;:&quot;https:\\\/\\\/lastatic.ams3.cdn.digitaloceanspaces.com\\\/2020\\\/11\\\/shutterstock_1626687511-200x134.jpg&quot;,&quot;400&quot;:&quot;https:\\\/\\\/lastatic.ams3.cdn.digitaloceanspaces.com\\\/2020\\\/11\\\/shutterstock_1626687511-400x267.jpg&quot;,&quot;500&quot;:&quot;https:\\\/\\\/lastatic.ams3.cdn.digitaloceanspaces.com\\\/2020\\\/11\\\/shutterstock_1626687511-500x334.jpg&quot;,&quot;800&quot;:&quot;https:\\\/\\\/lastatic.ams3.cdn.digitaloceanspaces.com\\\/2020\\\/11\\\/shutterstock_1626687511.jpg&quot;}\" data-focuspoint=\"&quot;&quot;\" data-p=\"2478680\" href=\"https:\/\/www.la.lv\/sis-4-zodiaka-zimes-vel-visu-atlikuso-decembri-bus-laimigas-tas-sagaidis-uzvaras-vien\" class=\"content-item lazy-load\" wp_automatic_readability=\"26\" rel=\"nofollow noopener\" target=\"_blank\"><\/p>\n<p>                                <img decoding=\"async\" src=\"\" alt=\"\" style=\"\" data-imageid=\"\"\/><\/p>\n<p>                                Kokteilis<\/p>\n<p>\n                                                \u0160\u012bs 4 zodiaka z\u012bmes v\u0113l visu atliku\u0161o decembri b\u016bs laim\u012bgas: t\u0101s sagaid\u012bs uzvaras vien\n                            <\/p>\n<p><\/a><a data-imagesrc=\"{&quot;300&quot;:&quot;https:\\\/\\\/lastatic.ams3.cdn.digitaloceanspaces.com\\\/2025\\\/12\\\/trump_30351-300x200.jpg&quot;,&quot;1024&quot;:&quot;https:\\\/\\\/lastatic.ams3.cdn.digitaloceanspaces.com\\\/2025\\\/12\\\/trump_30351-1024x683.jpg&quot;,&quot;1536&quot;:&quot;https:\\\/\\\/lastatic.ams3.cdn.digitaloceanspaces.com\\\/2025\\\/12\\\/trump_30351-1536x1024.jpg&quot;,&quot;500&quot;:&quot;https:\\\/\\\/lastatic.ams3.cdn.digitaloceanspaces.com\\\/2025\\\/12\\\/trump_30351-500x333.jpg&quot;,&quot;800&quot;:&quot;https:\\\/\\\/lastatic.ams3.cdn.digitaloceanspaces.com\\\/2025\\\/12\\\/trump_30351-800x533.jpg&quot;,&quot;2560&quot;:&quot;https:\\\/\\\/lastatic.ams3.cdn.digitaloceanspaces.com\\\/2025\\\/12\\\/trump_30351-scaled.jpg&quot;}\" data-focuspoint=\"&quot;&quot;\" data-p=\"2478851\" href=\"https:\/\/www.la.lv\/tramps-pazino-ukraina-zaude-karu\" class=\"content-item lazy-load\" wp_automatic_readability=\"26\" rel=\"nofollow noopener\" target=\"_blank\"><\/p>\n<p>                                <img decoding=\"async\" src=\"\" alt=\"\" style=\"\" data-imageid=\"\"\/><\/p>\n<p>\n                                                Tramps pazi\u0146o: Ukraina zaud\u0113 karu!\n                            <\/p>\n<p><\/a><a data-imagesrc=\"{&quot;300&quot;:&quot;https:\\\/\\\/lastatic.ams3.cdn.digitaloceanspaces.com\\\/2025\\\/12\\\/britain_germany_07510-300x200.jpg&quot;,&quot;1024&quot;:&quot;https:\\\/\\\/lastatic.ams3.cdn.digitaloceanspaces.com\\\/2025\\\/12\\\/britain_germany_07510-1024x682.jpg&quot;,&quot;1536&quot;:&quot;https:\\\/\\\/lastatic.ams3.cdn.digitaloceanspaces.com\\\/2025\\\/12\\\/britain_germany_07510-1536x1023.jpg&quot;,&quot;500&quot;:&quot;https:\\\/\\\/lastatic.ams3.cdn.digitaloceanspaces.com\\\/2025\\\/12\\\/britain_germany_07510-500x333.jpg&quot;,&quot;800&quot;:&quot;https:\\\/\\\/lastatic.ams3.cdn.digitaloceanspaces.com\\\/2025\\\/12\\\/britain_germany_07510-800x533.jpg&quot;,&quot;2560&quot;:&quot;https:\\\/\\\/lastatic.ams3.cdn.digitaloceanspaces.com\\\/2025\\\/12\\\/britain_germany_07510-scaled.jpg&quot;}\" data-focuspoint=\"&quot;&quot;\" data-p=\"2478768\" href=\"https:\/\/www.la.lv\/pat-ja-neesi-karaliskas-gimenes-apjusmotajs-sis-bus-interesanti-vinu-slepenie-celosanas-noteikumi\" class=\"content-item lazy-load\" wp_automatic_readability=\"27.5\" rel=\"nofollow noopener\" target=\"_blank\"><\/p>\n<p>                                <img decoding=\"async\" src=\"\" alt=\"\" style=\"\" data-imageid=\"\"\/><\/p>\n<p>                                Kokteilis<\/p>\n<p>                                            Pat, ja neesi karalisk\u0101s \u0123imenes apj\u016bsmot\u0101js, \u0161is b\u016bs interesanti \u2013 vi\u0146u slepenie ce\u013co\u0161anas noteikumi\n                            <\/p>\n<p><\/a><br \/>\n        <a class=\"read-more\" href=\"https:\/\/www.la.lv\/top\" rel=\"nofollow noopener\" target=\"_blank\">Las\u012bt citas zi\u0146as<\/a><\/p>\n<p>Dziesmas \u201cAust R\u012bts\u201d aizs\u0101kumi mekl\u0113jami 2025. gada august\u0101 Saulkrastu nometn\u0113, kur vien\u0101 no istab\u0101m b\u012btus rad\u012bja ilggad\u0113jais Ozola domubiedrs Nikl\u0101vz. P\u0113d\u0113j\u0101s desmitgades laik\u0101 Ozols un Nikl\u0101vz kop\u0101 rad\u012bju\u0161i virkni spilgtu ska\u0146darbu, tostarp \u201cSuperhaips\u201d, \u201cPavasaris\u201d, \u201cStils\u201d, \u201cPerson\u012bbas rekords\u201d, \u201cBr\u012bv\u012bbas iela\u201d, \u201cPazudu\u0161ais D\u0113ls\u201d un citus. <\/p>\n<p>Iesp\u0113l\u0113t instrumentus pal\u012bdz\u0113jis Kaspars Vizulis un b\u012btmeikers \u201cPre\u2019set\u201d.   Pie \u201cAust R\u012bts\u201d ieraksta un apstr\u0101des str\u0101d\u0101jis Arnis Ra\u010dinskis \u201cMute\u201d studij\u0101, bet formu un atsevi\u0161\u0137as nianses Ozols rad\u012bjis kop\u0101 ar M\u0101ri Zihmani (Elfs), k\u0101 ar\u012b dziesmas tap\u0161an\u0101 savu artavu devis Ritvars Garoza. <\/p>\n<p>    CITI \u0160OBR\u012aD LASA<\/p>\n<p>\u201cDziesmas video versija izveidota kop\u0101 ar \u201cArmless Birds\u201d rado\u0161o komandu \u2013 Ritvaru Stankevi\u010du un Art\u016bru Vanagu, ar ko kop\u0101 m\u0113s jau pirms nepilna gada uzfilm\u0113j\u0101m video klipu dziesmai \u201c150\u201d. Video versijas pamatb\u016bt\u012bb\u0101 tika izcelta eso\u0161\u0101 laikmeta straujais dz\u012bves ritms un ikdieni\u0161\u0137o atkar\u012bbu pieradumi, kas br\u012b\u017eiem var k\u013c\u016bt par trauc\u0113kli ce\u013c\u0101 uz sevis piepild\u012b\u0161anu. <\/p>\n<p>Tas ir simbolisks st\u0101sts par il\u016bzij\u0101m, ko rad\u0101m sev pa\u0161i, un par iek\u0161\u0113jo dz\u012bves ritmu, kas nereti nesakr\u012bt ar \u0101rpasaules pras\u012bb\u0101m. Klipa vizu\u0101lais risin\u0101jums balans\u0113 starp realit\u0101ti un metaforu, sakot skat\u012bt\u0101jam priek\u0161\u0101 nevis atbildes, bet saj\u016btas,\u201d atkl\u0101j Ozols.<\/p>\n<p>L\u012bdz ar jauno singlu Ozols izsludina ar\u012b koncertu \u201cCie\u0146a un m\u012blest\u012bba\u201d. 2026. gada 5. decembr\u012b Ozols k\u0101ps uz \u201cXiaomi Ar\u0113nas\u201d skatuves ar programmu, kas apvienos tr\u012bsdesmit gadu pieredzi, klasiskos hitus un jaun\u0101kos darbus. Tas sol\u0101s b\u016bt ne tikai koncerts, bet viena laikmeta nosl\u0113guma un n\u0101kam\u0101 s\u0101kuma sv\u0113tki.<\/p>\n<p>\u201cMans pirmais ar\u0113nas koncerts 2023. gada nogal\u0113 bija milz\u012bgs emocion\u0101ls piedz\u012bvojums \u2014 ska\u013cas ov\u0101cijas, spilgtas atmi\u0146as un saj\u016bta, ka auditorija mani pace\u013c v\u0113l augst\u0101k. 2026. gads man ir \u012bpa\u0161s \u2014 pirms 30 gadiem akt\u012bvi s\u0101k\u0101m koncert\u0113t ar 1995. gad\u0101 kop\u0101 ar domubiedriem izveidoto grupu FACT, bet 2001. gada pavasar\u012b izn\u0101ca mans debijas albums \u201cCie\u0146a un M\u012blest\u012bba\u201d, pirmais pilnmetr\u0101\u017eas repa albums latvie\u0161u valod\u0101. <\/p>\n<p>Dziesmas no t\u0101 skan joproj\u0101m \u2014 ska\u013c\u0101k\u0101, protams, ir \u201cRajons\u201d,\u201d st\u0101sta Ozols. Tie\u0161i \u0161o karjeras posmu m\u0101kslinieks v\u0113las godin\u0101t jaunaj\u0101 ar\u0113nas koncert\u0101, atskatoties uz ce\u013cojumu, kas aizs\u0101k\u0101s pirms trim desmitgad\u0113m un turpin\u0101s l\u012bdz pat \u0161odienai.<\/p>\n<p>Jauno dziesmu \u201cYouTube\u201d noklaus\u012bju\u0161ies jau vair\u0101k nek\u0101 tr\u012bs t\u016bksto\u0161i cilv\u0113ku. Koment\u0101ru sada\u013c\u0101 klaus\u012bt\u0101ji neskopojas ar uzslav\u0101m un atzin\u012bgi v\u0113rt\u0113 m\u016bzi\u0137a jauno sniegumu: \u201cOzols \u2013 dz\u012bv\u0101 le\u0123enda\u201d, \u201cJauns levels\u201d, \u201cLabs gabals.\u201d<\/p>\n<p>Klausies jauno dziesmu un skaties video \u0161eit:<\/p>\n<p>T\u0113mas<\/p>\n<p>    SAIST\u012aTIE RAKSTI<\/p>\n","protected":false},"excerpt":{"rendered":"20:18, 10. decembris 2025 Ozols izdod singlu \u201cAust R\u012bts\u201d, kas iez\u012bm\u0113 jaunu ciklu m\u0101kslinieka karjer\u0101, un vienlaikus pazi\u0146o&hellip;\n","protected":false},"author":2,"featured_media":71040,"comment_status":"","ping_status":"","sticky":false,"template":"","format":"standard","meta":{"footnotes":""},"categories":[5],"tags":[23,28,29,32,33,22,30,31,35,39,38,36,37,34,40,20,26,27,24,25,21],"class_list":{"0":"post-71039","1":"post","2":"type-post","3":"status-publish","4":"format-standard","5":"has-post-thumbnail","7":"category-aktualitates","8":"tag-aktualitates","9":"tag-breaking-news","10":"tag-breakingnews","11":"tag-featured-news","12":"tag-featurednews","13":"tag-headlines","14":"tag-latest-news","15":"tag-latestnews","16":"tag-latvia","17":"tag-latvian","18":"tag-latviesu","19":"tag-latviesu-valoda","20":"tag-latviesuvaloda","21":"tag-latvija","22":"tag-lv","23":"tag-news","24":"tag-popularakas-zinas","25":"tag-popularakaszinas","26":"tag-top-stories","27":"tag-topstories","28":"tag-zinas"},"share_on_mastodon":{"url":"https:\/\/pubeurope.com\/@lv\/115697276998722579","error":""},"_links":{"self":[{"href":"https:\/\/www.europesays.com\/lv\/wp-json\/wp\/v2\/posts\/71039","targetHints":{"allow":["GET"]}}],"collection":[{"href":"https:\/\/www.europesays.com\/lv\/wp-json\/wp\/v2\/posts"}],"about":[{"href":"https:\/\/www.europesays.com\/lv\/wp-json\/wp\/v2\/types\/post"}],"author":[{"embeddable":true,"href":"https:\/\/www.europesays.com\/lv\/wp-json\/wp\/v2\/users\/2"}],"replies":[{"embeddable":true,"href":"https:\/\/www.europesays.com\/lv\/wp-json\/wp\/v2\/comments?post=71039"}],"version-history":[{"count":0,"href":"https:\/\/www.europesays.com\/lv\/wp-json\/wp\/v2\/posts\/71039\/revisions"}],"wp:featuredmedia":[{"embeddable":true,"href":"https:\/\/www.europesays.com\/lv\/wp-json\/wp\/v2\/media\/71040"}],"wp:attachment":[{"href":"https:\/\/www.europesays.com\/lv\/wp-json\/wp\/v2\/media?parent=71039"}],"wp:term":[{"taxonomy":"category","embeddable":true,"href":"https:\/\/www.europesays.com\/lv\/wp-json\/wp\/v2\/categories?post=71039"},{"taxonomy":"post_tag","embeddable":true,"href":"https:\/\/www.europesays.com\/lv\/wp-json\/wp\/v2\/tags?post=71039"}],"curies":[{"name":"wp","href":"https:\/\/api.w.org\/{rel}","templated":true}]}}