{"id":71043,"date":"2025-12-10T21:01:08","date_gmt":"2025-12-10T21:01:08","guid":{"rendered":"https:\/\/www.europesays.com\/lv\/71043\/"},"modified":"2025-12-10T21:01:08","modified_gmt":"2025-12-10T21:01:08","slug":"eiropas-un-asv-lideri-apspriez-ukrainas-jautajumu","status":"publish","type":"post","link":"https:\/\/www.europesays.com\/lv\/71043\/","title":{"rendered":"Eiropas un ASV l\u012bderi apsprie\u017e Ukrainas jaut\u0101jumu"},"content":{"rendered":"<p class=\"descr\">Francijas, Lielbrit\u0101nijas un V\u0101cijas l\u012bderi tre\u0161dien ar ASV prezidentu Donaldu Trampu apsprieda Ukrainas jaut\u0101jumu, lai &#8220;m\u0113\u0123in\u0101tu virz\u012bties uz priek\u0161u&#8221;, pazi\u0146oja Francijas prezidents Emanuels Makrons.<\/p>\n<p>Saruna ilga 40 min\u016btes.<\/p>\n<p>Telefonsarun\u0101 piedal\u012bj\u0101s Lielbrit\u0101nijas premjerministrs <a href=\"https:\/\/nra.lv\/birka\/kirs-starmers\/\" target=\"_blank\" rel=\"noopener nofollow\">K\u012brs St\u0101rmers<\/a> un V\u0101cijas kanclers <a href=\"https:\/\/nra.lv\/birka\/fridrihs-mercs\/\" target=\"_blank\" rel=\"noopener nofollow\">Fr\u012bdrihs Mercs,<\/a> pazi\u0146oja Elizejas pils.<\/p>\n<p>Ceturtdien Ukrainas sabiedroto l\u012bderiem b\u016bs saruna videokonferences re\u017e\u012bm\u0101.<\/p>\n<p>Pirmdien Ukrainas sabiedrotie Eirop\u0101 apliecin\u0101ja atbalstu Ukrainas prezidentam Volodimiram Zelenskim, vienlaikus pau\u017eot skepsi par da\u017e\u0101m jaun\u0101k\u0101 ASV priek\u0161likuma da\u013c\u0101m.<\/p>\n<p>\t\t\t\t\t\tinfo<\/p>\n<p>Uzzini pirmais<br \/>kas interesants noticis Latvij\u0101 un pasaul\u0113,<br \/>pievienojoties mums <a href=\"https:\/\/t.me\/neatkariga\" rel=\"nofollow\">Telegram<\/a> vai <a href=\"https:\/\/whatsapp.com\/channel\/0029VaMLFUH5K3zLU5s4wm3y\" rel=\"nofollow noopener\" target=\"_blank\">Whatsapp<\/a> kan\u0101l\u0101<\/p>\n","protected":false},"excerpt":{"rendered":"Francijas, Lielbrit\u0101nijas un V\u0101cijas l\u012bderi tre\u0161dien ar ASV prezidentu Donaldu Trampu apsprieda Ukrainas jaut\u0101jumu, lai &#8220;m\u0113\u0123in\u0101tu virz\u012bties uz&hellip;\n","protected":false},"author":2,"featured_media":71044,"comment_status":"","ping_status":"","sticky":false,"template":"","format":"standard","meta":{"footnotes":""},"categories":[14],"tags":[23,57,28,29,32,33,22,30,31,35,39,38,36,37,34,40,20,26,27,24,25,54,55,56,21,58],"class_list":{"0":"post-71043","1":"post","2":"type-post","3":"status-publish","4":"format-standard","5":"has-post-thumbnail","7":"category-zinas-no-arvalstim","8":"tag-aktualitates","9":"tag-arvalstim","10":"tag-breaking-news","11":"tag-breakingnews","12":"tag-featured-news","13":"tag-featurednews","14":"tag-headlines","15":"tag-latest-news","16":"tag-latestnews","17":"tag-latvia","18":"tag-latvian","19":"tag-latviesu","20":"tag-latviesu-valoda","21":"tag-latviesuvaloda","22":"tag-latvija","23":"tag-lv","24":"tag-news","25":"tag-popularakas-zinas","26":"tag-popularakaszinas","27":"tag-top-stories","28":"tag-topstories","29":"tag-world","30":"tag-world-news","31":"tag-worldnews","32":"tag-zinas","33":"tag-zinas-no-arvalstim"},"share_on_mastodon":{"url":"https:\/\/pubeurope.com\/@lv\/115697292707659683","error":""},"_links":{"self":[{"href":"https:\/\/www.europesays.com\/lv\/wp-json\/wp\/v2\/posts\/71043","targetHints":{"allow":["GET"]}}],"collection":[{"href":"https:\/\/www.europesays.com\/lv\/wp-json\/wp\/v2\/posts"}],"about":[{"href":"https:\/\/www.europesays.com\/lv\/wp-json\/wp\/v2\/types\/post"}],"author":[{"embeddable":true,"href":"https:\/\/www.europesays.com\/lv\/wp-json\/wp\/v2\/users\/2"}],"replies":[{"embeddable":true,"href":"https:\/\/www.europesays.com\/lv\/wp-json\/wp\/v2\/comments?post=71043"}],"version-history":[{"count":0,"href":"https:\/\/www.europesays.com\/lv\/wp-json\/wp\/v2\/posts\/71043\/revisions"}],"wp:featuredmedia":[{"embeddable":true,"href":"https:\/\/www.europesays.com\/lv\/wp-json\/wp\/v2\/media\/71044"}],"wp:attachment":[{"href":"https:\/\/www.europesays.com\/lv\/wp-json\/wp\/v2\/media?parent=71043"}],"wp:term":[{"taxonomy":"category","embeddable":true,"href":"https:\/\/www.europesays.com\/lv\/wp-json\/wp\/v2\/categories?post=71043"},{"taxonomy":"post_tag","embeddable":true,"href":"https:\/\/www.europesays.com\/lv\/wp-json\/wp\/v2\/tags?post=71043"}],"curies":[{"name":"wp","href":"https:\/\/api.w.org\/{rel}","templated":true}]}}