{"id":71055,"date":"2025-12-10T21:13:09","date_gmt":"2025-12-10T21:13:09","guid":{"rendered":"https:\/\/www.europesays.com\/lv\/71055\/"},"modified":"2025-12-10T21:13:09","modified_gmt":"2025-12-10T21:13:09","slug":"islande-nolemusi-boikotet-eiroviziju","status":"publish","type":"post","link":"https:\/\/www.europesays.com\/lv\/71055\/","title":{"rendered":"Islande nol\u0113musi boikot\u0113t Eirov\u012bziju"},"content":{"rendered":"<p>\u012arija, N\u012bderlande, Slov\u0113nija un Sp\u0101nija pag\u0101ju\u0161aj\u0101 ned\u0113\u013c\u0101 pazi\u0146oja Eiropas Raidorganiz\u0101ciju savien\u012bbai (EBU), ka t\u0101s nepiedal\u012bsies konkurs\u0101, l\u0113mumu darot zin\u0101mu p\u0113c tam, kad organizatori bija nol\u0113mu\u0161i \u013caut konkurs\u0101 piedal\u012bties Izra\u0113lai.<\/p>\n<p>Lai pie\u0146emtu savu l\u0113mumu, Islandes raidorganiz\u0101cijas valde tik\u0101s tre\u0161dien.<\/p>\n<p>P\u0113c t\u0101s nosl\u0113guma raidorganiz\u0101cija pazi\u0146ojum\u0101 nor\u0101d\u012bja, ka &#8220;\u0146emot v\u0113r\u0101 sabiedrisk\u0101s debates \u0161aj\u0101 valst\u012b, ir skaidrs, ka saist\u012bb\u0101 ar RUV dal\u012bbu Eirov\u012bzij\u0101 neb\u016bs ne prieka, nedz miera&#8221;.<\/p>\n<p>&#8220;T\u0101p\u0113c RUV \u0161odien ir nol\u0113musi pazi\u0146ot EBU, ka RUV n\u0101kamgad Eirov\u012bzij\u0101 nepiedal\u012bsies,&#8221; teikts pazi\u0146ojum\u0101.<\/p>\n<p>Pag\u0101ju\u0161aj\u0101 ned\u0113\u013c\u0101 EBU san\u0101ca uz \u0123ener\u0101l\u0101s asamblejas san\u0101ksmi, lai apspriestu ba\u017eas par Izra\u0113las dal\u012bbu.<\/p>\n<p>Rea\u0123\u0113jot uz aps\u016bdz\u012bb\u0101m, ka Izra\u0113la manipul\u0113jusi ar balsojumu par labu saviem dal\u012bbniekiem, EBU locek\u013ci nobalsoja par stingr\u0101kiem konkursa balso\u0161anas noteikumiem, bet nesp\u0113ra nek\u0101dus so\u013cus, lai k\u0101du raidorganiz\u0101ciju izsl\u0113gtu no konkursa.<\/p>\n<p>Tre\u0161dien bija p\u0113d\u0113j\u0101 diena, kad valstu raidorganiz\u0101cij\u0101m bija j\u0101pazi\u0146o, vai t\u0101s pl\u0101no piedal\u012bties konkurs\u0101.<\/p>\n<p>Gal\u012bgais konkursa valstu saraksts tiks public\u0113ts pirms Ziemassv\u0113tkiem, apliecin\u0101ja EBU.<\/p>\n","protected":false},"excerpt":{"rendered":"\u012arija, N\u012bderlande, Slov\u0113nija un Sp\u0101nija pag\u0101ju\u0161aj\u0101 ned\u0113\u013c\u0101 pazi\u0146oja Eiropas Raidorganiz\u0101ciju savien\u012bbai (EBU), ka t\u0101s nepiedal\u012bsies konkurs\u0101, l\u0113mumu darot&hellip;\n","protected":false},"author":2,"featured_media":71056,"comment_status":"","ping_status":"","sticky":false,"template":"","format":"standard","meta":{"footnotes":""},"categories":[14],"tags":[23,57,28,29,492,32,33,22,18159,30,31,35,39,38,36,37,34,40,20,26,27,24,25,54,55,56,21,58],"class_list":{"0":"post-71055","1":"post","2":"type-post","3":"status-publish","4":"format-standard","5":"has-post-thumbnail","7":"category-zinas-no-arvalstim","8":"tag-aktualitates","9":"tag-arvalstim","10":"tag-breaking-news","11":"tag-breakingnews","12":"tag-eirovizija","13":"tag-featured-news","14":"tag-featurednews","15":"tag-headlines","16":"tag-islande","17":"tag-latest-news","18":"tag-latestnews","19":"tag-latvia","20":"tag-latvian","21":"tag-latviesu","22":"tag-latviesu-valoda","23":"tag-latviesuvaloda","24":"tag-latvija","25":"tag-lv","26":"tag-news","27":"tag-popularakas-zinas","28":"tag-popularakaszinas","29":"tag-top-stories","30":"tag-topstories","31":"tag-world","32":"tag-world-news","33":"tag-worldnews","34":"tag-zinas","35":"tag-zinas-no-arvalstim"},"share_on_mastodon":{"url":"https:\/\/pubeurope.com\/@lv\/115697339843043832","error":""},"_links":{"self":[{"href":"https:\/\/www.europesays.com\/lv\/wp-json\/wp\/v2\/posts\/71055","targetHints":{"allow":["GET"]}}],"collection":[{"href":"https:\/\/www.europesays.com\/lv\/wp-json\/wp\/v2\/posts"}],"about":[{"href":"https:\/\/www.europesays.com\/lv\/wp-json\/wp\/v2\/types\/post"}],"author":[{"embeddable":true,"href":"https:\/\/www.europesays.com\/lv\/wp-json\/wp\/v2\/users\/2"}],"replies":[{"embeddable":true,"href":"https:\/\/www.europesays.com\/lv\/wp-json\/wp\/v2\/comments?post=71055"}],"version-history":[{"count":0,"href":"https:\/\/www.europesays.com\/lv\/wp-json\/wp\/v2\/posts\/71055\/revisions"}],"wp:featuredmedia":[{"embeddable":true,"href":"https:\/\/www.europesays.com\/lv\/wp-json\/wp\/v2\/media\/71056"}],"wp:attachment":[{"href":"https:\/\/www.europesays.com\/lv\/wp-json\/wp\/v2\/media?parent=71055"}],"wp:term":[{"taxonomy":"category","embeddable":true,"href":"https:\/\/www.europesays.com\/lv\/wp-json\/wp\/v2\/categories?post=71055"},{"taxonomy":"post_tag","embeddable":true,"href":"https:\/\/www.europesays.com\/lv\/wp-json\/wp\/v2\/tags?post=71055"}],"curies":[{"name":"wp","href":"https:\/\/api.w.org\/{rel}","templated":true}]}}