{"id":71123,"date":"2025-12-11T00:39:09","date_gmt":"2025-12-11T00:39:09","guid":{"rendered":"https:\/\/www.europesays.com\/lv\/71123\/"},"modified":"2025-12-11T00:39:09","modified_gmt":"2025-12-11T00:39:09","slug":"par-interneta-sensaciju-klust-kadas-ligavas-histeriskais-video-kazu-diena-visa-pamata","status":"publish","type":"post","link":"https:\/\/www.europesays.com\/lv\/71123\/","title":{"rendered":"Par interneta sens\u0101ciju k\u013c\u016bst k\u0101das l\u012bgavas hist\u0113riskais video k\u0101zu dien\u0101. Visa pamat\u0101"},"content":{"rendered":"<p>K\u0101 vietn\u0113 &#8220;TikTok&#8221; nor\u0101da sieviete, nepat\u012bkamie notikumi risin\u0101j\u0101s 22. novembr\u012b Soltleiksitij\u0101, J\u016btas \u0161tat\u0101, dien\u0101, kad vi\u0146a apprec\u0113ja savu m\u016b\u017ea m\u012blest\u012bbu Nikolasu. Video, kas skat\u012bts vair\u0101k nek\u0101 700 t\u016bksto\u0161u rei\u017eu, sieviete nor\u0101da, ka stundu p\u0113c laul\u012bbu ceremonijas vi\u0146a uzzin\u0101ja, ka bazn\u012bc\u0101 uzdarbojies garnadzis &#8211; vi\u0146as v\u012bram bija nozagts maks un citas person\u012bg\u0101s mantas. Situ\u0101ciju dramatisk\u0101ku padar\u012bja tas, ka v\u012brie\u0161a mak\u0101 atrad\u0101s k\u0101da \u013coti pikanta Abigeilas fotogr\u0101fija.<\/p>\n","protected":false},"excerpt":{"rendered":"K\u0101 vietn\u0113 &#8220;TikTok&#8221; nor\u0101da sieviete, nepat\u012bkamie notikumi risin\u0101j\u0101s 22. novembr\u012b Soltleiksitij\u0101, J\u016btas \u0161tat\u0101, dien\u0101, kad vi\u0146a apprec\u0113ja savu&hellip;\n","protected":false},"author":2,"featured_media":71124,"comment_status":"","ping_status":"","sticky":false,"template":"","format":"standard","meta":{"footnotes":""},"categories":[5],"tags":[23,28,29,32,33,22,30,31,35,39,38,36,37,34,40,20,26,27,24,25,21],"class_list":{"0":"post-71123","1":"post","2":"type-post","3":"status-publish","4":"format-standard","5":"has-post-thumbnail","7":"category-aktualitates","8":"tag-aktualitates","9":"tag-breaking-news","10":"tag-breakingnews","11":"tag-featured-news","12":"tag-featurednews","13":"tag-headlines","14":"tag-latest-news","15":"tag-latestnews","16":"tag-latvia","17":"tag-latvian","18":"tag-latviesu","19":"tag-latviesu-valoda","20":"tag-latviesuvaloda","21":"tag-latvija","22":"tag-lv","23":"tag-news","24":"tag-popularakas-zinas","25":"tag-popularakaszinas","26":"tag-top-stories","27":"tag-topstories","28":"tag-zinas"},"share_on_mastodon":{"url":"https:\/\/pubeurope.com\/@lv\/115698149837894233","error":""},"_links":{"self":[{"href":"https:\/\/www.europesays.com\/lv\/wp-json\/wp\/v2\/posts\/71123","targetHints":{"allow":["GET"]}}],"collection":[{"href":"https:\/\/www.europesays.com\/lv\/wp-json\/wp\/v2\/posts"}],"about":[{"href":"https:\/\/www.europesays.com\/lv\/wp-json\/wp\/v2\/types\/post"}],"author":[{"embeddable":true,"href":"https:\/\/www.europesays.com\/lv\/wp-json\/wp\/v2\/users\/2"}],"replies":[{"embeddable":true,"href":"https:\/\/www.europesays.com\/lv\/wp-json\/wp\/v2\/comments?post=71123"}],"version-history":[{"count":0,"href":"https:\/\/www.europesays.com\/lv\/wp-json\/wp\/v2\/posts\/71123\/revisions"}],"wp:featuredmedia":[{"embeddable":true,"href":"https:\/\/www.europesays.com\/lv\/wp-json\/wp\/v2\/media\/71124"}],"wp:attachment":[{"href":"https:\/\/www.europesays.com\/lv\/wp-json\/wp\/v2\/media?parent=71123"}],"wp:term":[{"taxonomy":"category","embeddable":true,"href":"https:\/\/www.europesays.com\/lv\/wp-json\/wp\/v2\/categories?post=71123"},{"taxonomy":"post_tag","embeddable":true,"href":"https:\/\/www.europesays.com\/lv\/wp-json\/wp\/v2\/tags?post=71123"}],"curies":[{"name":"wp","href":"https:\/\/api.w.org\/{rel}","templated":true}]}}