{"id":71163,"date":"2025-12-11T02:28:07","date_gmt":"2025-12-11T02:28:07","guid":{"rendered":"https:\/\/www.europesays.com\/lv\/71163\/"},"modified":"2025-12-11T02:28:07","modified_gmt":"2025-12-11T02:28:07","slug":"homo-novus-30-gadu-jubilejas-izdevums-celvedis-laikmetiga-teatra-nakotne-lente-lv","status":"publish","type":"post","link":"https:\/\/www.europesays.com\/lv\/71163\/","title":{"rendered":"Homo Novus 30 Gadu Jubilejas Izdevums: Ce\u013cvedis Laikmet\u012bg\u0101 Te\u0101tra N\u0101kotn\u0113\u00a0\u2014\u00a0Lente.lv"},"content":{"rendered":"<p>Homo Novus 30 Gadu Jubilejas Izdevums: Ce\u013cvedis N\u0101kotnes Te\u0101trim<\/p>\n<p>Apg\u0101ds Neputns sadarb\u012bb\u0101 ar Latvijas Jaun\u0101 te\u0101tra instit\u016btu ir laidis klaj\u0101 iespaid\u012bgu, bilingv\u0101lu izdevumu \u2013 \u00abHomo Novus gr\u0101mata \/ The Book of Homo Novus\u00bb. \u0160\u012b gr\u0101mata ne tikai atz\u012bm\u0113 starptautisk\u0101 jaun\u0101 te\u0101tra festiv\u0101la Homo Novus 30 gadu jubileju, bet ar\u012b kalpo k\u0101 v\u0113rt\u012bgs ce\u013cvedis un iedvesmas avots diskusij\u0101m par laikmet\u012bg\u0101 te\u0101tra n\u0101kotni. T\u0101 ir nevis vienk\u0101r\u0161a atskat\u012b\u0161an\u0101s pag\u0101tn\u0113, bet gan tilts uz r\u012btdienas m\u0101kslas noris\u0113m.<\/p>\n<p>Gundega Laivi\u0146a, izdevuma sast\u0101d\u012bt\u0101ja un redaktore, uzsver, ka tr\u012bs desmitgades un divdesmit festiv\u0101la programmas ir veidoju\u0161as un sl\u012bp\u0113ju\u0161as iev\u0113rojamu zin\u0101\u0161anu, piered\u017eu un prak\u0161u kopumu, kas akt\u012bvi ietekm\u0113 un bag\u0101tina Latvijas te\u0101tra ainavu. \u0160is izdevums aptver pla\u0161u t\u0113mu loku, s\u0101kot ar \u012bpa\u0161vietas, dokument\u0101ro un koprad\u012bto te\u0101tri, un beidzot ar aktu\u0101liem jaut\u0101jumiem par ekolo\u0123iju, cilv\u0113kties\u012bb\u0101m un piek\u013c\u016bstam\u012bbu.<\/p>\n<p>Vair\u0101k Nek\u0101 Tikai Gr\u0101mata: Teorijas un Prakses Sint\u0113ze<\/p>\n<p>\u00abHomo Novus gr\u0101mata\u00bb ir vair\u0101k nek\u0101 50 autoru \u2013 festiv\u0101la m\u0101kslinieku, veidot\u0101ju un dal\u012bbnieku \u2013 kopdarbs. Taj\u0101 dal\u012bta bag\u0101t\u012bga pieredze, atmi\u0146as un liec\u012bbas par festiv\u0101la norisi, k\u0101 ar\u012b izvirz\u012bti b\u016btiski teor\u0113tiski jaut\u0101jumi un n\u0101kotnes te\u0101tra idejas. Gr\u0101mata pied\u0101v\u0101 l\u012bdz \u0161im nepublic\u0113tus tekstus un att\u0113lus, kas aicina skat\u012bties n\u0101kotn\u0113, integr\u0113jot gan teor\u0113tisko diskursu, gan festiv\u0101la kvantitat\u012bvo un emocion\u0101lo arh\u012bvu \u2013 liec\u012bbas, pieredzes st\u0101stus un \u0123eogr\u0101fiju.<\/p>\n<p>Izdevums izce\u013cas ar savu unik\u0101lo starpdisciplin\u0101ro un starptautisko raksturu, kas pal\u012bdz Latvijai un latvie\u0161u valodai iek\u013cauties glob\u0101laj\u0101 sarun\u0101 par laikmet\u012bgo te\u0101tri un festiv\u0101lu kult\u016bru. T\u0101 m\u0113r\u0137is ir ne tikai godin\u0101t pag\u0101tni, bet ar\u012b, balstoties 30 gadu pieredz\u0113, sal\u0101got paveikto ar n\u0101kotnes tendenc\u0113m. Gr\u0101mata piev\u0113r\u0161as t\u0101d\u0101m jom\u0101m k\u0101 jaunas te\u0101tra valodas, telpas un skat\u012bt\u0101ja att\u012bst\u012bba, k\u0101 ar\u012b ar te\u0101tra produc\u0113\u0161anu saist\u012bti \u0113tiskas dabas jaut\u0101jumi, kas Latvijas kult\u016brtelp\u0101 l\u012bdz \u0161im nav sa\u0146\u0113mu\u0161i pietiekamu uzman\u012bbu.<\/p>\n<p>Festiv\u0101la V\u0113sture un N\u0101kotnes Virzieni<\/p>\n<p>Kop\u0161 1995. gada dibin\u0101tais starptautiskais jaun\u0101 te\u0101tra festiv\u0101ls Homo Novus ir sp\u0113jis p\u0101rdefin\u0113t te\u0101tra att\u012bst\u012bbas trajektorijas un rad\u012bjis platformu m\u016bsu te\u0101tra kopienas dal\u012bbai starptautisk\u0101 ideju apmai\u0146\u0101. Gr\u0101mata apkopo tendences, dom\u0101\u0161anas un rad\u012b\u0161anas paradigmas, kas, iesp\u0113jams, nav atradu\u0161as vietu citos Latvijas te\u0101tra v\u0113sturei velt\u012btos izdevumos, \u012bpa\u0161i tos, kas fokus\u0113jas uz tradicion\u0101lo repertu\u0101rte\u0101tri.<\/p>\n<p>\u0160\u012b gr\u0101mata ir aicin\u0101jums uz akt\u012bvu dom\u0101\u0161anas procesu un sarunu par r\u012btdienas te\u0101tri, apl\u016bkojot festiv\u0101lu k\u0101 b\u016btisku form\u0101tu t\u0101 nep\u0101rtrauktai att\u012bst\u012bbai. T\u0101 ir k\u0101 rokasgr\u0101mata, kas rosina izprast un veidot te\u0101tra n\u0101kotni.<\/p>\n<p>Pieejam\u012bba un Ieg\u0101de<\/p>\n<p>\u00abHomo Novus gr\u0101mata \/ The Book of Homo Novus\u00bb ir pieejama ieg\u0101dei Latvijas Jaun\u0101 te\u0101tra instit\u016bta biroj\u0101 (Miera iel\u0101 39-2, sazinoties iepriek\u0161 pa e-pastu contact@theatre.lv vai zvanot (+371) 26186631), k\u0101 ar\u012b apg\u0101da Neputns galerij\u0101 (T\u0113rbatas iel\u0101 49\/51) un tie\u0161saist\u0113 www.neputns.lv. Gr\u0101matas cena ir 30 eiro.<\/p>\n<p>Tiem, kuri v\u0113las kl\u0101tien\u0113 iepaz\u012bties ar \u0161o noz\u012bm\u012bgo izdevumu, tiek pied\u0101v\u0101ta iesp\u0113ja apmekl\u0113t gr\u0101matas atv\u0113r\u0161anas pas\u0101kumu, kas notiks 2025. gada 15. decembr\u012b plkst. 18:00 galerij\u0101 \u00abIstaba\u00bb.<\/p>\n","protected":false},"excerpt":{"rendered":"Homo Novus 30 Gadu Jubilejas Izdevums: Ce\u013cvedis N\u0101kotnes Te\u0101trim Apg\u0101ds Neputns sadarb\u012bb\u0101 ar Latvijas Jaun\u0101 te\u0101tra instit\u016btu ir&hellip;\n","protected":false},"author":2,"featured_media":71164,"comment_status":"","ping_status":"","sticky":false,"template":"","format":"standard","meta":{"footnotes":""},"categories":[19],"tags":[89,1601,90,18180,35,39,38,36,37,34,17989,40,3499,18179],"class_list":{"0":"post-71163","1":"post","2":"type-post","3":"status-publish","4":"format-standard","5":"has-post-thumbnail","7":"category-izklaide","8":"tag-entertainment","9":"tag-homo-novus","10":"tag-izklaide","11":"tag-jaunais-teatris","12":"tag-latvia","13":"tag-latvian","14":"tag-latviesu","15":"tag-latviesu-valoda","16":"tag-latviesuvaloda","17":"tag-latvija","18":"tag-latvijas-jauna-teatra-instituts","19":"tag-lv","20":"tag-neputns","21":"tag-teatra-festivals"},"share_on_mastodon":{"url":"https:\/\/pubeurope.com\/@lv\/115698578427903472","error":""},"_links":{"self":[{"href":"https:\/\/www.europesays.com\/lv\/wp-json\/wp\/v2\/posts\/71163","targetHints":{"allow":["GET"]}}],"collection":[{"href":"https:\/\/www.europesays.com\/lv\/wp-json\/wp\/v2\/posts"}],"about":[{"href":"https:\/\/www.europesays.com\/lv\/wp-json\/wp\/v2\/types\/post"}],"author":[{"embeddable":true,"href":"https:\/\/www.europesays.com\/lv\/wp-json\/wp\/v2\/users\/2"}],"replies":[{"embeddable":true,"href":"https:\/\/www.europesays.com\/lv\/wp-json\/wp\/v2\/comments?post=71163"}],"version-history":[{"count":0,"href":"https:\/\/www.europesays.com\/lv\/wp-json\/wp\/v2\/posts\/71163\/revisions"}],"wp:featuredmedia":[{"embeddable":true,"href":"https:\/\/www.europesays.com\/lv\/wp-json\/wp\/v2\/media\/71164"}],"wp:attachment":[{"href":"https:\/\/www.europesays.com\/lv\/wp-json\/wp\/v2\/media?parent=71163"}],"wp:term":[{"taxonomy":"category","embeddable":true,"href":"https:\/\/www.europesays.com\/lv\/wp-json\/wp\/v2\/categories?post=71163"},{"taxonomy":"post_tag","embeddable":true,"href":"https:\/\/www.europesays.com\/lv\/wp-json\/wp\/v2\/tags?post=71163"}],"curies":[{"name":"wp","href":"https:\/\/api.w.org\/{rel}","templated":true}]}}