{"id":71167,"date":"2025-12-11T02:32:07","date_gmt":"2025-12-11T02:32:07","guid":{"rendered":"https:\/\/www.europesays.com\/lv\/71167\/"},"modified":"2025-12-11T02:32:07","modified_gmt":"2025-12-11T02:32:07","slug":"vairak-neka-10-tukstosi-iestajas-par-sabiedriska-medija-neatkaribu-lente-lv","status":"publish","type":"post","link":"https:\/\/www.europesays.com\/lv\/71167\/","title":{"rendered":"vair\u0101k nek\u0101 10 t\u016bksto\u0161i iest\u0101jas par sabiedrisk\u0101 medija neatkar\u012bbu\u00a0\u2014\u00a0Lente.lv"},"content":{"rendered":"<p>Demonstr\u0101cijas v\u0113rien\u012bgums un galvenie iemesli<\/p>\n<p>Otrdien Lietuvas galvaspils\u0113t\u0101 Vi\u013c\u0146\u0101 pie Seima \u0113kas pulc\u0113j\u0101s vair\u0101k nek\u0101 10 t\u016bksto\u0161i cilv\u0113ku, lai paustu savu neapmierin\u0101t\u012bbu ar vald\u012bbas pl\u0101niem ierobe\u017eot sabiedrisk\u0101 medija neatkar\u012bbu. \u0160\u012b demonstr\u0101cija tiek d\u0113v\u0113ta par v\u0113rien\u012bg\u0101ko p\u0113d\u0113jo gadu notikumu Lietuv\u0101, uzsverot pilso\u0146u dzi\u013c\u0101s ba\u017eas par preses br\u012bv\u012bbas un demokr\u0101tijas st\u0101vokli valst\u012b. Protest\u0113t\u0101ji, paaugstinot saukli &#8220;Rokas nost no v\u0101rda br\u012bv\u012bbas!&#8221;. Galven\u0101 pras\u012bba bija atcelt valdo\u0161\u0101s koal\u012bcijas rosin\u0101tos likuma groz\u012bjumus, kas atvieglotu sabiedrisk\u0101 medija LRT \u0123ener\u0101ldirektora atlai\u0161anu.<\/p>\n<p>Politisk\u0101 spiediena paz\u012bmes un sekas<\/p>\n<p>Valdo\u0161\u0101s koal\u012bcijas partija &#8220;Nemunas r\u012btausma&#8221; ir bijusi galven\u0101 iniciatore likumprojektu virz\u012b\u0161an\u0101, kas paredz viegl\u0101ku LRT vad\u012bt\u0101ja atlai\u0161anu un LRT bud\u017eeta iesald\u0113\u0161anu uz trim gadiem.. \u0160ie so\u013ci tiek uztverti ne tikai k\u0101 m\u0113\u0123in\u0101jums politiski ietekm\u0113t sabiedrisko mediju, bet ar\u012b k\u0101 drauds demokr\u0101tijas pamatiem un runas br\u012bv\u012bbai kopum\u0101. Latvijas \u017durn\u0101listu asoci\u0101cija (L\u017dA) paudusi satraukumu, uzsverot, ka \u0161\u0101di m\u0113\u0123in\u0101jumi ir b\u012bstami demokr\u0101tijas erozijas simptomi, kas var ietekm\u0113t visu Baltijas re\u0123ionu.. Latvijas mediju p\u0101rst\u0101vji nor\u0101da, ka notikumi Lietuv\u0101 iek\u013caujas pla\u0161\u0101k\u0101 tendenc\u0113, kur\u0101 politiskie sp\u0113ki cen\u0161as papla\u0161in\u0101t savu kontroli p\u0101r informat\u012bvo telpu..<\/p>\n<p>Sabiedr\u012bbas un mediju p\u0101rst\u0101vju solidarit\u0101te<\/p>\n<p>Protest\u0101 Vi\u013c\u0146\u0101 piedal\u012bj\u0101s ne tikai LRT darbinieki un \u017eurn\u0101listi, bet ar\u012b pla\u0161s sabiedr\u012bbas loks, pau\u017eot solidarit\u0101ti ar neatkar\u012bgo mediju. Daudziem bija plak\u0101ti ar uzrakstiem &#8220;Rokas nost&#8221; un karikat\u016br\u0101m, ironiz\u0113jot par politi\u0137u centieniem ierobe\u017eot v\u0101rda br\u012bv\u012bbu.. M\u016bzi\u0137is Andrjus Mamontovs uzsv\u0113ra, ka br\u012bv\u012bba nav ieg\u016bta uz visiem laikiem un iesp\u0113jams, n\u0101kotn\u0113 b\u016bs nepiecie\u0161ams atkal un atkal pulc\u0113ties, lai to aizst\u0101v\u0113tu.. Paral\u0113li protestiem tika izveidota ar\u012b pet\u012bcija pret politi\u0137u centieniem p\u0101r\u0146emt LRT, ko parakst\u012bju\u0161i vair\u0101k nek\u0101 130 t\u016bksto\u0161i Lietuvas iedz\u012bvot\u0101ju..<\/p>\n<p>V\u0113sturiskais konteksts un pla\u0161\u0101kas tendences<\/p>\n<p>Situ\u0101cija Lietuv\u0101 nav izol\u0113ts gad\u012bjums. Kaut ar\u012b Lietuvas Konstitucion\u0101l\u0101 tiesa agr\u0101k ir atzinusi sabiedrisk\u0101 medija finans\u0113\u0161anu no nodok\u013cu ie\u0146\u0113mumiem par likum\u012bgu un labu veidu, k\u0101 pasarg\u0101t mediju no politisk\u0101 spiediena, pa\u0161reiz\u0113jie notikumi liecina par izmai\u0146\u0101m \u0161aj\u0101 dinamik\u0101. Sabiedrisko mediju neatkar\u012bbas apdraud\u0113jums nav tikai Lietuvas probl\u0113ma \u2013 l\u012bdz\u012bgi sign\u0101li v\u0113rojami ar\u012b citviet Eirop\u0101, radot ba\u017eas par demokr\u0101tisko principu notur\u012bbu..<\/p>\n","protected":false},"excerpt":{"rendered":"Demonstr\u0101cijas v\u0113rien\u012bgums un galvenie iemesli Otrdien Lietuvas galvaspils\u0113t\u0101 Vi\u013c\u0146\u0101 pie Seima \u0113kas pulc\u0113j\u0101s vair\u0101k nek\u0101 10 t\u016bksto\u0161i cilv\u0113ku,&hellip;\n","protected":false},"author":2,"featured_media":71168,"comment_status":"","ping_status":"","sticky":false,"template":"","format":"standard","meta":{"footnotes":""},"categories":[12],"tags":[23,28,29,32,33,22,30,31,35,39,38,36,37,34,1464,18182,40,17261,20,26,27,3959,18181,24,25,21],"class_list":{"0":"post-71167","1":"post","2":"type-post","3":"status-publish","4":"format-standard","5":"has-post-thumbnail","7":"category-latvija","8":"tag-aktualitates","9":"tag-breaking-news","10":"tag-breakingnews","11":"tag-featured-news","12":"tag-featurednews","13":"tag-headlines","14":"tag-latest-news","15":"tag-latestnews","16":"tag-latvia","17":"tag-latvian","18":"tag-latviesu","19":"tag-latviesu-valoda","20":"tag-latviesuvaloda","21":"tag-latvija","22":"tag-lietuva","23":"tag-lrt","24":"tag-lv","25":"tag-mediju-neatkariba","26":"tag-news","27":"tag-popularakas-zinas","28":"tag-popularakaszinas","29":"tag-protests","30":"tag-sabiedriskais-medijs","31":"tag-top-stories","32":"tag-topstories","33":"tag-zinas"},"share_on_mastodon":{"url":"https:\/\/pubeurope.com\/@lv\/115698594195862280","error":""},"_links":{"self":[{"href":"https:\/\/www.europesays.com\/lv\/wp-json\/wp\/v2\/posts\/71167","targetHints":{"allow":["GET"]}}],"collection":[{"href":"https:\/\/www.europesays.com\/lv\/wp-json\/wp\/v2\/posts"}],"about":[{"href":"https:\/\/www.europesays.com\/lv\/wp-json\/wp\/v2\/types\/post"}],"author":[{"embeddable":true,"href":"https:\/\/www.europesays.com\/lv\/wp-json\/wp\/v2\/users\/2"}],"replies":[{"embeddable":true,"href":"https:\/\/www.europesays.com\/lv\/wp-json\/wp\/v2\/comments?post=71167"}],"version-history":[{"count":0,"href":"https:\/\/www.europesays.com\/lv\/wp-json\/wp\/v2\/posts\/71167\/revisions"}],"wp:featuredmedia":[{"embeddable":true,"href":"https:\/\/www.europesays.com\/lv\/wp-json\/wp\/v2\/media\/71168"}],"wp:attachment":[{"href":"https:\/\/www.europesays.com\/lv\/wp-json\/wp\/v2\/media?parent=71167"}],"wp:term":[{"taxonomy":"category","embeddable":true,"href":"https:\/\/www.europesays.com\/lv\/wp-json\/wp\/v2\/categories?post=71167"},{"taxonomy":"post_tag","embeddable":true,"href":"https:\/\/www.europesays.com\/lv\/wp-json\/wp\/v2\/tags?post=71167"}],"curies":[{"name":"wp","href":"https:\/\/api.w.org\/{rel}","templated":true}]}}