{"id":71169,"date":"2025-12-11T02:34:30","date_gmt":"2025-12-11T02:34:30","guid":{"rendered":"https:\/\/www.europesays.com\/lv\/71169\/"},"modified":"2025-12-11T02:34:30","modified_gmt":"2025-12-11T02:34:30","slug":"dzejs-kellijs-un-ja-varetu-es-tev-spertu-eksistencialas-krizes-izpete-lente-lv","status":"publish","type":"post","link":"https:\/\/www.europesays.com\/lv\/71169\/","title":{"rendered":"\u00abD\u017eejs Kellijs\u00bb un \u00abJa var\u0113tu, es tev spertu\u00bb \u2013 eksistenci\u0101l\u0101s kr\u012bzes izp\u0113t\u0113\u00a0\u2014\u00a0Lente.lv"},"content":{"rendered":"<p>Filmas \u00abD\u017eejs Kellijs\u00bb un \u00abJa var\u0113tu, es tev spertu\u00bb: eksistenci\u0101l\u0101s kr\u012bzes spogu\u013ci<\/p>\n<p>Vai esat k\u0101dreiz sask\u0101ru\u0161ies ar br\u012bdi, kad dz\u012bve \u0161\u0137iet apst\u0101jusies, un n\u0101kas saskarties ar sav\u0101m dzi\u013c\u0101kaj\u0101m bail\u0113m un nezi\u0146u par n\u0101kotni? \u0160\u012bs ir t\u0101s neatbild\u0113t\u0101s eksistenci\u0101l\u0101s d\u0101rdz\u012bbas, kas uzrun\u0101 filmas \u00abD\u017eejs Kellijs\u00bb un \u00abJa var\u0113tu, es tev spertu\u00bb varo\u0146us. Par \u0161\u012bm ciniskaj\u0101m dz\u012bves situ\u0101cij\u0101m un to, k\u0101 ar t\u0101m saskaras filmas person\u0101\u017ei, Latvijas Radio raid\u012bjum\u0101 \u00abKur kriti\u0137iem nav vietas\u00bb aizraut\u012bgi diskut\u0113ja kino kriti\u0137i D\u0101rta Ceri\u0146a un \u017dulijens Nuhums Kulibali. Vi\u0146u saruna, kas velt\u012bta dzi\u013ciem un p\u0101rdomu rosino\u0161iem kinodarbiem, atkl\u0101j, k\u0101 filmas sp\u0113j atspogu\u013cot m\u016bsu pa\u0161u neapzin\u0101t\u0101s bailes un ilgas.<\/p>\n<p>\u00abD\u017eejs Kellijs\u00bb: slavas \u0113na un personisk\u0101s izv\u0113les<\/p>\n<p>Filma \u00abD\u017eejs Kellijs\u00bb ar D\u017eord\u017eu Kl\u016bniju galvenaj\u0101 lom\u0101, ko veidojis amerik\u0101\u0146u neatkar\u012bg\u0101 kino re\u017eisors Noa Baumbahs, st\u0101sta par k\u0101du Holivudas ekr\u0101na zvaigzni, kura dz\u012bves saulrieta laik\u0101 s\u0101k apjaust savas karjeras un person\u012bgo attiec\u012bbu sekas. D\u017eejs Kellijs, slavens aktieris, kur\u0161 savas karjeras laik\u0101 ir ziedojis \u0123imeni un tuv\u012bbu uz alt\u0101ra, non\u0101k br\u012bd\u012b, kad tiek godin\u0101ts par m\u016b\u017ea ieguld\u012bjumu kino, vienlaikus saskaroties ar savas jaun\u0101k\u0101s meitas gatav\u012bbu doties stud\u0113t augstskol\u0101. \u0160\u012b filma, kas \u0161\u0137iet cie\u0161i saist\u012bta ar pa\u0161a D\u017eord\u017ea Kl\u016bnija biogr\u0101fiju, ir ne tikai ce\u013cojums uz slavas virsotn\u0113m, bet ar\u012b p\u0101rdomu pilns st\u0101sts par kompromisiem, ko esam gatavi pie\u013caut, lai sasniegtu savus m\u0113r\u0137us. D\u0101rta Ceri\u0146a atz\u012bst, ka, lai gan vi\u0146a nav Baumbaha darbu liela cien\u012bt\u0101ja, D\u017eord\u017ea Kl\u016bnija ikonas statuss film\u0101 ir veiksm\u012bgi izmantots un pat pastiprin\u0101ts, radot dzi\u013ci sentiment\u0101lu un aizkustino\u0161u pieredzi. \u017dulijens Nuhums Kulibali gan izsaka at\u0161\u0137ir\u012bgu viedokli, uzsverot, ka film\u0101 spo\u017e\u0101k mirdz citi aktieri, piem\u0113ram, \u0100dams Sendlers un Lora Derna, kuri sp\u0113j aizsteigties gar\u0101m Kl\u016bnija meta t\u0113lam. Filmas nosl\u0113gums ar Kl\u016bnija karjeras mont\u0101\u017eu vedina dom\u0101t par vi\u0146a dz\u012bves ce\u013cu, ta\u010du, k\u0101 nor\u0101da kriti\u0137is, \u0161aj\u0101 ce\u013cve\u017ea st\u0101st\u0101 tik daudz no biogr\u0101fijas paties\u012bbas nav atrasts.<\/p>\n<p>\u00abJa var\u0113tu, es tev spertu\u00bb: m\u0101tes izaicin\u0101jumi un eksistenci\u0101lais izr\u0101viens<\/p>\n<p>Savuk\u0101rt filma \u00abJa var\u0113tu, es tev spertu\u00bb (ori\u0123in\u0101lais nosaukums: *If I Had Legs I&#8217;d Kick You*) piev\u0113r\u0161as drusku cit\u0101dai eksistenci\u0101lai kr\u012bzei. Amerik\u0101\u0146u re\u017eisores M\u0113rijas Bronst\u012bnas darbs, kas pirmizr\u0101d\u012bts Berl\u012bnes kinofestiv\u0101l\u0101, st\u0101sta par Lindu \u2013 vientu\u013cu m\u0101ti un psihoterapeiti, kuras dz\u012bve ir uz sabrukuma robe\u017eas. Vi\u0146a ne tikai r\u016bp\u0113jas par savu hroniski slimo meitu, bet ar\u012b saskaras ar pacienta pazu\u0161anu un m\u0101jas griestu iebrukumu, kas piespie\u017e vi\u0146as p\u0101rcelties uz nopluku\u0161u moteli. Lindas dz\u012bv\u0113 viss ir p\u0101r\u0101k daudz \u2013 darbs, m\u0101jas, b\u0113rns, un vi\u0146as kv\u0113l\u0101kais sapnis ir vienk\u0101r\u0161i pab\u016bt vienai. \u0160\u012b filma, kas k\u013c\u016bst par makro tuvpl\u0101nu Lindas skat\u012bjumam, ierobe\u017eo skat\u012bt\u0101ja perspekt\u012bvu, liekot sajust vi\u0146as p\u0101rslogot\u012bbu un vientul\u012bbu. K\u0101 nor\u0101da kriti\u0137i, \u0161\u012b filma, lai ar\u012b smeldz\u012bga, tom\u0113r atkl\u0101j sievie\u0161u dz\u012bves uz nervu sabrukuma robe\u017eas, atg\u0101dinot par Pedro Almodovara darbiem, ta\u010du ar m\u016bsdienu izpratni. T\u0101 ir filma par spriedzi, izmisumu un b\u012bstamu robe\u017eu \u0161\u0137\u0113rso\u0161anu, kad dz\u012bves smagums k\u013c\u016bst nepanesams.<\/p>\n<p>Kino k\u0101 spogulis dz\u012bvei un eksistences izzin\u0101\u0161anai<\/p>\n<p>Gan \u00abD\u017eejs Kellijs\u00bb, gan \u00abJa var\u0113tu, es tev spertu\u00bb ir filmas, kas nebaid\u0101s pieskarties s\u0101p\u012bg\u0101m un sare\u017e\u0123\u012bt\u0101m t\u0113m\u0101m. T\u0101s par\u0101da cilv\u0113kus, kas non\u0101ku\u0161i neapskau\u017eam\u0101s dz\u012bves situ\u0101cij\u0101s, un liek mums, skat\u012bt\u0101jiem, aizdom\u0101ties par sav\u0101m izv\u0113l\u0113m, v\u0113rt\u012bb\u0101m un to, ko noz\u012bm\u0113 b\u016bt cilv\u0113kam. Kino kriti\u0137u D\u0101rtas Ceri\u0146as un \u017dulijena Numha Kulibali diskusija Latvijas Radio raid\u012bjum\u0101 \u00abKur kriti\u0137iem nav vietas\u00bb atkl\u0101j, cik daudzveid\u012bgi un dzi\u013ci kino var b\u016bt, pied\u0101v\u0101jot ne tikai izklaidi, bet ar\u012b iesp\u0113ju lab\u0101k saprast sevi un pasauli ap mums. \u0160\u012bs filmas ir k\u0101 spogu\u013ci, kuros varam saskat\u012bt gan savus sap\u0146us un amb\u012bcijas, gan ar\u012b savas bailes un kr\u012bzes, un t\u0101d\u0113j\u0101di mekl\u0113t atbildes uz dz\u012bves eksistenci\u0101lajiem jaut\u0101jumiem.<\/p>\n","protected":false},"excerpt":{"rendered":"Filmas \u00abD\u017eejs Kellijs\u00bb un \u00abJa var\u0113tu, es tev spertu\u00bb: eksistenci\u0101l\u0101s kr\u012bzes spogu\u013ci Vai esat k\u0101dreiz sask\u0101ru\u0161ies ar br\u012bdi,&hellip;\n","protected":false},"author":2,"featured_media":71170,"comment_status":"","ping_status":"","sticky":false,"template":"","format":"standard","meta":{"footnotes":""},"categories":[19],"tags":[18186,18183,11689,89,18185,90,18184,5881,35,39,38,36,37,34,40,18187],"class_list":{"0":"post-71169","1":"post","2":"type-post","3":"status-publish","4":"format-standard","5":"has-post-thumbnail","7":"category-izklaide","8":"tag-darta-cerina","9":"tag-dzejs-kellijs","10":"tag-eksistenciala-krize","11":"tag-entertainment","12":"tag-es-tev-spertu","13":"tag-izklaide","14":"tag-ja-varetu","15":"tag-kino-kritika","16":"tag-latvia","17":"tag-latvian","18":"tag-latviesu","19":"tag-latviesu-valoda","20":"tag-latviesuvaloda","21":"tag-latvija","22":"tag-lv","23":"tag-zulijens-nuhums-kulibali"},"share_on_mastodon":{"url":"https:\/\/pubeurope.com\/@lv\/115698602022627718","error":""},"_links":{"self":[{"href":"https:\/\/www.europesays.com\/lv\/wp-json\/wp\/v2\/posts\/71169","targetHints":{"allow":["GET"]}}],"collection":[{"href":"https:\/\/www.europesays.com\/lv\/wp-json\/wp\/v2\/posts"}],"about":[{"href":"https:\/\/www.europesays.com\/lv\/wp-json\/wp\/v2\/types\/post"}],"author":[{"embeddable":true,"href":"https:\/\/www.europesays.com\/lv\/wp-json\/wp\/v2\/users\/2"}],"replies":[{"embeddable":true,"href":"https:\/\/www.europesays.com\/lv\/wp-json\/wp\/v2\/comments?post=71169"}],"version-history":[{"count":0,"href":"https:\/\/www.europesays.com\/lv\/wp-json\/wp\/v2\/posts\/71169\/revisions"}],"wp:featuredmedia":[{"embeddable":true,"href":"https:\/\/www.europesays.com\/lv\/wp-json\/wp\/v2\/media\/71170"}],"wp:attachment":[{"href":"https:\/\/www.europesays.com\/lv\/wp-json\/wp\/v2\/media?parent=71169"}],"wp:term":[{"taxonomy":"category","embeddable":true,"href":"https:\/\/www.europesays.com\/lv\/wp-json\/wp\/v2\/categories?post=71169"},{"taxonomy":"post_tag","embeddable":true,"href":"https:\/\/www.europesays.com\/lv\/wp-json\/wp\/v2\/tags?post=71169"}],"curies":[{"name":"wp","href":"https:\/\/api.w.org\/{rel}","templated":true}]}}