{"id":71174,"date":"2025-12-11T03:34:08","date_gmt":"2025-12-11T03:34:08","guid":{"rendered":"https:\/\/www.europesays.com\/lv\/71174\/"},"modified":"2025-12-11T03:34:08","modified_gmt":"2025-12-11T03:34:08","slug":"jana-lusena-jauna-ziemassvetku-koncertprogramma-bridi-pirms-gaisminas-ieskandina-svetku-gaidisanu-lente-lv","status":"publish","type":"post","link":"https:\/\/www.europesays.com\/lv\/71174\/","title":{"rendered":"J\u0101\u0146a L\u016bs\u0113na jaun\u0101 Ziemassv\u0113tku koncertprogramma &#8220;Br\u012bdi pirms gaismi\u0146as&#8221; ieskandina sv\u0113tku gaid\u012b\u0161anu\u00a0\u2014\u00a0Lente.lv"},"content":{"rendered":"<p>Ziemassv\u0113tku gaid\u012b\u0161anas siltums: J\u0101\u0146a L\u016bs\u0113na jaun\u0101 koncertprogramma &#8220;Br\u012bdi pirms gaismi\u0146as&#8221; <\/p>\n<p>Pirmdien, 8. decembr\u012b, kult\u016brtelp\u0101 &#8220;Ola&#8221; tika svin\u012bgi ieskandin\u0101ta komponista J\u0101\u0146a L\u016bs\u0113na jaun\u0101 Ziemassv\u0113tku koncertprogramma &#8220;Br\u012bdi pirms gaismi\u0146as&#8221;. \u0160is notikums, kas norisin\u0101j\u0101s sirsn\u012bg\u0101 un omul\u012bg\u0101 gaisotn\u0113, iez\u012bm\u0113ja kl\u0101t\u0101 sv\u0113tku s\u0101kumu, pulc\u0113jot kop\u0101 talant\u012bgus m\u0101ksliniekus un klaus\u012bt\u0101jus, lai kop\u012bgi baud\u012btu gaid\u012b\u0161anas prieku un sv\u0113tku burv\u012bbu.<\/p>\n<p>Jauna elpa Ziemassv\u0113tku m\u016bzik\u0101<\/p>\n<p>\u0160ogad J\u0101nis L\u016bs\u0113ns savas jaun\u0101s Ziemassv\u0113tku programmas izpild\u012bjumam aicin\u0101jis spo\u017eus talantus \u2013 jaunizcepto operdzied\u0101t\u0101ju Brigita Reisone, kuras akad\u0113miskais sopr\u0101ns un sievi\u0161\u0137\u012bgais \u0161arms jau iekarojis skat\u012bt\u0101ju sirdis, un Latvijas Nacion\u0101l\u0101 te\u0101tra harizm\u0101tisko aktieri Raimondu Celmu. \u0160is duets ir k\u0101 svaigs v\u0113j\u0161 J\u0101\u0146a L\u016bs\u0113na jau iem\u012b\u013cotaj\u0101s Ziemassv\u0113tku dziesm\u0101s, pied\u0101v\u0101jot klaus\u012bt\u0101jiem jaunu skan\u0113jumu un emocion\u0101lu dzi\u013cumu. Komponists atkl\u0101j, ka vi\u0146a iecere bijusi rad\u012bt duetu, kur\u0101 m\u0101kslinieku balss tembri un skan\u0113jums lieliski papildin\u0101tu viens otru, radot harmonisku un sirdi sildo\u0161u kopskan\u0113jumu. Ar\u012b Raimonds Celms, kur\u0161 jau iepriek\u0161 sadarbojies ar L\u016bs\u0113nu rokoperas &#8220;Kaup\u0113n, mans m\u012b\u013cais&#8221; iestud\u0113jum\u0101, ir lieliski piem\u0113rots \u0161ai lomai. Brigita Reisone, talant\u012bga latvie\u0161u sopr\u0101ns, p\u0113c studij\u0101m J\u0101zepa V\u012btola Latvijas M\u016bzikas akad\u0113mij\u0101 ar izcil\u012bbu debit\u0113jusi uz Latvijas Nacion\u0101l\u0101s operas skatuves un guvusi iev\u0113r\u012bbu starptautiskos konkursos, tostarp uzvarot GRAND PRIX starptautiskaj\u0101 Monikas Valavskas-Krasovskas vok\u0101listu konkurs\u0101 Krakov\u0101, Polij\u0101. Vi\u0146as sp\u0113c\u012bgais vok\u0101lais sniegums un izteiksm\u012bg\u0101 interpret\u0101cija iez\u012bm\u0113 daudzsolo\u0161u karjeru operm\u0101ksl\u0101. Raimonds Celms, Nacion\u0101l\u0101 te\u0101tra aktieris, izce\u013cas ar spilgtu t\u0113lojumu gan uz skatuves, gan kino.<\/p>\n<p>Dziesmu un dzejas savienojums<\/p>\n<p>Koncertprogramm\u0101 &#8220;Br\u012bdi pirms gaismi\u0146as&#8221; iek\u013cautas gan \u012bpa\u0161i \u0161im duetam rad\u012btas kompoz\u012bcijas, piem\u0113ram, dziesma &#8220;Kr\u012bt p\u0101rslas, kr\u012bt&#8221; ar Vi\u013ca Pl\u016bdo\u0146a dzeju, gan ar\u012b jau taut\u0101 iem\u012b\u013cot\u0101s un labi zin\u0101m\u0101s J\u0101\u0146a L\u016bs\u0113na Ziemassv\u0113tku dziesmas. Programm\u0101 neiztr\u016bksto\u0161s elements ir dzejas un prozas fragmenti, ko dzird\u0113sim Raimonda Celma izpild\u012bjum\u0101, pie\u0161\u0137irot koncertam papildu liter\u0101ru un dzi\u013cdom\u012bgu dimensiju. Tie ir v\u0101rdi, kas papildina m\u016bziku, radot vienotu, noska\u0146otu st\u0101stu par Ziemassv\u0113tku br\u012bnumu un gaid\u012b\u0161anas prieku. Koncertprogramma turpina J\u0101\u0146a L\u016bs\u0113na trad\u012bciju rad\u012bt ori\u0123in\u0101lu Ziemassv\u0113tku m\u016bziku, kas s\u0101k\u0101s pirms vair\u0101k nek\u0101 desmit gadiem ar veiksm\u012bgo koncertprogrammu &#8220;Mazu br\u012bdi pirms&#8221;. Toreiz t\u0101 guva pla\u0161u atzin\u012bbu un tika nosp\u0113l\u0113ta vair\u0101k nek\u0101 simts koncertos vis\u0101 Latvij\u0101, radot sv\u0113tku saj\u016btu.<\/p>\n<p>Maigums un izj\u016bta Ziemassv\u0113tku m\u016bzik\u0101<\/p>\n<p>J\u0101nis L\u016bs\u0113ns, viens no romantisk\u0101kajiem latvie\u0161u m\u016bsdienu komponistiem, turpina latvie\u0161u solo dziesmas trad\u012bcijas. Vi\u0146a jaun\u0101 koncertprogramma &#8220;Br\u012bdi pirms gaismi\u0146as&#8221; ir k\u0101 sirds siltuma pilns turpin\u0101jums iepriek\u0161\u0113jiem veiksm\u012bgajiem Ziemassv\u0113tku projektiem. \u0160oreiz komponists ir rad\u012bjis vair\u0101kas jaunas kompoz\u012bcijas, kas \u012bpa\u0161i piem\u0113rotas jaun\u0101 dueta vok\u0101laj\u0101m sp\u0113j\u0101m un skatuves \u0161armam, radot melodijas, kas demonstr\u0113 m\u0101kslinieku meistar\u012bbu, ienesot iek\u0161\u0113ju inteli\u0123enci un siltumu. Dziesmu silt\u0101, latvisk\u0101 noska\u0146a, rota\u013c\u012bgums un filozofiskais apcer\u012bgums, pateicoties izciliem izpild\u012bt\u0101jiem, pulc\u0113ja koncertos daudz klaus\u012bt\u0101ju. L\u016bs\u0113na m\u016bzika, kas bie\u017ei vien balst\u012bta uz latvie\u0161u dzejnieku v\u0101rdiem, sp\u0113j aizkustin\u0101t un rad\u012bt mierpilnu saj\u016btu, atg\u0101dinot par b\u0113rn\u012bbas prieku un \u0123imenes v\u0113rt\u012bb\u0101m. Koncerta gaisotne veidota t\u0101, lai ikviens klaus\u012bt\u0101js sajustos k\u0101 \u0123imenes lok\u0101, atrodoties liel\u0101 viesistab\u0101, kur skan m\u016bzika un dzeja, deg sveces egl\u012bt\u0113 un smar\u017eo pipark\u016bkas. Visus vieno Ziemassv\u0113tku saj\u016bta, \u0123imene un m\u012blest\u012bba pret Latviju. Ir laiks atcer\u0113ties b\u0113rn\u012bbu, ziemas piedz\u012bvojumus, vec\u0101kus, vecvec\u0101kus, pirmo m\u012blest\u012bbu, un protams, m\u016b\u017e\u012bgo st\u0101stu par Kristus dzim\u0161anu.<\/p>\n<p>N\u0101kamo koncertu norises vietas<\/p>\n<p>Lai iepaz\u012btu sv\u0113tku programmu &#8220;Br\u012bdi pirms gaismi\u0146as&#8221;, klaus\u012bt\u0101jiem b\u016bs iesp\u0113ja apmekl\u0113t vair\u0101kus koncertus decembr\u012b: 18. decembr\u012b plkst. 19:00 Baltezera Ev. lut. bazn\u012bc\u0101; 19. un 23. decembr\u012b plkst. 19:00 R\u012bgas Vecaj\u0101 Sv. \u0122ertr\u016bdes bazn\u012bc\u0101; 20. decembr\u012b plkst. 18:00 Jaunmoku pil\u012b; 21. decembr\u012b plkst. 17:00 Ik\u0161\u0137iles Sv. Meinarda Ev. lut. bazn\u012bc\u0101; 22. decembr\u012b plkst. 19:00 Lielv\u0101rdes kult\u016bras nam\u0101; 25. decembr\u012b plkst. 18:00 Liep\u0101jas koncertz\u0101l\u0113 &#8220;Lielais dzintars&#8221;; 26. decembr\u012b plkst. 15:00 koncertz\u0101l\u0113 &#8220;C\u0113sis&#8221;; 28. decembr\u012b plkst. 19:00 Iecavas kult\u016bras nam\u0101.<\/p>\n","protected":false},"excerpt":{"rendered":"Ziemassv\u0113tku gaid\u012b\u0161anas siltums: J\u0101\u0146a L\u016bs\u0113na jaun\u0101 koncertprogramma &#8220;Br\u012bdi pirms gaismi\u0146as&#8221; Pirmdien, 8. decembr\u012b, kult\u016brtelp\u0101 &#8220;Ola&#8221; tika svin\u012bgi ieskandin\u0101ta&hellip;\n","protected":false},"author":2,"featured_media":71175,"comment_status":"","ping_status":"","sticky":false,"template":"","format":"standard","meta":{"footnotes":""},"categories":[19],"tags":[17417,17414,89,90,10637,35,39,38,36,37,34,40,6569,17790],"class_list":{"0":"post-71174","1":"post","2":"type-post","3":"status-publish","4":"format-standard","5":"has-post-thumbnail","7":"category-izklaide","8":"tag-bridi-pirms-gaisminas","9":"tag-brigita-reisone","10":"tag-entertainment","11":"tag-izklaide","12":"tag-janis-lusens","13":"tag-latvia","14":"tag-latvian","15":"tag-latviesu","16":"tag-latviesu-valoda","17":"tag-latviesuvaloda","18":"tag-latvija","19":"tag-lv","20":"tag-raimonds-celms","21":"tag-ziemassvetku-koncertprogramma"},"share_on_mastodon":{"url":"https:\/\/pubeurope.com\/@lv\/115698838090762083","error":""},"_links":{"self":[{"href":"https:\/\/www.europesays.com\/lv\/wp-json\/wp\/v2\/posts\/71174","targetHints":{"allow":["GET"]}}],"collection":[{"href":"https:\/\/www.europesays.com\/lv\/wp-json\/wp\/v2\/posts"}],"about":[{"href":"https:\/\/www.europesays.com\/lv\/wp-json\/wp\/v2\/types\/post"}],"author":[{"embeddable":true,"href":"https:\/\/www.europesays.com\/lv\/wp-json\/wp\/v2\/users\/2"}],"replies":[{"embeddable":true,"href":"https:\/\/www.europesays.com\/lv\/wp-json\/wp\/v2\/comments?post=71174"}],"version-history":[{"count":0,"href":"https:\/\/www.europesays.com\/lv\/wp-json\/wp\/v2\/posts\/71174\/revisions"}],"wp:featuredmedia":[{"embeddable":true,"href":"https:\/\/www.europesays.com\/lv\/wp-json\/wp\/v2\/media\/71175"}],"wp:attachment":[{"href":"https:\/\/www.europesays.com\/lv\/wp-json\/wp\/v2\/media?parent=71174"}],"wp:term":[{"taxonomy":"category","embeddable":true,"href":"https:\/\/www.europesays.com\/lv\/wp-json\/wp\/v2\/categories?post=71174"},{"taxonomy":"post_tag","embeddable":true,"href":"https:\/\/www.europesays.com\/lv\/wp-json\/wp\/v2\/tags?post=71174"}],"curies":[{"name":"wp","href":"https:\/\/api.w.org\/{rel}","templated":true}]}}