{"id":71180,"date":"2025-12-11T03:40:07","date_gmt":"2025-12-11T03:40:07","guid":{"rendered":"https:\/\/www.europesays.com\/lv\/71180\/"},"modified":"2025-12-11T03:40:07","modified_gmt":"2025-12-11T03:40:07","slug":"policija-liek-satirit-sabojatos-marsrutu-sarakstus-lente-lv","status":"publish","type":"post","link":"https:\/\/www.europesays.com\/lv\/71180\/","title":{"rendered":"policija liek sat\u012br\u012bt saboj\u0101tos mar\u0161rutu sarakstus\u00a0\u2014\u00a0Lente.lv"},"content":{"rendered":"<p>Viet\u0113jais m\u0101kslinieks Saurie\u0161os izmanto transporta pieturas k\u0101 audeklu, bet policija liek izl\u012bdzin\u0101t savus darbus<\/p>\n<p>Saurie\u0161os k\u0101ds iedz\u012bvot\u0101js, ko mediji d\u0113v\u0113 par viet\u0113jo \u201cBenksiju\u201d, savu m\u0101ksliniecisko izpausmi v\u0113rsa uz sabiedrisk\u0101 transporta infrastrukt\u016bru, sag\u0101d\u0101jot nepat\u012bkamus br\u012b\u017eus gan pa\u0161vald\u012bbas policijai, gan sabiedr\u012bbai. V\u012brietis, atrodoties Saurie\u0161u pietur\u0101, ar vair\u0101kiem kr\u0101sainiem mar\u0137ieriem un pen\u0101\u013ciem apz\u012bm\u0113ja transporta mar\u0161rutu saraksta inform\u0101cijas stendus, demonstr\u0113jot savu, iesp\u0113jams, ne p\u0101r\u0101k veiksm\u012bgo, rado\u0161o potenci\u0101lu.<\/p>\n<p>Neapdom\u012bga jaun\u012bbas trakuma atspulgs vai apzin\u0101ta vandalism\u0101?<\/p>\n<p>Intriga par \u0161o notikumu radusies, jo v\u012brietis p\u0113c saviem \u201cm\u0101kslas darbiem\u201d mier\u012bgi atgriezies pietur\u0101, klausoties m\u016bziku. Tom\u0113r vi\u0146a rado\u0161ais spars neapmierin\u0101j\u0101s tikai ar mar\u0161rutu sarakstu \u2013 vi\u0146\u0161 dev\u0101s t\u0101l\u0101k, lai \u201cuzlabotu\u201d ar\u012b novada karti. \u0160\u0101da r\u012bc\u012bba liek aizdom\u0101ties, vai tas bija vienk\u0101r\u0161s \u201cjaun\u012bbas dullums\u201d, ko cent\u0101s atcer\u0113ties pieaugu\u0161ais v\u012brietis, vai tom\u0113r apzin\u0101ta v\u0113lme nodar\u012bt post\u012bjumus. Atkar\u012bb\u0101 no mot\u012bviem, sekas var b\u016bt da\u017e\u0101das, ta\u010du policijas darbinieku kl\u0101tb\u016btn\u0113 vi\u0146\u0161 bija spiests savus z\u012bm\u0113jumus not\u012br\u012bt, demonstr\u0113jot, ka nek\u0101di m\u0101kslas darbi netiks atst\u0101ti bez sek\u0101m.<\/p>\n<p>Policijas reakcija un sekas<\/p>\n<p>Pa\u0161vald\u012bbas policijas darbinieki \u0101tri rea\u0123\u0113ja uz notiku\u0161o, sastopot p\u0101rk\u0101p\u0113ju notikuma viet\u0101. T\u0101 k\u0101 z\u012bm\u0113jumi v\u0113l bija sal\u012bdzino\u0161i svaigi, tos izdev\u0101s not\u012br\u012bt bez \u012bpa\u0161iem l\u012bdzek\u013ciem. V\u012brietis pats savu \u201cm\u0101kslu\u201d likvid\u0113ja policistu uzraudz\u012bb\u0101. \u0160\u0101ds gad\u012bjums atg\u0101dina par nepiecie\u0161am\u012bbu sabiedr\u012bb\u0101 veicin\u0101t cie\u0146pilnu attieksmi pret koplieto\u0161anas telpu un infrastrukt\u016bru. Lai gan v\u0113lme izpausties ir saprotama, t\u0101s nedr\u012bkst b\u016bt par iemeslu citu cilv\u0113ku \u012bpa\u0161uma boj\u0101\u0161anai. Lai gan \u0161is gad\u012bjums var\u0113tu \u0161\u0137ist neliels, tas ir da\u013ca no pla\u0161\u0101kas probl\u0113mas \u2013 vand\u0101lisma sabiedriskaj\u0101 transport\u0101 un t\u0101 infrastrukt\u016br\u0101. Piem\u0113ram, agr\u0101k ir biju\u0161i gad\u012bjumi, kad R\u012bg\u0101 vien m\u0113nes\u012b re\u0123istr\u0113ti simtiem vandalisma gad\u012bjumu sabiedriskaj\u0101 transport\u0101, kas rada iev\u0113rojamus zaud\u0113jumus pils\u0113tai.<\/p>\n<p>Sabiedr\u012bbas vienaldz\u012bbas mazin\u0101\u0161ana un atbild\u012bba<\/p>\n<p>\u0160\u0101dos gad\u012bjumos svar\u012bga ir sabiedr\u012bbas iesaiste un zi\u0146o\u0161ana par p\u0101rk\u0101pumiem. \u201cR\u012bgas satiksme\u201d sadarb\u012bb\u0101 ar pa\u0161vald\u012bbas policiju ir \u012bstenojusi kampa\u0146as, lai inform\u0113tu pasa\u017eierus par to, k\u0101 r\u012bkoties, ja tiek apdraud\u0113ta vi\u0146u vai citu dro\u0161\u012bba un komforts sabiedriskaj\u0101 transport\u0101. Tas ietver aicin\u0101jumu zi\u0146ot par nek\u0101rt\u012bb\u0101m, zvanot policijai vai inform\u0113jot transportl\u012bdzek\u013ca vad\u012bt\u0101ju. Cilv\u0113ku vienaldz\u012bba var novest pie liel\u0101kiem post\u012bjumiem un nepat\u012bkam\u0101m sek\u0101m. Ar\u012b \u0161aj\u0101 Saurie\u0161u gad\u012bjum\u0101 policijas kl\u0101tb\u016btne un v\u012brie\u0161a pien\u0101kums izt\u012br\u012bt sarakstus ir skaidrs sign\u0101ls, ka likumsargi uzrauga sabiedrisko k\u0101rt\u012bbu un ir gatavi rea\u0123\u0113t uz jebk\u0101diem p\u0101rk\u0101pumiem.<\/p>\n","protected":false},"excerpt":{"rendered":"Viet\u0113jais m\u0101kslinieks Saurie\u0161os izmanto transporta pieturas k\u0101 audeklu, bet policija liek izl\u012bdzin\u0101t savus darbus Saurie\u0161os k\u0101ds iedz\u012bvot\u0101js, ko&hellip;\n","protected":false},"author":2,"featured_media":71181,"comment_status":"","ping_status":"","sticky":false,"template":"","format":"standard","meta":{"footnotes":""},"categories":[19],"tags":[89,90,35,39,38,36,37,34,40,10092,6878,1954,18190,878],"class_list":{"0":"post-71180","1":"post","2":"type-post","3":"status-publish","4":"format-standard","5":"has-post-thumbnail","7":"category-izklaide","8":"tag-entertainment","9":"tag-izklaide","10":"tag-latvia","11":"tag-latvian","12":"tag-latviesu","13":"tag-latviesu-valoda","14":"tag-latviesuvaloda","15":"tag-latvija","16":"tag-lv","17":"tag-makslinieks","18":"tag-pasvaldibas-policija","19":"tag-sabiedriskais-transports","20":"tag-sauriesi","21":"tag-vandalisms"},"share_on_mastodon":{"url":"https:\/\/pubeurope.com\/@lv\/115698861556714329","error":""},"_links":{"self":[{"href":"https:\/\/www.europesays.com\/lv\/wp-json\/wp\/v2\/posts\/71180","targetHints":{"allow":["GET"]}}],"collection":[{"href":"https:\/\/www.europesays.com\/lv\/wp-json\/wp\/v2\/posts"}],"about":[{"href":"https:\/\/www.europesays.com\/lv\/wp-json\/wp\/v2\/types\/post"}],"author":[{"embeddable":true,"href":"https:\/\/www.europesays.com\/lv\/wp-json\/wp\/v2\/users\/2"}],"replies":[{"embeddable":true,"href":"https:\/\/www.europesays.com\/lv\/wp-json\/wp\/v2\/comments?post=71180"}],"version-history":[{"count":0,"href":"https:\/\/www.europesays.com\/lv\/wp-json\/wp\/v2\/posts\/71180\/revisions"}],"wp:featuredmedia":[{"embeddable":true,"href":"https:\/\/www.europesays.com\/lv\/wp-json\/wp\/v2\/media\/71181"}],"wp:attachment":[{"href":"https:\/\/www.europesays.com\/lv\/wp-json\/wp\/v2\/media?parent=71180"}],"wp:term":[{"taxonomy":"category","embeddable":true,"href":"https:\/\/www.europesays.com\/lv\/wp-json\/wp\/v2\/categories?post=71180"},{"taxonomy":"post_tag","embeddable":true,"href":"https:\/\/www.europesays.com\/lv\/wp-json\/wp\/v2\/tags?post=71180"}],"curies":[{"name":"wp","href":"https:\/\/api.w.org\/{rel}","templated":true}]}}