{"id":71238,"date":"2025-12-11T05:57:12","date_gmt":"2025-12-11T05:57:12","guid":{"rendered":"https:\/\/www.europesays.com\/lv\/71238\/"},"modified":"2025-12-11T05:57:12","modified_gmt":"2025-12-11T05:57:12","slug":"beidzam-darbu-pie-asv-plana-20-punktiem","status":"publish","type":"post","link":"https:\/\/www.europesays.com\/lv\/71238\/","title":{"rendered":"Beidzam darbu pie ASV pl\u0101na 20 punktiem"},"content":{"rendered":"<p>&#8220;\u0160odienas grafik\u0101 &#8211; saruna ar amerik\u0101\u0146u pusi par dokumentu, kur b\u016bs detaliz\u0113ti aprakst\u012bts Ukrainas atjauno\u0161anas un ekonomisk\u0101s att\u012bst\u012bbas process p\u0113c kara,&#8221; platform\u0101 &#8220;Telegram&#8221; pauda <a href=\"https:\/\/www.apollo.lv\/term\/731540\/zelenskis\" class=\"topicLink\" target=\"_blank\" rel=\"nofollow noopener\">Zelenskis<\/a>.<\/p>\n<p>&#8220;Vienlaikus m\u0113s beidzam darbu pie pamatdokumenta 20 punktiem, kas var\u0113tu noteikt kara beigu parametrus, un m\u0113s ceram tuv\u0101kaj\u0101 laik\u0101 nodot \u0161o dokumentu ASV,&#8221; nor\u0101d\u012bja Ukrainas prezidents.<\/p>\n<p>Dienu iepriek\u0161 Zelenskis \u017eurn\u0101listiem sac\u012bja, ka ASV pl\u0101ns, k\u0101 izbeigt karu Ukrain\u0101, ir sa\u012bsin\u0101ts l\u012bdz 20 punktiem.<\/p>\n<p>Britu laikraksta &#8220;Financial Times&#8221; avoti apgalvoja, ka ASV prezidenta Donalda Trampa s\u016bt\u0146i atv\u0113l\u0113ju\u0161i Zelenskim tikai da\u017eas dienas, lai pie\u0146emtu pl\u0101nu, kas paredz, ka apmai\u0146\u0101 pret nekonkretiz\u0113t\u0101m ASV dro\u0161\u012bbas garantij\u0101m Ukrainai b\u016bs j\u0101atz\u012bst teritori\u0101lie zaud\u0113jumi.<\/p>\n<p>Tramps cer saska\u0146ot vieno\u0161anos l\u012bdz Ziemassv\u0113tkiem, pauda laikraksta sarunbiedrs.<\/p>\n<p>Taj\u0101 pat laik\u0101 ukrai\u0146u t\u012bmek\u013ca izdevuma &#8220;RBK-Ukraina&#8221; avots nor\u0101d\u012bja &#8211; lai gan amerik\u0101\u0146i steidzina Kijivu, nav noteikts termi\u0146\u0161 &#8220;l\u012bdz Ziemassv\u0113tkiem&#8221;.<\/p>\n<p>Zelenskis tagad apstiprina zi\u0146as, ka jauna saruna ar labas gribas koal\u012bcijas locek\u013ciem notiks ceturtdien.<\/p>\n<p>&#8220;Ned\u0113\u013ca var sniegt jaunumus mums visiem un par asinsizlie\u0161anas beig\u0101m. M\u0113s pie\u0146emam, ka mieram nav alternat\u012bvas, un galvenie jaut\u0101jumi ir &#8211; k\u0101 pan\u0101kt, lai Krievija p\u0101rtrauc slepkav\u012bbas, un kas tie\u0161i attur\u0113s Krieviju no tre\u0161\u0101 iebrukuma,&#8221; sac\u012bja Ukrainas prezidents.<\/p>\n","protected":false},"excerpt":{"rendered":"&#8220;\u0160odienas grafik\u0101 &#8211; saruna ar amerik\u0101\u0146u pusi par dokumentu, kur b\u016bs detaliz\u0113ti aprakst\u012bts Ukrainas atjauno\u0161anas un ekonomisk\u0101s att\u012bst\u012bbas&hellip;\n","protected":false},"author":2,"featured_media":48112,"comment_status":"","ping_status":"","sticky":false,"template":"","format":"standard","meta":{"footnotes":""},"categories":[5],"tags":[23,28,29,32,33,22,30,31,35,39,38,36,37,34,40,20,26,27,24,25,276,178,1075,21],"class_list":{"0":"post-71238","1":"post","2":"type-post","3":"status-publish","4":"format-standard","5":"has-post-thumbnail","7":"category-aktualitates","8":"tag-aktualitates","9":"tag-breaking-news","10":"tag-breakingnews","11":"tag-featured-news","12":"tag-featurednews","13":"tag-headlines","14":"tag-latest-news","15":"tag-latestnews","16":"tag-latvia","17":"tag-latvian","18":"tag-latviesu","19":"tag-latviesu-valoda","20":"tag-latviesuvaloda","21":"tag-latvija","22":"tag-lv","23":"tag-news","24":"tag-popularakas-zinas","25":"tag-popularakaszinas","26":"tag-top-stories","27":"tag-topstories","28":"tag-ukraina","29":"tag-volodimirs-zelenskis","30":"tag-zelenskis","31":"tag-zinas"},"share_on_mastodon":{"url":"https:\/\/pubeurope.com\/@lv\/115699400257717697","error":""},"_links":{"self":[{"href":"https:\/\/www.europesays.com\/lv\/wp-json\/wp\/v2\/posts\/71238","targetHints":{"allow":["GET"]}}],"collection":[{"href":"https:\/\/www.europesays.com\/lv\/wp-json\/wp\/v2\/posts"}],"about":[{"href":"https:\/\/www.europesays.com\/lv\/wp-json\/wp\/v2\/types\/post"}],"author":[{"embeddable":true,"href":"https:\/\/www.europesays.com\/lv\/wp-json\/wp\/v2\/users\/2"}],"replies":[{"embeddable":true,"href":"https:\/\/www.europesays.com\/lv\/wp-json\/wp\/v2\/comments?post=71238"}],"version-history":[{"count":0,"href":"https:\/\/www.europesays.com\/lv\/wp-json\/wp\/v2\/posts\/71238\/revisions"}],"wp:featuredmedia":[{"embeddable":true,"href":"https:\/\/www.europesays.com\/lv\/wp-json\/wp\/v2\/media\/48112"}],"wp:attachment":[{"href":"https:\/\/www.europesays.com\/lv\/wp-json\/wp\/v2\/media?parent=71238"}],"wp:term":[{"taxonomy":"category","embeddable":true,"href":"https:\/\/www.europesays.com\/lv\/wp-json\/wp\/v2\/categories?post=71238"},{"taxonomy":"post_tag","embeddable":true,"href":"https:\/\/www.europesays.com\/lv\/wp-json\/wp\/v2\/tags?post=71238"}],"curies":[{"name":"wp","href":"https:\/\/api.w.org\/{rel}","templated":true}]}}