{"id":71329,"date":"2025-12-11T07:52:07","date_gmt":"2025-12-11T07:52:07","guid":{"rendered":"https:\/\/www.europesays.com\/lv\/71329\/"},"modified":"2025-12-11T07:52:07","modified_gmt":"2025-12-11T07:52:07","slug":"duets-bujans-iepriecina-ar-jaunu-tehno-dziesmas-videoklipu-dzimsanas-dienas-noskanas-lente-lv","status":"publish","type":"post","link":"https:\/\/www.europesays.com\/lv\/71329\/","title":{"rendered":"Duets &#8220;Buj\u0101ns&#8221; iepriecina ar jaunu tehno dziesmas videoklipu dzim\u0161anas dienas noska\u0146\u0101s\u00a0\u2014\u00a0Lente.lv"},"content":{"rendered":"<p>Duets &#8220;Buj\u0101ns&#8221; iepriecina ar jaun\u0101s tehno dziesmas videoklipu sv\u0113tku noska\u0146\u0101s<\/p>\n<p>Talant\u012bgie m\u016bzi\u0137i Intars Busulis un Reinis S\u0113j\u0101ns, kas paz\u012bstami k\u0101 duets &#8220;Buj\u0101ns&#8221;, ir sag\u0101d\u0101ju\u0161i saviem klaus\u012bt\u0101jiem jaunu, ener\u0123isku muzik\u0101lu p\u0101rsteigumu. Vi\u0146i lauvu\u0161i klaj\u0101 jaunas tehno dziesmas videoklipu ar nosaukumu &#8220;Daudz laimes dzim\u0161anas dien\u0101&#8221;. \u0160is ska\u0146darbs ir ne tikai ener\u0123isks un aicino\u0161s dejot, bet ar\u012b \u012bpa\u0161s ar savu dzim\u0161anas dienas tematikas piesk\u0101rienu, kas k\u013cuva par centr\u0101lo mot\u012bvu dziesmas rad\u012b\u0161an\u0101. <\/p>\n<p>Muzik\u0101la d\u0101vana ar tehno odzi\u0146u<\/p>\n<p>Duets &#8220;Buj\u0101ns&#8221;, kur\u0161 kop\u0161 2017. gada decembra regul\u0101ri iepriecina ar sav\u0101m kompoz\u012bcij\u0101m, ar\u012b \u0161oreiz nav vil\u0101jies. Vi\u0146u jaunais singls &#8220;Daudz laimes dzim\u0161anas dien\u0101&#8221; izce\u013cas ar dinamiskajiem un pulkstenim sito\u0161ajiem tehno ritmiem, kas rada neatvair\u0101mu v\u0113lmi svin\u0113t un baud\u012bt dz\u012bvi. <\/p>\n<p>K\u0101 atkl\u0101jis viens no dziesmas autoriem, Intars Busulis, v\u0113lme piev\u0113rsties dzim\u0161anas dienas t\u0113mai radusies dabisk\u0101 ce\u013c\u0101, un dziesmas pirmatska\u0146ojums telev\u012bzij\u0101 noticis tie\u0161i Rei\u0146a S\u0113j\u0101na dzim\u0161anas dien\u0101. Tas pie\u0161\u0137ir dziesmai personisku un svin\u012bgu v\u0113rt\u012bbu. <\/p>\n<blockquote><p> &#8220;V\u0113l\u0113j\u0101mies pieskarties t\u0113mai par \u0161iem noz\u012bm\u012bgajiem sv\u0113tkiem un dziesmas pirmizr\u0101de telev\u012bzij\u0101 norisin\u0101j\u0101s tie\u0161i Rei\u0146a dzim\u0161anas dien\u0101,&#8221; st\u0101sta viens no dziesmas autoriem Intars Busulis. <\/p><\/blockquote>\n<p>Reinis S\u0113j\u0101ns pievieno, ka dziesmu var uzskat\u012bt par &#8220;d\u0101vanu visiem, kuri piedzimu\u0161i \u2013 visiem, kuri ir gatavi k\u0101rt\u012bgai reiva ball\u012btei!&#8221; \u0160is skat\u012bjums uz dzim\u0161anas dienu k\u0101 uz ball\u012bti un reivu paspilgtina dziesmas ener\u0123isko un svin\u012bgo raksturu. <\/p>\n<p>Vizu\u0101l\u0101 un emocion\u0101l\u0101 dimensija<\/p>\n<p>Lai gan pati dziesma ir ener\u0123iska un aizraujo\u0161a, t\u0101s uztveri v\u0113l vair\u0101k bag\u0101tina jaunais videoklips, ko veidojusi video rado\u0161\u0101 a\u0123ent\u016bra &#8220;Colortime&#8221;. Videoklipa vizu\u0101l\u0101 est\u0113tika un dinamika lieliski papildina dziesmas tehno ritmus un sv\u0113tku noska\u0146u, radot kop\u0113ju, pat\u012bkamu un dejot gribo\u0161u pieredzi skat\u012bt\u0101jiem un klaus\u012bt\u0101jiem. <\/p>\n<p>Dueta trad\u012bcijas un n\u0101kotnes pl\u0101ni<\/p>\n<p>Duets &#8220;Buj\u0101ns&#8221;, kas dibin\u0101ts 2017. gada nogal\u0113, turpina savu trad\u012bciju \u2013 rad\u012bt vienu jaunu dziesmu gad\u0101. \u0160is gadu gait\u0101 ir k\u013cuvis par gaid\u012btu notikumu m\u016bzikas cien\u012bt\u0101ju vid\u016b. Grupas dal\u012bbnieki ir ne tikai izcili m\u016bzi\u0137i, bet ar\u012b rado\u0161i eksperiment\u0113t\u0101ji, kas mekl\u0113 jaunus veidus, k\u0101 p\u0101rsteigt savu auditoriju. <\/p>\n<p>Intara Busu\u013ca un Rei\u0146a S\u0113j\u0101na rado\u0161\u0101 apvien\u012bba ir sevi apliecin\u0101jusi k\u0101 sp\u0113j\u012bgu rad\u012bt gan emocion\u0101las bal\u0101des, piem\u0113ram, &#8220;Radiators&#8221;, gan ar\u012b eksperiment\u0113t ar da\u017e\u0101diem \u017eanriem, k\u0101 dziesma &#8220;He, She, You &amp; Me&#8221; latviskotaj\u0101 versij\u0101 &#8220;H\u012b, \u0160\u012b, Tu un Es&#8221;. Vi\u0146u sp\u0113ja pieskarties da\u017e\u0101d\u0101m t\u0113m\u0101m un izpausties da\u017e\u0101dos m\u016bzikas stilos apliecina vi\u0146u daudzpus\u012bbu un talantu. <\/p>\n<p>N\u0101kotnes pl\u0101nos duetam ir ne tikai izdot savu pirmo albumu 2026. gada izska\u0146\u0101, bet ar\u012b \u012bstenot sen lolotu sapni par grandiozu \u0161ovprogrammu R\u012bg\u0101, stadion\u0101 &#8220;Daugava&#8221;. Tas liecina par dueta amb\u012bcij\u0101m un v\u0113lmi rad\u012bt neaizmirstamus muzik\u0101lus notikumus. <\/p>\n<p>Citi dueta &#8220;Buj\u0101ns&#8221; darbi<\/p>\n<p>Dueta &#8220;Buj\u0101ns&#8221; diskogr\u0101fij\u0101 ir vair\u0101ki spilgti ska\u0146darbi, kas atspogu\u013co vi\u0146u rado\u0161o att\u012bst\u012bbu un stilistisk\u0101s izpausmes. Starp tiem ir &#8220;M\u0113s sp\u012bdam&#8221;, kas populariz\u0113 sportisku dz\u012bvesveidu un motiv\u0113 sasniegt m\u0113r\u0137us, un &#8220;Masku faktors&#8221;, kas rad\u012bts gada s\u0101kum\u0101. Vi\u0146i ar\u012b ir piedal\u012bju\u0161ies Latvijas nacion\u0101l\u0101s atlases &#8220;Supernova&#8221; konkurs\u0101 ar dziesmu &#8220;He, She, You &amp; Me&#8221;, kuras tulkot\u0101 versija &#8220;H\u012b, \u0160\u012b, Tu un Es&#8221; izplat\u012bta, lai nodotu v\u0113st\u012bjumu latvie\u0161u valod\u0101. \u0160is gad\u012bjums \u012bpa\u0161i uzsver dueta centienus saglab\u0101t latvie\u0161u valodu un kult\u016bru savos darbos, pat ja s\u0101kotn\u0113jais materi\u0101ls bijis sve\u0161valod\u0101. <\/p>\n<p>Grupas izveide 2017. gada nogal\u0113 p\u0113c dal\u012bbas \u0161ov\u0101 &#8220;X Faktors&#8221; \u017e\u016brij\u0101 ir iez\u012bm\u0113jusi jaunu lappusi Intara Busu\u013ca un Rei\u0146a S\u0113j\u0101na rado\u0161aj\u0101s karjer\u0101s, \u013caujot vi\u0146iem kop\u012bgi rad\u012bt m\u016bziku un dal\u012bties taj\u0101 ar pla\u0161\u0101ku auditoriju. <\/p>\n","protected":false},"excerpt":{"rendered":"Duets &#8220;Buj\u0101ns&#8221; iepriecina ar jaun\u0101s tehno dziesmas videoklipu sv\u0113tku noska\u0146\u0101s Talant\u012bgie m\u016bzi\u0137i Intars Busulis un Reinis S\u0113j\u0101ns, kas&hellip;\n","protected":false},"author":2,"featured_media":71330,"comment_status":"","ping_status":"","sticky":false,"template":"","format":"standard","meta":{"footnotes":""},"categories":[19],"tags":[18209,18211,89,4322,90,35,39,38,36,37,34,40,13875,18210],"class_list":{"0":"post-71329","1":"post","2":"type-post","3":"status-publish","4":"format-standard","5":"has-post-thumbnail","7":"category-izklaide","8":"tag-bujans","9":"tag-dzimsanas-dienas-dziesma","10":"tag-entertainment","11":"tag-intars-busulis","12":"tag-izklaide","13":"tag-latvia","14":"tag-latvian","15":"tag-latviesu","16":"tag-latviesu-valoda","17":"tag-latviesuvaloda","18":"tag-latvija","19":"tag-lv","20":"tag-reinis-sejans","21":"tag-tehno-muzika"},"share_on_mastodon":{"url":"https:\/\/pubeurope.com\/@lv\/115699852589164300","error":""},"_links":{"self":[{"href":"https:\/\/www.europesays.com\/lv\/wp-json\/wp\/v2\/posts\/71329","targetHints":{"allow":["GET"]}}],"collection":[{"href":"https:\/\/www.europesays.com\/lv\/wp-json\/wp\/v2\/posts"}],"about":[{"href":"https:\/\/www.europesays.com\/lv\/wp-json\/wp\/v2\/types\/post"}],"author":[{"embeddable":true,"href":"https:\/\/www.europesays.com\/lv\/wp-json\/wp\/v2\/users\/2"}],"replies":[{"embeddable":true,"href":"https:\/\/www.europesays.com\/lv\/wp-json\/wp\/v2\/comments?post=71329"}],"version-history":[{"count":0,"href":"https:\/\/www.europesays.com\/lv\/wp-json\/wp\/v2\/posts\/71329\/revisions"}],"wp:featuredmedia":[{"embeddable":true,"href":"https:\/\/www.europesays.com\/lv\/wp-json\/wp\/v2\/media\/71330"}],"wp:attachment":[{"href":"https:\/\/www.europesays.com\/lv\/wp-json\/wp\/v2\/media?parent=71329"}],"wp:term":[{"taxonomy":"category","embeddable":true,"href":"https:\/\/www.europesays.com\/lv\/wp-json\/wp\/v2\/categories?post=71329"},{"taxonomy":"post_tag","embeddable":true,"href":"https:\/\/www.europesays.com\/lv\/wp-json\/wp\/v2\/tags?post=71329"}],"curies":[{"name":"wp","href":"https:\/\/api.w.org\/{rel}","templated":true}]}}