{"id":71333,"date":"2025-12-11T07:56:09","date_gmt":"2025-12-11T07:56:09","guid":{"rendered":"https:\/\/www.europesays.com\/lv\/71333\/"},"modified":"2025-12-11T07:56:09","modified_gmt":"2025-12-11T07:56:09","slug":"zemkopibas-ministrs-konkuretspejigas-lauksaimniecibas-nakotnei-nepieciesams-papildu-finansejums-un-taisnigi-atbalsta-nosacijumi-visam-dalibvalstim","status":"publish","type":"post","link":"https:\/\/www.europesays.com\/lv\/71333\/","title":{"rendered":"Zemkop\u012bbas ministrs: konkur\u0113tsp\u0113j\u012bgas lauksaimniec\u012bbas n\u0101kotnei nepiecie\u0161ams papildu finans\u0113jums un taisn\u012bgi atbalsta nosac\u012bjumi vis\u0101m dal\u012bbvalst\u012bm"},"content":{"rendered":"<p>Tre\u0161dien, 10. decembr\u012b, Brisel\u0113, tiekoties ar Eiropas Parlamenta deput\u0101tiem, zemkop\u012bbas ministrs Armands Krauze nor\u0101d\u012bja uz vair\u0101kiem kritiski svar\u012bgiem Kop\u0113j\u0101s lauksaimniec\u012bbas politikas (KLP) jaut\u0101jumiem ES daudzgadu bud\u017eeta kontekst\u0101 n\u0101kamaj\u0101 ES pl\u0101no\u0161anas period\u0101 2028.\u20132034. gad\u0101.<\/p>\n<p>Armands Krauze: \u201cLatvija neatbalsta Kop\u0113j\u0101s lauksaimniec\u012bbas politikas iek\u013cau\u0161anu vienot\u0101 valstu un re\u0123ionu partner\u012bbas\u00a0 pl\u0101n\u0101 un fond\u0101, jo tas mazin\u0101s\u00a0 lauksaimniec\u012bbas un p\u0101rtikas ra\u017eo\u0161anas nozares strat\u0113\u0123isko noz\u012bmi un apdraud\u0113s iesp\u0113jas sniegt stabilu atbalstu lauksaimniekiem. <\/p>\n<p>Turkl\u0101t tas ir klaji pretrun\u0101 ES valstu kop\u012bgajam m\u0113r\u0137im \u2013 lauksaimniec\u012bbas politikas vienk\u0101r\u0161o\u0161anai. T\u0101pat nav pie\u0146emami, ka finans\u0113jums lauksaimniec\u012bbai, kas ir strat\u0113\u0123iski svar\u012bga joma, nep\u0101rtraukti samazin\u0101s, turkl\u0101t tas notiek laik\u0101, kad lauksaimniekiem tiek izvirz\u012btas arvien augst\u0101kas vides un klimata pras\u012bbas.\u201d<\/p>\n<p>Diskusij\u0101 ministrs ar\u012b nor\u0101d\u012bja, ka Eiropas Komisijas pied\u0101v\u0101taj\u0101 n\u0101kotnes KLP pietr\u016bkst divu b\u016btisku elementu.<\/p>\n<p>Pirmk\u0101rt, \u201cSkait\u013ci run\u0101 pa\u0161i par sevi \u2013 nevienl\u012bdz\u012bba ES dal\u012bbvalstu starp\u0101 tikai pieaug. Latvijas gad\u012bjum\u0101 \u2013 2028.gad\u0101 m\u0113s sa\u0146emsim atbalstu tikai 74% apm\u0113r\u0101 no ES vid\u0113j\u0101. T\u0101d\u0113\u013c ES ir beidzot j\u0101pie\u0146em l\u0113mums, lai ar 2028. gadu ikviena ES dal\u012bbvalsts sa\u0146emtu vismaz 90% no ES vid\u0113j\u0101\u00a0 atbalsta par hekt\u0101ru,\u201d uzsver zemkop\u012bbas ministrs.<\/p>\n<p>Otrk\u0101rt, ir skaidrs, ka Austrumu robe\u017eas valstis nevar\u0113s l\u012bdzfinans\u0113t KLP t\u0101d\u0101 l\u012bmen\u012b k\u0101 tur\u012bg\u0101k\u0101s dal\u012bbvalstis. Eso\u0161aj\u0101 \u0123eopolitiskaj\u0101 situ\u0101cij\u0101 Austrumu robe\u017eas valst\u012bm priorit\u0101te ir aizsardz\u012bba un dro\u0161\u012bba, t\u0101d\u0113\u013c t\u0101m b\u016bs ierobe\u017eotas iesp\u0113jas sniegt l\u012bdzv\u0113rt\u012bgu atbalstu lauksaimniec\u012bbai k\u0101 tur\u012bgaj\u0101m ES valst\u012bm.<\/p>\n<p>\u201cLauksaimniec\u012bba ir \u013coti sare\u017e\u0123\u012bta nozare un atkar\u012bga ne vien no politiskiem l\u0113mumiem, bet ar\u012b klimatiskiem apst\u0101k\u013ciem, un ir vit\u0101li nepiecie\u0161ama ikvienam pasaules iedz\u012bvot\u0101jam. T\u0101d\u0113\u013c m\u0113s atk\u0101rtoti uzsveram \u2013 Kop\u0113jai lauksaimniec\u012bbas politikai ir j\u0101paliek k\u0101 atsevi\u0161\u0137ai, m\u0113r\u0137\u0113tai ES politikai ar atbilsto\u0161u finans\u0113jumu. \u0160obr\u012bd nav \u012bstais laiks kompromisiem, kas pie\u013cautu \u0161\u012bs strat\u0113\u0123iski katra iedz\u012bvot\u0101ja dz\u012bv\u0113\u00a0 noz\u012bm\u012bg\u0101s nozares v\u0101jin\u0101\u0161anu,\u201d nor\u0101da zemkop\u012bbas ministrs Armands Krauze.<\/p>\n<p>          <img decoding=\"async\" src=\"https:\/\/www.europesays.com\/lv\/wp-content\/uploads\/2025\/12\/1765388232_965_logo-lv.png\" alt=\"\"\/><\/p>\n<p>                  \u0160\u012b inform\u0101cija ir publisks pazi\u0146ojums un neatspogu\u013co LV port\u0101la viedokli. Par t\u0101s saturu atbild ies\u016bt\u012bt\u0101js. <a data-popup=\"rules\">Public\u0113\u0161anas noteikumi<\/a><\/p>\n","protected":false},"excerpt":{"rendered":"Tre\u0161dien, 10. decembr\u012b, Brisel\u0113, tiekoties ar Eiropas Parlamenta deput\u0101tiem, zemkop\u012bbas ministrs Armands Krauze nor\u0101d\u012bja uz vair\u0101kiem kritiski svar\u012bgiem&hellip;\n","protected":false},"author":2,"featured_media":69252,"comment_status":"","ping_status":"","sticky":false,"template":"","format":"standard","meta":{"footnotes":""},"categories":[12],"tags":[23,28,29,32,33,22,30,31,35,39,38,36,37,34,40,20,26,27,24,25,21],"class_list":{"0":"post-71333","1":"post","2":"type-post","3":"status-publish","4":"format-standard","5":"has-post-thumbnail","7":"category-latvija","8":"tag-aktualitates","9":"tag-breaking-news","10":"tag-breakingnews","11":"tag-featured-news","12":"tag-featurednews","13":"tag-headlines","14":"tag-latest-news","15":"tag-latestnews","16":"tag-latvia","17":"tag-latvian","18":"tag-latviesu","19":"tag-latviesu-valoda","20":"tag-latviesuvaloda","21":"tag-latvija","22":"tag-lv","23":"tag-news","24":"tag-popularakas-zinas","25":"tag-popularakaszinas","26":"tag-top-stories","27":"tag-topstories","28":"tag-zinas"},"share_on_mastodon":{"url":"https:\/\/pubeurope.com\/@lv\/115699868362493715","error":""},"_links":{"self":[{"href":"https:\/\/www.europesays.com\/lv\/wp-json\/wp\/v2\/posts\/71333","targetHints":{"allow":["GET"]}}],"collection":[{"href":"https:\/\/www.europesays.com\/lv\/wp-json\/wp\/v2\/posts"}],"about":[{"href":"https:\/\/www.europesays.com\/lv\/wp-json\/wp\/v2\/types\/post"}],"author":[{"embeddable":true,"href":"https:\/\/www.europesays.com\/lv\/wp-json\/wp\/v2\/users\/2"}],"replies":[{"embeddable":true,"href":"https:\/\/www.europesays.com\/lv\/wp-json\/wp\/v2\/comments?post=71333"}],"version-history":[{"count":0,"href":"https:\/\/www.europesays.com\/lv\/wp-json\/wp\/v2\/posts\/71333\/revisions"}],"wp:featuredmedia":[{"embeddable":true,"href":"https:\/\/www.europesays.com\/lv\/wp-json\/wp\/v2\/media\/69252"}],"wp:attachment":[{"href":"https:\/\/www.europesays.com\/lv\/wp-json\/wp\/v2\/media?parent=71333"}],"wp:term":[{"taxonomy":"category","embeddable":true,"href":"https:\/\/www.europesays.com\/lv\/wp-json\/wp\/v2\/categories?post=71333"},{"taxonomy":"post_tag","embeddable":true,"href":"https:\/\/www.europesays.com\/lv\/wp-json\/wp\/v2\/tags?post=71333"}],"curies":[{"name":"wp","href":"https:\/\/api.w.org\/{rel}","templated":true}]}}