{"id":71334,"date":"2025-12-11T07:57:13","date_gmt":"2025-12-11T07:57:13","guid":{"rendered":"https:\/\/www.europesays.com\/lv\/71334\/"},"modified":"2025-12-11T07:57:13","modified_gmt":"2025-12-11T07:57:13","slug":"kara-beigas-vai-jauns-sakums-zelenskis-nak-klaja-ar-pazinojumu-par-asv-virzito-miera-planu","status":"publish","type":"post","link":"https:\/\/www.europesays.com\/lv\/71334\/","title":{"rendered":"Kara beigas vai jauns s\u0101kums? Zelenskis n\u0101k klaj\u0101 ar pazi\u0146ojumu par ASV virz\u012bto miera pl\u0101nu"},"content":{"rendered":"<p>    <img decoding=\"async\" src=\"https:\/\/www.europesays.com\/lv\/wp-content\/uploads\/2025\/11\/afp_82ad6g3-1024x698.jpg\" alt=\"&#10;Volodimirs Zelenskis&#10;\"\/><\/p>\n<p>Volodimirs Zelenskis<\/p>\n<p>Foto. Scanpix\/LETA\/Sergei SUPINSKY \/ AFP\n<\/p>\n<p>18:38, 10. decembris 2025<\/p>\n<p>Ukrainas prezidents Volodimirs Zelenskis tre\u0161dien pav\u0113st\u012bja, ka tiek pabeigts darbs pie ASV virz\u012bt\u0101 miera pl\u0101na 20 punktiem un ka dr\u012bzum\u0101 dokuments tiks nodots ASV pusei.<\/p>\n<p>        Las\u012bt\u0101kie<br \/>\n        <a data-imagesrc=\"{&quot;300&quot;:&quot;https:\\\/\\\/lastatic.ams3.cdn.digitaloceanspaces.com\\\/2020\\\/11\\\/shutterstock_1626687511-300x200.jpg&quot;,&quot;768&quot;:&quot;https:\\\/\\\/lastatic.ams3.cdn.digitaloceanspaces.com\\\/2020\\\/11\\\/shutterstock_1626687511-768x513.jpg&quot;,&quot;200&quot;:&quot;https:\\\/\\\/lastatic.ams3.cdn.digitaloceanspaces.com\\\/2020\\\/11\\\/shutterstock_1626687511-200x134.jpg&quot;,&quot;400&quot;:&quot;https:\\\/\\\/lastatic.ams3.cdn.digitaloceanspaces.com\\\/2020\\\/11\\\/shutterstock_1626687511-400x267.jpg&quot;,&quot;500&quot;:&quot;https:\\\/\\\/lastatic.ams3.cdn.digitaloceanspaces.com\\\/2020\\\/11\\\/shutterstock_1626687511-500x334.jpg&quot;,&quot;800&quot;:&quot;https:\\\/\\\/lastatic.ams3.cdn.digitaloceanspaces.com\\\/2020\\\/11\\\/shutterstock_1626687511.jpg&quot;}\" data-focuspoint=\"&quot;&quot;\" data-p=\"2478680\" href=\"https:\/\/www.la.lv\/sis-4-zodiaka-zimes-vel-visu-atlikuso-decembri-bus-laimigas-tas-sagaidis-uzvaras-vien\" class=\"content-item lazy-load\" wp_automatic_readability=\"26\" rel=\"nofollow noopener\" target=\"_blank\"><\/p>\n<p>                                <img decoding=\"async\" src=\"\" alt=\"\" style=\"\" data-imageid=\"\"\/><\/p>\n<p>                                Kokteilis<\/p>\n<p>\n                                                \u0160\u012bs 4 zodiaka z\u012bmes v\u0113l visu atliku\u0161o decembri b\u016bs laim\u012bgas: t\u0101s sagaid\u012bs uzvaras vien\n                            <\/p>\n<p><\/a><a data-imagesrc=\"{&quot;300&quot;:&quot;https:\\\/\\\/lastatic.ams3.cdn.digitaloceanspaces.com\\\/2025\\\/11\\\/Untitled-design-19-300x188.jpg&quot;,&quot;1024&quot;:&quot;https:\\\/\\\/lastatic.ams3.cdn.digitaloceanspaces.com\\\/2025\\\/11\\\/Untitled-design-19-1024x640.jpg&quot;,&quot;1536&quot;:&quot;https:\\\/\\\/lastatic.ams3.cdn.digitaloceanspaces.com\\\/2025\\\/11\\\/Untitled-design-19-1536x960.jpg&quot;,&quot;500&quot;:&quot;https:\\\/\\\/lastatic.ams3.cdn.digitaloceanspaces.com\\\/2025\\\/11\\\/Untitled-design-19-500x313.jpg&quot;,&quot;800&quot;:&quot;https:\\\/\\\/lastatic.ams3.cdn.digitaloceanspaces.com\\\/2025\\\/11\\\/Untitled-design-19-800x500.jpg&quot;,&quot;1600&quot;:&quot;https:\\\/\\\/lastatic.ams3.cdn.digitaloceanspaces.com\\\/2025\\\/11\\\/Untitled-design-19.jpg&quot;}\" data-focuspoint=\"&quot;&quot;\" data-p=\"2472405\" href=\"https:\/\/www.la.lv\/orig-poliklinikas-darbiniece-rikojas-nelikumigi-ka-inguna-nejausi-noklausijas-sarunu-un-atklaja-tisu-pacientu-mulkosanu\" class=\"content-item lazy-load\" wp_automatic_readability=\"26.5\" rel=\"nofollow noopener\" target=\"_blank\"><\/p>\n<p>                                <img decoding=\"async\" src=\"\" alt=\"\" style=\"\" data-imageid=\"\"\/><\/p>\n<p>                                RAKSTA REDAKTORS<\/p>\n<p>\n                                                Polikl\u012bnikas darbiniece r\u012bkoj\u0101s nelikum\u012bgi: k\u0101 Ing\u016bna nejau\u0161i noklaus\u012bj\u0101s sarunu un atkl\u0101ja t\u012b\u0161u pacientu mu\u013c\u0137o\u0161anu\n                            <\/p>\n<p><\/a><a data-imagesrc=\"{&quot;300&quot;:&quot;https:\\\/\\\/lastatic.ams3.cdn.digitaloceanspaces.com\\\/2024\\\/06\\\/za7ie3sljqc-300x200.jpg&quot;,&quot;1024&quot;:&quot;https:\\\/\\\/lastatic.ams3.cdn.digitaloceanspaces.com\\\/2024\\\/06\\\/za7ie3sljqc-1024x683.jpg&quot;,&quot;768&quot;:&quot;https:\\\/\\\/lastatic.ams3.cdn.digitaloceanspaces.com\\\/2024\\\/06\\\/za7ie3sljqc-768x512.jpg&quot;,&quot;1536&quot;:&quot;https:\\\/\\\/lastatic.ams3.cdn.digitaloceanspaces.com\\\/2024\\\/06\\\/za7ie3sljqc-1536x1024.jpg&quot;,&quot;2048&quot;:&quot;https:\\\/\\\/lastatic.ams3.cdn.digitaloceanspaces.com\\\/2024\\\/06\\\/za7ie3sljqc-2048x1366.jpg&quot;,&quot;200&quot;:&quot;https:\\\/\\\/lastatic.ams3.cdn.digitaloceanspaces.com\\\/2024\\\/06\\\/za7ie3sljqc-200x133.jpg&quot;,&quot;400&quot;:&quot;https:\\\/\\\/lastatic.ams3.cdn.digitaloceanspaces.com\\\/2024\\\/06\\\/za7ie3sljqc-400x267.jpg&quot;,&quot;500&quot;:&quot;https:\\\/\\\/lastatic.ams3.cdn.digitaloceanspaces.com\\\/2024\\\/06\\\/za7ie3sljqc-500x333.jpg&quot;,&quot;800&quot;:&quot;https:\\\/\\\/lastatic.ams3.cdn.digitaloceanspaces.com\\\/2024\\\/06\\\/za7ie3sljqc-800x534.jpg&quot;,&quot;1000&quot;:&quot;https:\\\/\\\/lastatic.ams3.cdn.digitaloceanspaces.com\\\/2024\\\/06\\\/za7ie3sljqc-1000x667.jpg&quot;,&quot;2560&quot;:&quot;https:\\\/\\\/lastatic.ams3.cdn.digitaloceanspaces.com\\\/2024\\\/06\\\/za7ie3sljqc-scaled.jpg&quot;}\" data-focuspoint=\"&quot;&quot;\" data-p=\"2478548\" href=\"https:\/\/www.la.lv\/maskava-legalize-liela-meroga-marodierismu-paatrinata-gaita-pienemts-jauns-likums-par-sliktu-ukrainiem\" class=\"content-item lazy-load\" wp_automatic_readability=\"26.5\" rel=\"nofollow noopener\" target=\"_blank\"><\/p>\n<p>                                <img decoding=\"async\" src=\"\" alt=\"\" style=\"\" data-imageid=\"\"\/><\/p>\n<p>\n                                                Maskava legaliz\u0113 liela m\u0113roga marodierismu: pa\u0101trin\u0101t\u0101 gait\u0101 pie\u0146emts jauns likums par sliktu ukrai\u0146iem<\/p>\n<p><\/a><br \/>\n        <a class=\"read-more\" href=\"https:\/\/www.la.lv\/top\" rel=\"nofollow noopener\" target=\"_blank\">Las\u012bt citas zi\u0146as<\/a><\/p>\n<blockquote><p>\u201c\u0160odienas grafik\u0101 \u2013 saruna ar amerik\u0101\u0146u pusi par dokumentu, kur b\u016bs detaliz\u0113ti aprakst\u012bts Ukrainas atjauno\u0161anas un ekonomisk\u0101s att\u012bst\u012bbas process p\u0113c kara,\u201d platform\u0101 \u201cTelegram\u201d pauda Zelenskis.<\/p><\/blockquote>\n<p>\u201cVienlaikus m\u0113s beidzam darbu pie pamatdokumenta 20 punktiem, kas var\u0113tu noteikt kara beigu parametrus, un m\u0113s ceram tuv\u0101kaj\u0101 laik\u0101 nodot \u0161o dokumentu ASV,\u201d nor\u0101d\u012bja Ukrainas prezidents.<\/p>\n<p>    CITI \u0160OBR\u012aD LASA<\/p>\n<p>Dienu iepriek\u0161 Zelenskis \u017eurn\u0101listiem sac\u012bja, ka ASV pl\u0101ns, k\u0101 izbeigt karu Ukrain\u0101, ir sa\u012bsin\u0101ts l\u012bdz 20 punktiem.<\/p>\n<p>Britu laikraksta \u201cFinancial Times\u201d avoti apgalvoja, ka ASV prezidenta Donalda Trampa s\u016bt\u0146i atv\u0113l\u0113ju\u0161i Zelenskim tikai da\u017eas dienas, lai pie\u0146emtu pl\u0101nu, kas paredz, ka apmai\u0146\u0101 pret nekonkretiz\u0113t\u0101m ASV dro\u0161\u012bbas garantij\u0101m Ukrainai b\u016bs j\u0101atz\u012bst teritori\u0101lie zaud\u0113jumi.<\/p>\n<p>Tramps cer saska\u0146ot vieno\u0161anos l\u012bdz Ziemassv\u0113tkiem, pauda laikraksta sarunbiedrs.<\/p>\n<p>Taj\u0101 pat laik\u0101 ukrai\u0146u t\u012bmek\u013ca izdevuma \u201cRBK-Ukraina\u201d avots nor\u0101d\u012bja \u2013 lai gan amerik\u0101\u0146i steidzina Kijivu, nav noteikts termi\u0146\u0161 \u201cl\u012bdz Ziemassv\u0113tkiem\u201d.<\/p>\n<p>Zelenskis tagad apstiprina zi\u0146as, ka jauna saruna ar labas gribas koal\u012bcijas locek\u013ciem notiks ceturtdien.<\/p>\n<blockquote><p>\u201cNed\u0113\u013ca var sniegt jaunumus mums visiem un par asinsizlie\u0161anas beig\u0101m. M\u0113s pie\u0146emam, ka mieram nav alternat\u012bvas, un galvenie jaut\u0101jumi ir \u2013 k\u0101 pan\u0101kt, lai Krievija p\u0101rtrauc slepkav\u012bbas, un kas tie\u0161i attur\u0113s Krieviju no tre\u0161\u0101 iebrukuma,\u201d sac\u012bja Ukrainas prezidents.<\/p><\/blockquote>\n<p>T\u0113mas<\/p>\n<p>    SAIST\u012aTIE RAKSTI<\/p>\n","protected":false},"excerpt":{"rendered":"Volodimirs Zelenskis Foto. Scanpix\/LETA\/Sergei SUPINSKY \/ AFP 18:38, 10. decembris 2025 Ukrainas prezidents Volodimirs Zelenskis tre\u0161dien pav\u0113st\u012bja, ka&hellip;\n","protected":false},"author":2,"featured_media":49484,"comment_status":"","ping_status":"","sticky":false,"template":"","format":"standard","meta":{"footnotes":""},"categories":[5],"tags":[23,28,29,32,33,22,30,31,35,39,38,36,37,34,40,20,26,27,24,25,21],"class_list":{"0":"post-71334","1":"post","2":"type-post","3":"status-publish","4":"format-standard","5":"has-post-thumbnail","7":"category-aktualitates","8":"tag-aktualitates","9":"tag-breaking-news","10":"tag-breakingnews","11":"tag-featured-news","12":"tag-featurednews","13":"tag-headlines","14":"tag-latest-news","15":"tag-latestnews","16":"tag-latvia","17":"tag-latvian","18":"tag-latviesu","19":"tag-latviesu-valoda","20":"tag-latviesuvaloda","21":"tag-latvija","22":"tag-lv","23":"tag-news","24":"tag-popularakas-zinas","25":"tag-popularakaszinas","26":"tag-top-stories","27":"tag-topstories","28":"tag-zinas"},"share_on_mastodon":{"url":"https:\/\/pubeurope.com\/@lv\/115699872228221510","error":""},"_links":{"self":[{"href":"https:\/\/www.europesays.com\/lv\/wp-json\/wp\/v2\/posts\/71334","targetHints":{"allow":["GET"]}}],"collection":[{"href":"https:\/\/www.europesays.com\/lv\/wp-json\/wp\/v2\/posts"}],"about":[{"href":"https:\/\/www.europesays.com\/lv\/wp-json\/wp\/v2\/types\/post"}],"author":[{"embeddable":true,"href":"https:\/\/www.europesays.com\/lv\/wp-json\/wp\/v2\/users\/2"}],"replies":[{"embeddable":true,"href":"https:\/\/www.europesays.com\/lv\/wp-json\/wp\/v2\/comments?post=71334"}],"version-history":[{"count":0,"href":"https:\/\/www.europesays.com\/lv\/wp-json\/wp\/v2\/posts\/71334\/revisions"}],"wp:featuredmedia":[{"embeddable":true,"href":"https:\/\/www.europesays.com\/lv\/wp-json\/wp\/v2\/media\/49484"}],"wp:attachment":[{"href":"https:\/\/www.europesays.com\/lv\/wp-json\/wp\/v2\/media?parent=71334"}],"wp:term":[{"taxonomy":"category","embeddable":true,"href":"https:\/\/www.europesays.com\/lv\/wp-json\/wp\/v2\/categories?post=71334"},{"taxonomy":"post_tag","embeddable":true,"href":"https:\/\/www.europesays.com\/lv\/wp-json\/wp\/v2\/tags?post=71334"}],"curies":[{"name":"wp","href":"https:\/\/api.w.org\/{rel}","templated":true}]}}