{"id":71341,"date":"2025-12-11T08:03:09","date_gmt":"2025-12-11T08:03:09","guid":{"rendered":"https:\/\/www.europesays.com\/lv\/71341\/"},"modified":"2025-12-11T08:03:09","modified_gmt":"2025-12-11T08:03:09","slug":"asv-pienem-aizsardzibas-budzetu-ar-atbalstu-eiropai-un-ukrainai-tikmer-danija-atzinusi-asv-par-iespejamu-drosibas-draudu","status":"publish","type":"post","link":"https:\/\/www.europesays.com\/lv\/71341\/","title":{"rendered":"ASV pie\u0146em aizsardz\u012bbas bud\u017eetu ar atbalstu Eiropai un Ukrainai; tikm\u0113r D\u0101nija atzinusi ASV par iesp\u0113jamu dro\u0161\u012bbas draudu"},"content":{"rendered":"<p>Kongresa apak\u0161pal\u0101tas pienemtais likumprojekts paredz padzi\u013cin\u0101t ASV resursus Baltijas valst\u012bm un nostiprin\u0101t NATO zieme\u013caustrumu flangu.<\/p>\n<p>Tas liedz Pentagonam samazin\u0101t ASV karav\u012bru skaitu Eirop\u0101 l\u012bdz maz\u0101k nek\u0101 76 t\u016bksto\u0161iem uz vair\u0101k nek\u0101 45 dien\u0101m, k\u0101 ar\u012b blo\u0137\u0113 svar\u012bga milit\u0101r\u0101 apr\u012bkojuma izve\u0161anu no Eiropas.<\/p>\n<p>Likumprojekts ar\u012b paredz pie\u0161\u0137irt 175 miljonus dol\u0101ru Baltijas Dro\u0161\u012bbas atbalsta iniciat\u012bvai, kas attiecas uz Igauniju, Latviju un Lietuvu.<\/p>\n<p>Tas ar\u012b paredz turpin\u0101t Ukrainas Dro\u0161\u012bbas atbalsta iniciat\u012bvas finans\u0113\u0161anu, pie\u0161\u0137irot \u0161im m\u0113r\u0137im 800 miljonus dol\u0101ru &#8211; 400 miljonus n\u0101kamaj\u0101 un 400 miljonus 2027. finan\u0161u gad\u0101. \u0160\u012b programma \u013cauj ASV administr\u0101cijai iepirkt iero\u010dus un apr\u012bkojumu tie\u0161i no ra\u017eot\u0101jiem, lai tos nodotu Ukrainas Bru\u0146otajiem sp\u0113kiem.<\/p>\n<p>Tikm\u0113r D\u0101nijas \u0101r\u0113j\u0101s un milit\u0101r\u0101s izl\u016bko\u0161anas dienests pirmo reizi ASV atzinis par potenci\u0101lu draudu valsts dro\u0161\u012bbai.<\/p>\n<p>Dokument\u0101 teikts, ka ASV arvien vair\u0101k par priorit\u0101ti izvirza savas intereses un &#8220;izmanto savu ekonomisko un tehnolo\u0123isko sp\u0113ku k\u0101 varas instrumentu&#8221;, ar\u012b attiec\u012bb\u0101s ar sabiedrotajiem un partneriem.<\/p>\n<p>D\u0101nijas izl\u016bkdienesti nor\u0101da uz pieaugo\u0161o ASV interesi par Grenlandi, pieaugot lielvaru s\u0101ncens\u012bbai Arktik\u0101.<\/p>\n<p>&#8220;ASV izmanto ekonomisko sp\u0113ku, ar\u012b augstu tarifu draudus, lai uzspiestu savu gribu, un vairs neizsl\u0113dz milit\u0101r\u0101 sp\u0113ka izmanto\u0161anu pat pret sabiedrotajiem,&#8221; teikts dokument\u0101.<\/p>\n<p>Par galvenajiem draudiem dro\u0161\u012bbai D\u0101nijas izl\u016bkdienesti joproj\u0101m uzskata Krieviju un \u0136\u012bnu.<\/p>\n<p>Neskaidr\u012bba par ASV k\u0101 Eiropas dro\u0161\u012bbas garanta lomu var palielin\u0101t Krievijas gatav\u012bbu pastiprin\u0101t hibr\u012bduzbrukumus pret NATO valst\u012bm.<\/p>\n<p>D\u0101nijas izl\u016bkdienesti uzskata Baltijas j\u016bras re\u0123ionu par &#8220;visaugst\u0101k\u0101 riska zonu&#8221;, kur Krievija var\u0113tu izmantot milit\u0101ru sp\u0113ku pret NATO.<\/p>\n","protected":false},"excerpt":{"rendered":"Kongresa apak\u0161pal\u0101tas pienemtais likumprojekts paredz padzi\u013cin\u0101t ASV resursus Baltijas valst\u012bm un nostiprin\u0101t NATO zieme\u013caustrumu flangu. Tas liedz Pentagonam&hellip;\n","protected":false},"author":2,"featured_media":71342,"comment_status":"","ping_status":"","sticky":false,"template":"","format":"standard","meta":{"footnotes":""},"categories":[5],"tags":[23,292,28,29,1418,334,427,32,33,22,30,31,35,39,38,36,37,34,40,71,20,26,27,24,25,276,21],"class_list":{"0":"post-71341","1":"post","2":"type-post","3":"status-publish","4":"format-standard","5":"has-post-thumbnail","7":"category-aktualitates","8":"tag-aktualitates","9":"tag-asv","10":"tag-breaking-news","11":"tag-breakingnews","12":"tag-danija","13":"tag-drosiba","14":"tag-eiropa","15":"tag-featured-news","16":"tag-featurednews","17":"tag-headlines","18":"tag-latest-news","19":"tag-latestnews","20":"tag-latvia","21":"tag-latvian","22":"tag-latviesu","23":"tag-latviesu-valoda","24":"tag-latviesuvaloda","25":"tag-latvija","26":"tag-lv","27":"tag-nato","28":"tag-news","29":"tag-popularakas-zinas","30":"tag-popularakaszinas","31":"tag-top-stories","32":"tag-topstories","33":"tag-ukraina","34":"tag-zinas"},"share_on_mastodon":{"url":"https:\/\/pubeurope.com\/@lv\/115699896036425653","error":""},"_links":{"self":[{"href":"https:\/\/www.europesays.com\/lv\/wp-json\/wp\/v2\/posts\/71341","targetHints":{"allow":["GET"]}}],"collection":[{"href":"https:\/\/www.europesays.com\/lv\/wp-json\/wp\/v2\/posts"}],"about":[{"href":"https:\/\/www.europesays.com\/lv\/wp-json\/wp\/v2\/types\/post"}],"author":[{"embeddable":true,"href":"https:\/\/www.europesays.com\/lv\/wp-json\/wp\/v2\/users\/2"}],"replies":[{"embeddable":true,"href":"https:\/\/www.europesays.com\/lv\/wp-json\/wp\/v2\/comments?post=71341"}],"version-history":[{"count":0,"href":"https:\/\/www.europesays.com\/lv\/wp-json\/wp\/v2\/posts\/71341\/revisions"}],"wp:featuredmedia":[{"embeddable":true,"href":"https:\/\/www.europesays.com\/lv\/wp-json\/wp\/v2\/media\/71342"}],"wp:attachment":[{"href":"https:\/\/www.europesays.com\/lv\/wp-json\/wp\/v2\/media?parent=71341"}],"wp:term":[{"taxonomy":"category","embeddable":true,"href":"https:\/\/www.europesays.com\/lv\/wp-json\/wp\/v2\/categories?post=71341"},{"taxonomy":"post_tag","embeddable":true,"href":"https:\/\/www.europesays.com\/lv\/wp-json\/wp\/v2\/tags?post=71341"}],"curies":[{"name":"wp","href":"https:\/\/api.w.org\/{rel}","templated":true}]}}