{"id":71345,"date":"2025-12-11T08:05:13","date_gmt":"2025-12-11T08:05:13","guid":{"rendered":"https:\/\/www.europesays.com\/lv\/71345\/"},"modified":"2025-12-11T08:05:13","modified_gmt":"2025-12-11T08:05:13","slug":"sis-bus-mans-pirmais-sezonas-sprints-slidsoli-lente-lv","status":"publish","type":"post","link":"https:\/\/www.europesays.com\/lv\/71345\/","title":{"rendered":"\u201c\u0160is b\u016bs mans pirmais sezonas sprints slidsol\u012b\u201d\u00a0\u2014\u00a0Lente.lv"},"content":{"rendered":"<p>Latvijas distan\u010du sl\u0113pot\u0101jas perspekt\u012bvas Davos\u0101<\/p>\n<p>Latvie\u0161u distan\u010du sl\u0113pot\u0101ja Patr\u012bcija Eiduka gatavojas Pasaules kausa posmam Davos\u0101, \u0160veic\u0113, kas iez\u012bm\u0113s vi\u0146as pirmo sprintu \u0161aj\u0101 sezon\u0101.<\/p>\n<p>Eiduka Pasaules kausa sezonu ir uzs\u0101kusi piesardz\u012bg\u0101k, tr\u012bsreiz start\u0113jot sacens\u012bb\u0101s, ta\u010du izlai\u017eot sprinta discipl\u012bnas klasiskaj\u0101 sl\u0113pojum\u0101. Vi\u0146as augst\u0101kais sasniegums l\u012bdz \u0161im bija 25. vieta 20 km masu start\u0101 br\u012bvaj\u0101 stil\u0101 pirmaj\u0101 posm\u0101 Ruk\u0101. Sportiste atz\u012bst, ka \u0161ogad vi\u0146a apzin\u0101ti fors\u0113 savu fizisko formu pak\u0101peniski, lai izvair\u012btos no p\u0101rp\u016bles, kas iepriek\u0161\u0113j\u0101 sezon\u0101 rad\u012bja sare\u017e\u0123\u012bjumus.<\/p>\n<p>\u201cIdeja ir t\u0101da \u2013 ja nevari pietiekami labi nostart\u0113t, tad lab\u0101k pietaup\u012bt sp\u0113kus n\u0101kamaj\u0101m dien\u0101m,\u201d par savu strat\u0113\u0123iju st\u0101sta Eiduka. \u201cProtams, tas ir ar\u012b piesardz\u012bbas nol\u016bkos, jo iepriek\u0161\u0113j\u0101 sezona bija smaga un sare\u017e\u0123\u012bta, izlai\u017eot daudz sacens\u012bbu. Ir j\u0101v\u0113ro savas saj\u016btas un pa solim j\u0101iet uz priek\u0161u.\u201d<\/p>\n<p>Davosa \u2013 pirm\u0101 sprinta iesp\u0113ja<\/p>\n<p>Davosas posm\u0101 Eidukai pl\u0101nots piedal\u012bties div\u0101s sacens\u012bb\u0101s, taj\u0101 skait\u0101 gaid\u0101maj\u0101 sprint\u0101 slidsol\u012b. \u201cSprintus \u0161aj\u0101 sezon\u0101 es gal\u012bgi neesmu atmetusi, t\u0101p\u0113c Davos\u0101 man b\u016bs pirmais sprints slidsol\u012b, jo iepriek\u0161\u0113jos gados man taj\u0101 diezgan labi g\u0101jis,\u201d atkl\u0101j sportiste. Vi\u0146a gan piebilst, ka komandu sprints b\u016bs j\u0101izlai\u017e, jo pagaid\u0101m nepar\u0101d\u012bsies citas Latvijas p\u0101rst\u0101ves.<\/p>\n<p>Eidukas karjera ir bijusi aug\u0161upv\u0113rsta, ar iev\u0113rojamiem pan\u0101kumiem, piem\u0113ram, 2024. gada s\u0101kum\u0101 izc\u012bn\u012bto piekto vietu presti\u017eaj\u0101 \u201cTour de Ski\u201d seri\u0101l\u0101, atk\u0101rtojot visu laiku augstv\u0113rt\u012bg\u0101ko rezult\u0101tu Latvijas sl\u0113po\u0161anas v\u0113stur\u0113. Kopv\u0113rt\u0113jum\u0101 vi\u0146a tolaik ie\u0146\u0113ma astoto vietu, sasniedzot jaunu rekordu. Lai gan iepriek\u0161\u0113j\u0101 sezona bija izaicin\u0101jumiem bag\u0101ta, Eiduka ir ap\u0146\u0113m\u012bbas pilna atgriezties ierind\u0101 un turpin\u0101t demonstr\u0113t savu meistar\u012bbu.<\/p>\n<p>T\u0101l\u0101kie pl\u0101ni un sezona<\/p>\n<p>P\u0113c Pasaules kausa posma \u0160veic\u0113, decembra p\u0113d\u0113j\u0101 ned\u0113\u013c\u0101, sekos presti\u017eais \u201cTour de Ski\u201d seri\u0101ls It\u0101lij\u0101. Eiduka pau\u017e cer\u012bbu, ka sasniegtais rezult\u0101ts Norv\u0113\u0123ij\u0101, kur vi\u0146a izc\u012bn\u012bja 29. vietu 10 km distanc\u0113, ir solis uz priek\u0161u vi\u0146as atg\u016b\u0161an\u0101s proces\u0101. Vi\u0146a gan atz\u012bst, ka rezult\u0101ts nebija tas, ko vi\u0146a v\u0113l\u0113tos, ta\u010du kopum\u0101 sacens\u012bbas bija labas, ar \u0101tru sl\u0113pojumu un neierasti bl\u012bviem rezult\u0101tiem sievie\u0161u konkurenc\u0113.<\/p>\n<p>\u201cPati jutos labi. Sl\u0113pes bija labi iesm\u0113r\u0113tas. Trase bija diezgan smaga. Kopum\u0101 viss ir k\u0101rt\u012bb\u0101,\u201d secina Patr\u012bcija, piebilstot, ka vi\u0146a ir gatava turpin\u0101t darbu un virz\u012bties uz priek\u0161u, lai sasniegtu savus m\u0113r\u0137us.<\/p>\n","protected":false},"excerpt":{"rendered":"Latvijas distan\u010du sl\u0113pot\u0101jas perspekt\u012bvas Davos\u0101 Latvie\u0161u distan\u010du sl\u0113pot\u0101ja Patr\u012bcija Eiduka gatavojas Pasaules kausa posmam Davos\u0101, \u0160veic\u0113, kas iez\u012bm\u0113s&hellip;\n","protected":false},"author":2,"featured_media":71346,"comment_status":"","ping_status":"","sticky":false,"template":"","format":"standard","meta":{"footnotes":""},"categories":[17],"tags":[18212,8196,35,39,38,36,37,34,40,2560,8094,67,17610],"class_list":{"0":"post-71345","1":"post","2":"type-post","3":"status-publish","4":"format-standard","5":"has-post-thumbnail","7":"category-sports","8":"tag-davosa","9":"tag-distancu-sleposana","10":"tag-latvia","11":"tag-latvian","12":"tag-latviesu","13":"tag-latviesu-valoda","14":"tag-latviesuvaloda","15":"tag-latvija","16":"tag-lv","17":"tag-pasaules-kauss","18":"tag-patricija-eiduka","19":"tag-sports","20":"tag-sprints"},"share_on_mastodon":{"url":"https:\/\/pubeurope.com\/@lv\/115699903589872144","error":""},"_links":{"self":[{"href":"https:\/\/www.europesays.com\/lv\/wp-json\/wp\/v2\/posts\/71345","targetHints":{"allow":["GET"]}}],"collection":[{"href":"https:\/\/www.europesays.com\/lv\/wp-json\/wp\/v2\/posts"}],"about":[{"href":"https:\/\/www.europesays.com\/lv\/wp-json\/wp\/v2\/types\/post"}],"author":[{"embeddable":true,"href":"https:\/\/www.europesays.com\/lv\/wp-json\/wp\/v2\/users\/2"}],"replies":[{"embeddable":true,"href":"https:\/\/www.europesays.com\/lv\/wp-json\/wp\/v2\/comments?post=71345"}],"version-history":[{"count":0,"href":"https:\/\/www.europesays.com\/lv\/wp-json\/wp\/v2\/posts\/71345\/revisions"}],"wp:featuredmedia":[{"embeddable":true,"href":"https:\/\/www.europesays.com\/lv\/wp-json\/wp\/v2\/media\/71346"}],"wp:attachment":[{"href":"https:\/\/www.europesays.com\/lv\/wp-json\/wp\/v2\/media?parent=71345"}],"wp:term":[{"taxonomy":"category","embeddable":true,"href":"https:\/\/www.europesays.com\/lv\/wp-json\/wp\/v2\/categories?post=71345"},{"taxonomy":"post_tag","embeddable":true,"href":"https:\/\/www.europesays.com\/lv\/wp-json\/wp\/v2\/tags?post=71345"}],"curies":[{"name":"wp","href":"https:\/\/api.w.org\/{rel}","templated":true}]}}