{"id":71349,"date":"2025-12-11T08:09:18","date_gmt":"2025-12-11T08:09:18","guid":{"rendered":"https:\/\/www.europesays.com\/lv\/71349\/"},"modified":"2025-12-11T08:09:18","modified_gmt":"2025-12-11T08:09:18","slug":"uzulnieks-2-pensiju-limenis-paliks-neaizskarams","status":"publish","type":"post","link":"https:\/\/www.europesays.com\/lv\/71349\/","title":{"rendered":"Uzulnieks: 2. pensiju l\u012bmenis paliks neaizskarams"},"content":{"rendered":"<p class=\"descr\">Vai Latvija nesekos Igaunijai un Lietuvai, at\u013caujot iz\u0146emt 2. pensijas l\u012bmeni? \u201cKam\u0113r es b\u016b\u0161u ministrs, nedom\u0101ju atv\u0113rt v\u0101rtus 2. pensiju l\u012bme\u0146a iz\u0146em\u0161anai,\u201d TV24 sac\u012bja labkl\u0101j\u012bbas ministrs Reinis Uzulnieks (Za\u013co un zemnieku savien\u012bba).<\/p>\n<p>\u201cKad Igaunija at\u013c\u0101va iz\u0146emt 2. pensiju l\u012bmeni, tad t\u0101 pati saprata, ka t\u0101 bija k\u013c\u016bda, jo 2. pensiju l\u012bmenis ir uzkr\u0101jo\u0161ais l\u012bmenis, un cilv\u0113ki bie\u017ei vien iz\u0146\u0113ma \u0161o l\u012bmeni un to izt\u0113r\u0113ja, nevis ieguld\u012bja kaut kur citur. Ja skat\u0101mies ilgtermi\u0146\u0101, tas nav lab\u0101kais risin\u0101jums, jo mums ir j\u0101dom\u0101, k\u0101 uzkr\u0101t. \u0160aj\u0101 gad\u012bjum\u0101 cilv\u0113ki \u0101tri izt\u0113r\u0113ja pirm\u0101s nepiecie\u0161am\u012bbas prec\u0113m, bet nedom\u0101ja, k\u0101 uzkr\u0101t,\u201d sac\u012bja <a href=\"https:\/\/nra.lv\/birka\/reinis-uzulnieks\/\" target=\"_blank\" rel=\"noopener nofollow\">R. Uzulnieks. <\/a><\/p>\n<p>Labkl\u0101j\u012bbas ministrs uzskata, ka Latvijas <a href=\"https:\/\/nra.lv\/birka\/pensija\/\" target=\"_blank\" rel=\"noopener nofollow\">pensiju<\/a> sist\u0113ma ir pietiekami laba. Protams, v\u0113l ir kur var\u0113tu uzlabot gan otro, gan tre\u0161o pensiju l\u012bmeni, bet \u201ckam\u0113r es b\u016b\u0161u ministrs, m\u0113s nedom\u0101jam atv\u0113rt v\u0101rtus\u201d, teica R. Uzulnieks.<\/p>\n<p>\t\t\t\t\t\tinfo<\/p>\n<p>Uzzini pirmais<br \/>kas interesants noticis Latvij\u0101 un pasaul\u0113,<br \/>pievienojoties mums <a href=\"https:\/\/t.me\/neatkariga\" rel=\"nofollow\">Telegram<\/a> vai <a href=\"https:\/\/whatsapp.com\/channel\/0029VaMLFUH5K3zLU5s4wm3y\" rel=\"nofollow noopener\" target=\"_blank\">Whatsapp<\/a> kan\u0101l\u0101<\/p>\n","protected":false},"excerpt":{"rendered":"Vai Latvija nesekos Igaunijai un Lietuvai, at\u013caujot iz\u0146emt 2. pensijas l\u012bmeni? \u201cKam\u0113r es b\u016b\u0161u ministrs, nedom\u0101ju atv\u0113rt v\u0101rtus&hellip;\n","protected":false},"author":2,"featured_media":71350,"comment_status":"","ping_status":"","sticky":false,"template":"","format":"standard","meta":{"footnotes":""},"categories":[5],"tags":[23,28,29,32,33,22,30,31,35,39,38,36,37,34,40,20,26,27,24,25,21],"class_list":{"0":"post-71349","1":"post","2":"type-post","3":"status-publish","4":"format-standard","5":"has-post-thumbnail","7":"category-aktualitates","8":"tag-aktualitates","9":"tag-breaking-news","10":"tag-breakingnews","11":"tag-featured-news","12":"tag-featurednews","13":"tag-headlines","14":"tag-latest-news","15":"tag-latestnews","16":"tag-latvia","17":"tag-latvian","18":"tag-latviesu","19":"tag-latviesu-valoda","20":"tag-latviesuvaloda","21":"tag-latvija","22":"tag-lv","23":"tag-news","24":"tag-popularakas-zinas","25":"tag-popularakaszinas","26":"tag-top-stories","27":"tag-topstories","28":"tag-zinas"},"share_on_mastodon":{"url":"https:\/\/pubeurope.com\/@lv\/115699919416017137","error":""},"_links":{"self":[{"href":"https:\/\/www.europesays.com\/lv\/wp-json\/wp\/v2\/posts\/71349","targetHints":{"allow":["GET"]}}],"collection":[{"href":"https:\/\/www.europesays.com\/lv\/wp-json\/wp\/v2\/posts"}],"about":[{"href":"https:\/\/www.europesays.com\/lv\/wp-json\/wp\/v2\/types\/post"}],"author":[{"embeddable":true,"href":"https:\/\/www.europesays.com\/lv\/wp-json\/wp\/v2\/users\/2"}],"replies":[{"embeddable":true,"href":"https:\/\/www.europesays.com\/lv\/wp-json\/wp\/v2\/comments?post=71349"}],"version-history":[{"count":0,"href":"https:\/\/www.europesays.com\/lv\/wp-json\/wp\/v2\/posts\/71349\/revisions"}],"wp:featuredmedia":[{"embeddable":true,"href":"https:\/\/www.europesays.com\/lv\/wp-json\/wp\/v2\/media\/71350"}],"wp:attachment":[{"href":"https:\/\/www.europesays.com\/lv\/wp-json\/wp\/v2\/media?parent=71349"}],"wp:term":[{"taxonomy":"category","embeddable":true,"href":"https:\/\/www.europesays.com\/lv\/wp-json\/wp\/v2\/categories?post=71349"},{"taxonomy":"post_tag","embeddable":true,"href":"https:\/\/www.europesays.com\/lv\/wp-json\/wp\/v2\/tags?post=71349"}],"curies":[{"name":"wp","href":"https:\/\/api.w.org\/{rel}","templated":true}]}}