{"id":71355,"date":"2025-12-11T08:13:07","date_gmt":"2025-12-11T08:13:07","guid":{"rendered":"https:\/\/www.europesays.com\/lv\/71355\/"},"modified":"2025-12-11T08:13:07","modified_gmt":"2025-12-11T08:13:07","slug":"jau-piecas-valstis-atteikusas-no-dalibas-2006-gada-eirovizija","status":"publish","type":"post","link":"https:\/\/www.europesays.com\/lv\/71355\/","title":{"rendered":"Jau piecas valstis atteiku\u0161\u0101s no dal\u012bbas 2006. gada \u201dEirov\u012bzij\u0101\u201d"},"content":{"rendered":"<p>Islande ir piekt\u0101 valsts, kas izst\u0101jas no 2026.\u00a0gada Eirov\u012bzijas dziesmu konkursa, pievienojoties Sp\u0101nijai, \u012arijai, Slov\u0113nijai un N\u012bderlandei. L\u0113mums tika pie\u0146emts p\u0113c Islandes raidorganiz\u0101cijas R\u00daV direktoru padomes san\u0101ksmes 10.\u00a0decembra p\u0113cpusdien\u0101 \u2014 EBU noteiktaj\u0101 termi\u0146\u0101, lai izvair\u012btos no sodiem par nov\u0113lotu izst\u0101\u0161anos.<\/p>\n<p>\u201cEirov\u012bzijas\u201d boikot\u0113\u0161anas vilnis s\u0101k\u0101s decembra s\u0101kum\u0101, kad <a href=\"https:\/\/tv3.lv\/zinas\/arvalstis\/izraela-vares-piedalities-eirovizija-vairakas-valstis-pazino-par-konkuras-boikotu\/\" rel=\"nofollow noopener\" target=\"_blank\">r\u012bkot\u0101ji san\u0101ksm\u0113 \u017den\u0113v\u0101 nol\u0113ma nebalsot par Izra\u0113las dal\u012bbu n\u0101kamgad.<\/a><\/p>\n<p>Ar\u012b Islandes p\u0101rst\u0101vji nor\u0101da, ka Izra\u0113las dal\u012bba konkurs\u0101 \u201crada \u0161\u0137el\u0161anos\u201d k\u0101 konkursantu, t\u0101 sabiedr\u012bbas vid\u016b.<\/p>\n<p>Vai konkurss, kur\u0161 alla\u017e st\u0101v\u0113jis p\u0101ri politiskiem konfliktiem un iest\u0101jies par vienot\u012bbu m\u016bzik\u0101, s\u0101k zaud\u0113t ideju?<\/p>\n<p>Tikm\u0113r satraukumam par to, ka neb\u016bs, kas maij\u0101 V\u012bn\u0113 dzied, nav pamata. \u0160obr\u012bd v\u0113lmi piedal\u012bties \u201cEirov\u012bzij\u0101\u201d izteiku\u0161as 34 valstis, tostarp, Latvija.<\/p>\n<p>Pilns dal\u012bbnieku saraksts n\u0101kam\u0101 gada \u201cEirov\u012bzijai\u201d gaid\u0101ms pirms Ziemassv\u0113tkiem.<\/p>\n<p>Un, lai ar\u012b piecas valstis, kas start\u0113ja \u0161ogad, pazi\u0146oju\u0161as, ka n\u0101kamgad dziesmu sp\u0113l\u0113 nepiedal\u0101s, tr\u012bs savuk\u0101rt esot gatavas atgriezties uz \u201cEirov\u012bzijas\u201d skatuves p\u0113c pauzes: Bulg\u0101rija, Moldova un Rum\u0101nija.<\/p>\n<p>Bulg\u0101rija<\/p>\n<p>Bulg\u0101rija \u201cEirov\u012bzij\u0101\u201d\u00a0 nav uzst\u0101jusies kop\u0161 2022. gada, un atrun\u0101jas ar naudas gr\u016bt\u012bb\u0101m. Pirms 2025. gada konkursa \u0161ur tur tika run\u0101ts par Bulg\u0101rijas iesp\u0113jamu atgrie\u0161anos, ta\u010du t\u0101 nenotika. Iepriek\u0161 valstij bija visai labi pan\u0101kumi konkurs\u0101: 4. vieta 2016. viet\u0101 un 2. vieta 2017. gad\u0101. 2020. gad\u0101, kad \u201cEirov\u012bziju\u201d atc\u0113la \u201cCovid\u201d pand\u0113mijas d\u0113\u013c, Bulg\u0101rijas Viktorijai ar dziesmu \u201cTears Getting Sober\u201d prognoz\u0113ja uzvaru.<\/p>\n<p class=\"ad-desc ad-desc-main\">Saturs turpin\u0101s p\u0113c rekl\u0101mas<\/p>\n<p class=\"ad-desc ad-desc-sec\">Rekl\u0101ma<\/p>\n<p>Moldova<\/p>\n<p>K\u0101 raksta izdevums \u201cManchester Evening News\u201d, Moldovas raidorganiz\u0101cija TRM s\u0101kotn\u0113ji pl\u0101noja piedal\u012bties 2025. gada \u201cEirov\u012bzij\u0101\u201d, ta\u010du galu gal\u0101 atteic\u0101s, atsaucoties uz \u201cekonomiskiem, administrat\u012bviem un m\u0101kslinieciskiem izaicin\u0101jumiem\u201d. Moldovas lab\u0101kais pan\u0101kums konkurs\u0101 bija 2017. gad\u0101, kad \u201cSunStroke Project\u201d ieguva 3. vietu.<\/p>\n<p>Tikm\u0113r par interneta hitu k\u013cuvis Moldovas 2025. gada \u201cEirov\u012bzijas\u201d atlases klips. Iesp\u0113jams, l\u0113mums pag\u0101ju\u0161ogad nepiedal\u012bties, Moldovai bijis diezgan likumsakar\u012bgs. Cerams, ka \u0161ogad tur izv\u0113le b\u016bs liel\u0101ka.<\/p>\n<p>Rum\u0101nija<\/p>\n<p>Rum\u0101nija \u201cEirov\u012bzij\u0101\u201d kl\u0101t bija ik gadu laik\u0101 starp 1993. un 2023. gadu, iz\u0146emot 2016. gadu. 2024. gad\u0101 Rum\u0101nija no konkursa izst\u0101j\u0101s un tas valst\u012b ar\u012b netiek p\u0101rraid\u012bts. Iemesls \u2013 finansi\u0101li apsv\u0113rumi. J\u0101teic gan, ka Rum\u0101nija l\u012bdz p\u0113d\u0113jam mekl\u0113ja iesp\u0113jas \u2013 2024. gad\u0101, uz vi\u0146iem gaidot, tika pagarin\u0101ta pieteik\u0161an\u0101s konkursam. Ta\u010du, ac\u012bmredzot, l\u012bdzek\u013cu tom\u0113r nepietika. Valsts nekad nav uzvar\u0113jusi konkurs\u0101, ta\u010du divreiz ierindojusies tre\u0161aj\u0101 viet\u0101. P\u0113d\u0113j\u0101 no t\u0101m bija 2010. gads \u2013 daudzi atcer\u0113sies dziesmu \u201cPlaying With Fire\u201d un iespaid\u012bgo numuru ar no ab\u0101m pus\u0113m sp\u0113l\u0113jam\u0101m dego\u0161\u0101m klavier\u0113m.<\/p>\n<p class=\"tv3-fw-500\">Zi\u0146o par k\u013c\u016bdu rakst\u0101<\/p>\n<p class=\"d-md-block d-none\">Iez\u012bm\u0113 k\u013c\u016bdaino tekstu un spied Ctrl+Enter.<\/p>\n<p class=\"d-md-none d-block\">Iez\u012bm\u0113 k\u013c\u016bdaino tekstu un zi\u0146o par to!<\/p>\n","protected":false},"excerpt":{"rendered":"Islande ir piekt\u0101 valsts, kas izst\u0101jas no 2026.\u00a0gada Eirov\u012bzijas dziesmu konkursa, pievienojoties Sp\u0101nijai, \u012arijai, Slov\u0113nijai un N\u012bderlandei. L\u0113mums&hellip;\n","protected":false},"author":2,"featured_media":71356,"comment_status":"","ping_status":"","sticky":false,"template":"","format":"standard","meta":{"footnotes":""},"categories":[14],"tags":[23,57,28,29,18213,32,33,22,30,31,35,39,38,36,37,34,40,20,26,27,24,25,54,55,56,21,58],"class_list":{"0":"post-71355","1":"post","2":"type-post","3":"status-publish","4":"format-standard","5":"has-post-thumbnail","7":"category-zinas-no-arvalstim","8":"tag-aktualitates","9":"tag-arvalstim","10":"tag-breaking-news","11":"tag-breakingnews","12":"tag-eirovizijastar-fm-zinas","13":"tag-featured-news","14":"tag-featurednews","15":"tag-headlines","16":"tag-latest-news","17":"tag-latestnews","18":"tag-latvia","19":"tag-latvian","20":"tag-latviesu","21":"tag-latviesu-valoda","22":"tag-latviesuvaloda","23":"tag-latvija","24":"tag-lv","25":"tag-news","26":"tag-popularakas-zinas","27":"tag-popularakaszinas","28":"tag-top-stories","29":"tag-topstories","30":"tag-world","31":"tag-world-news","32":"tag-worldnews","33":"tag-zinas","34":"tag-zinas-no-arvalstim"},"share_on_mastodon":{"url":"https:\/\/pubeurope.com\/@lv\/115699935136569010","error":""},"_links":{"self":[{"href":"https:\/\/www.europesays.com\/lv\/wp-json\/wp\/v2\/posts\/71355","targetHints":{"allow":["GET"]}}],"collection":[{"href":"https:\/\/www.europesays.com\/lv\/wp-json\/wp\/v2\/posts"}],"about":[{"href":"https:\/\/www.europesays.com\/lv\/wp-json\/wp\/v2\/types\/post"}],"author":[{"embeddable":true,"href":"https:\/\/www.europesays.com\/lv\/wp-json\/wp\/v2\/users\/2"}],"replies":[{"embeddable":true,"href":"https:\/\/www.europesays.com\/lv\/wp-json\/wp\/v2\/comments?post=71355"}],"version-history":[{"count":0,"href":"https:\/\/www.europesays.com\/lv\/wp-json\/wp\/v2\/posts\/71355\/revisions"}],"wp:featuredmedia":[{"embeddable":true,"href":"https:\/\/www.europesays.com\/lv\/wp-json\/wp\/v2\/media\/71356"}],"wp:attachment":[{"href":"https:\/\/www.europesays.com\/lv\/wp-json\/wp\/v2\/media?parent=71355"}],"wp:term":[{"taxonomy":"category","embeddable":true,"href":"https:\/\/www.europesays.com\/lv\/wp-json\/wp\/v2\/categories?post=71355"},{"taxonomy":"post_tag","embeddable":true,"href":"https:\/\/www.europesays.com\/lv\/wp-json\/wp\/v2\/tags?post=71355"}],"curies":[{"name":"wp","href":"https:\/\/api.w.org\/{rel}","templated":true}]}}