{"id":71357,"date":"2025-12-11T08:14:10","date_gmt":"2025-12-11T08:14:10","guid":{"rendered":"https:\/\/www.europesays.com\/lv\/71357\/"},"modified":"2025-12-11T08:14:10","modified_gmt":"2025-12-11T08:14:10","slug":"latvija-bazeta-smartlynx-airlines-tiesa-iesniedz-maksatnespejas-procesa-pieteikumu","status":"publish","type":"post","link":"https:\/\/www.europesays.com\/lv\/71357\/","title":{"rendered":"Latvij\u0101 b\u0101z\u0113t\u0101 \u201cSmartLynx Airlines\u201d ties\u0101 iesniedz maks\u0101tnesp\u0113jas procesa pieteikumu"},"content":{"rendered":"<p>Vi\u0146\u0161 skaidroja, ka \u201cSmartLynx\u201d pl\u0101noja l\u012bdz \u0161\u0101 gada 15. decembrim \u012bstenot restrukturiz\u0101cijas pl\u0101nu, pied\u0101v\u0101jot kreditoriem da\u013cu no uz\u0146\u0113muma akcij\u0101m un veikt izmaksas noteikt\u0101 laika posm\u0101. Tom\u0113r, \u201cizplatoties nepatiesai un maldino\u0161ai inform\u0101cijai no da\u017e\u0101d\u0101m ieinteres\u0113taj\u0101m pus\u0113m\u201d, tika zaud\u0113ti lidma\u0161\u012bnu l\u012bgumi un klienti.<\/p>\n<p>\u201cT\u0101d\u0113\u013c komp\u0101nija neveiks tiesisk\u0101s aizsardz\u012bbas procesu un ir iesniegusi dokumentus maks\u0101tnesp\u0113jai,\u201d piebilda Deme\u0146us.<\/p>\n<p>Vienlaikus vi\u0146\u0161 atzina, ka kop\u0113j\u0101s \u201cSmartLynx Airlines\u201d saist\u012bbas pret vair\u0101k nek\u0101 700 kreditoriem ir aptuveni 238 miljonu eiro apm\u0113r\u0101, no kuriem 170 miljoni eiro jeb aptuveni divas tre\u0161da\u013cas saist\u012bbu ir pret iepriek\u0161\u0113jo \u012bpa\u0161nieku \u2013 \u201cAvia Solutions Group\u201d. Vi\u0146\u0161 skaidroja, ka t\u0101 ir nauda, ko iepriek\u0161\u0113jais \u012bpa\u0161nieks p\u0113d\u0113jos gados ir ieguld\u012bjis uz\u0146\u0113mum\u0101 k\u0101 aizdevumu.<\/p>\n<p>Vi\u0146\u0161 papildin\u0101ja, ka Valsts ie\u0146\u0113mumu dienest\u0101 (VID) re\u0123istr\u0113tais administr\u0113to nodok\u013cu par\u0101ds vair\u0101k nek\u0101 522 000 eiro apm\u0113r\u0101 galvenok\u0101rt ir saist\u012bts ar soci\u0101lajiem nodok\u013ciem. \u201cKad komp\u0101nija s\u0101ka saskarties ar gr\u016bt\u012bb\u0101m, l\u016bdz\u0101m ar\u012b atlikt da\u017e\u0101dus maks\u0101jumus, t\u0101d\u0113\u013c summa uzkr\u0101j\u0101s, bet nek\u0101du par\u0101du pret darbiniekiem nav. Br\u012bd\u012b, kad s\u0101k\u0101m tiesisk\u0101s aizsardz\u012bbas procesu, \u0161\u012b summa par\u0101d\u012bj\u0101s k\u0101 uzkr\u0101t\u0101s saist\u012bbas, bet bij\u0101m vienoju\u0161ies par nomaksas termi\u0146a pagarin\u0101jumu,\u201d vi\u0146\u0161 skaidroja.<\/p>\n<p>Deme\u0146us skaidroja, ka t\u0101l\u0101k maks\u0101tnesp\u0113jas proces\u0101 kreditoru pras\u012bbas tiks apmierin\u0101tas likum\u0101 paredz\u0113taj\u0101 sec\u012bb\u0101 \u2013 darbinieki, valsts un t\u0101l\u0101k p\u0101r\u0113jie kreditori priorit\u0101r\u0101 sec\u012bb\u0101. Vi\u0146\u0161 atzina, ka uz\u0146\u0113mum\u0101 joproj\u0101m ir akt\u012bvi, t\u0101d\u0113\u013c valsts bud\u017eets naudu atg\u016bs.<\/p>\n<p class=\"ad-desc ad-desc-main\">Saturs turpin\u0101s p\u0113c rekl\u0101mas<\/p>\n<p class=\"ad-desc ad-desc-sec\">Rekl\u0101ma<\/p>\n<p>Jaut\u0101ts, k\u0101du da\u013cu no kreditoru pras\u012bjumiem uz\u0146\u0113mums var\u0113tu nosegt, vi\u0146\u0161 nor\u0101d\u012bja, ka nev\u0113las par to spekul\u0113t, bet, tas b\u016bs j\u0101v\u0113rt\u0113 administratoram p\u0113c da\u017e\u0101diem aspektiem, \u0146emot v\u0113rt\u0101 tirgus, gr\u0101matved\u012bbas un nomin\u0101lo v\u0113rt\u012bbu.<\/p>\n<p>Vienlaikus vi\u0146\u0161 atzina, ka komp\u0101nija ir zaud\u0113jusi lidma\u0161\u012bnas un klientus, t\u0101d\u0113\u013c t\u0101 maks\u0101tnesp\u0113jas procesa laik\u0101 atg\u016bties nesp\u0113s. \u201cKomp\u0101nijai bija skaidrs pl\u0101ns, k\u0101 ar\u012b taj\u0101 tika ieguld\u012btas invest\u012bcijas, tom\u0113r nomnieki nol\u0113ma p\u0101rtraukt visus l\u012bgumus, balstoties uz publisko inform\u0101ciju, kas bija nepatiesa,\u201d min\u0113ja Deme\u0146us.<\/p>\n<p>Jau zi\u0146ots, ka Latvij\u0101 b\u0101z\u0113t\u0101 aviokomp\u0101nija \u201cSmartLynx Airlines\u201d no 24. novembra p\u0101rtraukusi uz\u0146\u0113muma saimniecisko darb\u012bbu. Vienlaikus uz\u0146\u0113mum\u0101 apliecin\u0101ja, ka ar\u012b \u201cSmartLynx Airlines Estonia\u201d un \u201cSmartLynx Airlines Malta\u201d ir p\u0101rtrauku\u0161as komercdarb\u012bbu, un visas tr\u012bs gaisa AOC apliec\u012bbas ir apst\u0101din\u0101tas.<\/p>\n<p class=\"tv3-fw-500\">Zi\u0146o par k\u013c\u016bdu rakst\u0101<\/p>\n<p class=\"d-md-block d-none\">Iez\u012bm\u0113 k\u013c\u016bdaino tekstu un spied Ctrl+Enter.<\/p>\n<p class=\"d-md-none d-block\">Iez\u012bm\u0113 k\u013c\u016bdaino tekstu un zi\u0146o par to!<\/p>\n","protected":false},"excerpt":{"rendered":"Vi\u0146\u0161 skaidroja, ka \u201cSmartLynx\u201d pl\u0101noja l\u012bdz \u0161\u0101 gada 15. decembrim \u012bstenot restrukturiz\u0101cijas pl\u0101nu, pied\u0101v\u0101jot kreditoriem da\u013cu no uz\u0146\u0113muma&hellip;\n","protected":false},"author":2,"featured_media":71358,"comment_status":"","ping_status":"","sticky":false,"template":"","format":"standard","meta":{"footnotes":""},"categories":[12],"tags":[23,18214,28,29,32,33,22,30,31,35,39,38,36,37,34,40,20,26,27,24,25,21],"class_list":{"0":"post-71357","1":"post","2":"type-post","3":"status-publish","4":"format-standard","5":"has-post-thumbnail","7":"category-latvija","8":"tag-aktualitates","9":"tag-aviokompanijaaviokompanijassmartlynxsmartlynx-airlines","10":"tag-breaking-news","11":"tag-breakingnews","12":"tag-featured-news","13":"tag-featurednews","14":"tag-headlines","15":"tag-latest-news","16":"tag-latestnews","17":"tag-latvia","18":"tag-latvian","19":"tag-latviesu","20":"tag-latviesu-valoda","21":"tag-latviesuvaloda","22":"tag-latvija","23":"tag-lv","24":"tag-news","25":"tag-popularakas-zinas","26":"tag-popularakaszinas","27":"tag-top-stories","28":"tag-topstories","29":"tag-zinas"},"share_on_mastodon":{"url":"https:\/\/pubeurope.com\/@lv\/115699939044756786","error":""},"_links":{"self":[{"href":"https:\/\/www.europesays.com\/lv\/wp-json\/wp\/v2\/posts\/71357","targetHints":{"allow":["GET"]}}],"collection":[{"href":"https:\/\/www.europesays.com\/lv\/wp-json\/wp\/v2\/posts"}],"about":[{"href":"https:\/\/www.europesays.com\/lv\/wp-json\/wp\/v2\/types\/post"}],"author":[{"embeddable":true,"href":"https:\/\/www.europesays.com\/lv\/wp-json\/wp\/v2\/users\/2"}],"replies":[{"embeddable":true,"href":"https:\/\/www.europesays.com\/lv\/wp-json\/wp\/v2\/comments?post=71357"}],"version-history":[{"count":0,"href":"https:\/\/www.europesays.com\/lv\/wp-json\/wp\/v2\/posts\/71357\/revisions"}],"wp:featuredmedia":[{"embeddable":true,"href":"https:\/\/www.europesays.com\/lv\/wp-json\/wp\/v2\/media\/71358"}],"wp:attachment":[{"href":"https:\/\/www.europesays.com\/lv\/wp-json\/wp\/v2\/media?parent=71357"}],"wp:term":[{"taxonomy":"category","embeddable":true,"href":"https:\/\/www.europesays.com\/lv\/wp-json\/wp\/v2\/categories?post=71357"},{"taxonomy":"post_tag","embeddable":true,"href":"https:\/\/www.europesays.com\/lv\/wp-json\/wp\/v2\/tags?post=71357"}],"curies":[{"name":"wp","href":"https:\/\/api.w.org\/{rel}","templated":true}]}}