{"id":71359,"date":"2025-12-11T08:15:17","date_gmt":"2025-12-11T08:15:17","guid":{"rendered":"https:\/\/www.europesays.com\/lv\/71359\/"},"modified":"2025-12-11T08:15:17","modified_gmt":"2025-12-11T08:15:17","slug":"kaja-kallas-aicina-eiropu-uz-lielaku-pasparliecinatibu-trampa-drosibas-strategijas-kritikas-prieksa-lente-lv","status":"publish","type":"post","link":"https:\/\/www.europesays.com\/lv\/71359\/","title":{"rendered":"Kaja Kallas aicina Eiropu uz liel\u0101ku pa\u0161p\u0101rliecin\u0101t\u012bbu Trampa dro\u0161\u012bbas strat\u0113\u0123ijas kritikas priek\u0161\u0101\u00a0\u2014\u00a0Lente.lv"},"content":{"rendered":"<p>Kallasas atbilde uz Trampa administr\u0101cijas dro\u0161\u012bbas strat\u0113\u0123iju: Eiropai j\u0101b\u016bt p\u0101rliecin\u0101t\u0101kai par sevi<\/p>\n<p>Eiropas Savien\u012bbas (ES) \u0101rlietu un dro\u0161\u012bbas politikas augst\u0101 p\u0101rst\u0101ve Kaja Kallas ir aicin\u0101jusi Eiropu uz liel\u0101ku pa\u0161p\u0101rliecin\u0101t\u012bbu, rea\u0123\u0113jot uz Donalda Trampa administr\u0101cijas publiskoto nacion\u0101l\u0101s dro\u0161\u012bbas strat\u0113\u0123iju, kas satur skarbus v\u0113rt\u0113jumus par Eiropas virzienu. Kallas nor\u0101da, ka da\u017eas no kritiskaj\u0101m piez\u012bm\u0113m paties\u012bb\u0101 var\u0113tu b\u016bt pareizas, ta\u010du kopum\u0101 ES ir j\u0101b\u016bt drosm\u012bg\u0101kai savu v\u0113rt\u012bbu un poz\u012bciju pau\u0161an\u0101. <\/p>\n<p>Strat\u0113\u0123ijas kritika un Eiropas reakcija<\/p>\n<p>ASV administr\u0101cijas jaunais dokuments, kas public\u0113ts 2025. gada decembr\u012b, kritiz\u0113 Eiropas politiku vair\u0101kos jaut\u0101jumos, tostarp migr\u0101cijas, ekonomikas regul\u0113\u0161anas un v\u0101rda br\u012bv\u012bbas jom\u0101s. Strat\u0113\u0123ij\u0101 tiek pausts, ka Eiropas valstis saskaras ar \u201cciviliz\u0101cijas izzu\u0161anu\u201d da\u013c\u0113ji t\u0101s migrantu uz\u0146em\u0161anas d\u0113\u013c, k\u0101 ar\u012b tiek nor\u0101d\u012bts uz politisk\u0101s br\u012bv\u012bbas un suverenit\u0101tes \u201ctrauc\u0113jumiem\u201d no Eiropas instit\u016bciju puses. Tiek prognoz\u0113ts, ka Eiropa var\u0113tu k\u013c\u016bt \u201cneatpaz\u012bstama\u201d turpm\u0101kajos gados, ja pa\u0161reiz\u0113j\u0101s tendences turpin\u0101sies. <\/p>\n<p>Atbildot uz \u0161o kritiku, Kaja Kallas, uzst\u0101joties Eiropas Parlamenta \u0100rlietu komitejas s\u0113d\u0113, nor\u0101d\u012bja: \u201cMums vajadz\u0113tu b\u016bt p\u0101rliecin\u0101t\u0101kiem par sevi, jo visa \u0161\u012b kritika par Eiropas virzienu \u2013 t\u0101 vienk\u0101r\u0161i nav paties\u012bba.\u201d Vi\u0146a pie\u013c\u0101va, ka strat\u0113\u0123ija var\u0113tu b\u016bt izveidota k\u0101 provok\u0101cija, lai izrais\u012btu reakciju. Kallas ar\u012b atsaucas uz \u201cFinancial Times\u201d publik\u0101ciju, kas liecinot, ka probl\u0113mas, ko strat\u0113\u0123ija nor\u0101da Eirop\u0101, nav slikt\u0101kas nek\u0101 Amerik\u0101. <\/p>\n<p>ASV k\u0101 sabiedrotais un Eiropas pa\u0161t\u016br\u012bba<\/p>\n<p>Neskatoties uz kritiku, Kallas uzsv\u0113ra, ka Savienot\u0101s Valstis joproj\u0101m ir Eiropas \u201cliel\u0101k\u0101 sabiedrot\u0101\u201d. Vi\u0146a atzina, ka vienm\u0113r ne visos jaut\u0101jumos ir bijusi vienpr\u0101t\u012bba, ta\u010du kopum\u0101 transatlantisk\u0101s attiec\u012bbas ir b\u016btiskas. \u201cM\u0113s esam liel\u0101kie sabiedrotie, un mums vajadz\u0113tu tur\u0113ties kop\u0101,\u201d vi\u0146a pauda. <\/p>\n<p>Kallas mudin\u0101ja Eiropu neiesaist\u012bties savstarp\u0113j\u0101 kritiz\u0113\u0161an\u0101 ar ASV, bet gan koncentr\u0113ties uz sav\u0101m strat\u0113\u0123iskaj\u0101m priorit\u0101t\u0113m un savas dro\u0161\u012bbas stiprin\u0101\u0161anu. Vi\u0146a nor\u0101d\u012bja, ka ES var\u0113tu v\u0113rst kritiku par br\u012bv\u012bbas ierobe\u017eojumiem pret Krieviju, kur\u0101 ir aizliegta br\u012bv\u0101 prese, politisk\u0101 opoz\u012bcija un soci\u0101lie mediji. <\/p>\n<p>Eiropas dro\u0161\u012bbas stiprin\u0101\u0161ana un neatkar\u012bba<\/p>\n<p>Situ\u0101cija ir mudin\u0101jusi Eiropu dom\u0101t par savas dro\u0161\u012bbas sist\u0113mas stiprin\u0101\u0161anu un mazin\u0101t atkar\u012bbu no ASV. Gan Kallas, gan citi Eiropas politikas veidot\u0101ji ir nor\u0101d\u012bju\u0161i, ka, lai gan ASV ir svar\u012bgs sabiedrotais, Eiropai ir j\u0101sp\u0113j past\u0101v\u0113t ar\u012b pati par sevi. Tas ietver liel\u0101kus ieguld\u012bjumus aizsardz\u012bb\u0101 un strat\u0113\u0123isko sp\u0113ju att\u012bst\u012b\u0161anu, lai sp\u0113tu rea\u0123\u0113t uz glob\u0101lajiem dro\u0161\u012bbas izaicin\u0101jumiem. <\/p>\n<blockquote>\n<p>&#8220;Prezidents Tramps jau diezgan ilgu laiku ir aicin\u0101jis, lai ikviens dar\u012btu vair\u0101k savas aizsardz\u012bbas lab\u0101, un Eiropa uz\u0146emas \u0161o atbild\u012bbu. M\u0113s noteikti esam sadzird\u0113ju\u0161i prezidentu Trampu, un ikviens pieliek liel\u0101kas p\u016bles.&#8221;<\/p>\n<\/blockquote>\n<p>\u0160\u012b pieeja ir \u012bpa\u0161i svar\u012bga kontekst\u0101 ar Krievijas agresiju Ukrain\u0101 un pla\u0161\u0101ku \u0123eopolitisko nestabilit\u0101ti. Eiropas Savien\u012bba apzin\u0101s nepiecie\u0161am\u012bbu p\u0113c \u201ctie\u0161as pal\u012bdz\u012bbas Ukrainai\u201d un \u201cspiediena uz Krieviju\u201d, lai pan\u0101ktu mieru. T\u0101d\u0113j\u0101di, neskatoties uz nesaska\u0146\u0101m, notiek cie\u0161\u0101ka sadarb\u012bba un kop\u012bgu dro\u0161\u012bbas risin\u0101jumu mekl\u0113\u0161ana. <\/p>\n<p>Secin\u0101jumi par transatlantiskaj\u0101m attiec\u012bb\u0101m<\/p>\n<p>Trampa administr\u0101cijas dro\u0161\u012bbas strat\u0113\u0123ija ir izrais\u012bjusi diskusijas par transatlantisko attiec\u012bbu n\u0101kotni. Lai gan kritika ir asas, Kallas pragmatisk\u0101 pieeja un uzsvars uz Eiropas pa\u0161p\u0101rliecin\u0101t\u012bbu un neatkar\u012bgu aizsardz\u012bbu, vienlaikus atz\u012bstot ASV k\u0101 galveno sabiedroto, par\u0101da centienus uztur\u0113t stabilas un konstrukt\u012bvas attiec\u012bbas. \u0160is dinamiskais dialogs starp Eiropu un ASV turpin\u0101sies, jo abi partneri cen\u0161as piel\u0101goties main\u012bgajai glob\u0101lajai videi un kop\u012bgi risin\u0101t dro\u0161\u012bbas izaicin\u0101jumus. <\/p>\n","protected":false},"excerpt":{"rendered":"Kallasas atbilde uz Trampa administr\u0101cijas dro\u0161\u012bbas strat\u0113\u0123iju: Eiropai j\u0101b\u016bt p\u0101rliecin\u0101t\u0101kai par sevi Eiropas Savien\u012bbas (ES) \u0101rlietu un dro\u0161\u012bbas&hellip;\n","protected":false},"author":2,"featured_media":71360,"comment_status":"","ping_status":"","sticky":false,"template":"","format":"standard","meta":{"footnotes":""},"categories":[5],"tags":[23,28,29,542,18215,514,32,33,22,12744,30,31,35,39,38,36,37,34,40,20,26,27,24,25,5157,21],"class_list":{"0":"post-71359","1":"post","2":"type-post","3":"status-publish","4":"format-standard","5":"has-post-thumbnail","7":"category-aktualitates","8":"tag-aktualitates","9":"tag-breaking-news","10":"tag-breakingnews","11":"tag-donalds-tramps","12":"tag-drosibas-strategija","13":"tag-eiropas-savieniba","14":"tag-featured-news","15":"tag-featurednews","16":"tag-headlines","17":"tag-kaja-kallas","18":"tag-latest-news","19":"tag-latestnews","20":"tag-latvia","21":"tag-latvian","22":"tag-latviesu","23":"tag-latviesu-valoda","24":"tag-latviesuvaloda","25":"tag-latvija","26":"tag-lv","27":"tag-news","28":"tag-popularakas-zinas","29":"tag-popularakaszinas","30":"tag-top-stories","31":"tag-topstories","32":"tag-transatlantiskas-attiecibas","33":"tag-zinas"},"share_on_mastodon":{"url":"https:\/\/pubeurope.com\/@lv\/115699942953011645","error":""},"_links":{"self":[{"href":"https:\/\/www.europesays.com\/lv\/wp-json\/wp\/v2\/posts\/71359","targetHints":{"allow":["GET"]}}],"collection":[{"href":"https:\/\/www.europesays.com\/lv\/wp-json\/wp\/v2\/posts"}],"about":[{"href":"https:\/\/www.europesays.com\/lv\/wp-json\/wp\/v2\/types\/post"}],"author":[{"embeddable":true,"href":"https:\/\/www.europesays.com\/lv\/wp-json\/wp\/v2\/users\/2"}],"replies":[{"embeddable":true,"href":"https:\/\/www.europesays.com\/lv\/wp-json\/wp\/v2\/comments?post=71359"}],"version-history":[{"count":0,"href":"https:\/\/www.europesays.com\/lv\/wp-json\/wp\/v2\/posts\/71359\/revisions"}],"wp:featuredmedia":[{"embeddable":true,"href":"https:\/\/www.europesays.com\/lv\/wp-json\/wp\/v2\/media\/71360"}],"wp:attachment":[{"href":"https:\/\/www.europesays.com\/lv\/wp-json\/wp\/v2\/media?parent=71359"}],"wp:term":[{"taxonomy":"category","embeddable":true,"href":"https:\/\/www.europesays.com\/lv\/wp-json\/wp\/v2\/categories?post=71359"},{"taxonomy":"post_tag","embeddable":true,"href":"https:\/\/www.europesays.com\/lv\/wp-json\/wp\/v2\/tags?post=71359"}],"curies":[{"name":"wp","href":"https:\/\/api.w.org\/{rel}","templated":true}]}}