{"id":71365,"date":"2025-12-11T08:19:08","date_gmt":"2025-12-11T08:19:08","guid":{"rendered":"https:\/\/www.europesays.com\/lv\/71365\/"},"modified":"2025-12-11T08:19:08","modified_gmt":"2025-12-11T08:19:08","slug":"baiba-sipeniece-gavare-celojuma-papua-jaungvineja-piedzivo-uzbrukumu","status":"publish","type":"post","link":"https:\/\/www.europesays.com\/lv\/71365\/","title":{"rendered":"Baiba Sipeniece-Gavare ce\u013cojum\u0101 Papua-Jaungvinej\u0101 piedz\u012bvo uzbrukumu"},"content":{"rendered":"<p class=\"descr\">TV un radio d\u012bva Baiba Sipeniece-Gavare ar jaun\u0101ko meitu Herm\u012bni atgriezu\u0161\u0101s no Oke\u0101nijas eksotisk\u0101s un t\u016brisma maz skart\u0101s valsts Papua-Jaungvinejas, v\u0113st\u012bts Evijas Kalnb\u0113rzas materi\u0101l\u0101 &#8220;Ce\u013co apsardzes pavad\u012bb\u0101&#8221; izdevum\u0101 &#8220;Priv\u0101t\u0101 Dz\u012bve&#8221;.<\/p>\n<p>Papua-Jaungvineju apdz\u012bvo vair\u0101k nek\u0101 850 cil\u0161u, un valodu zi\u0146\u0101 t\u0101 ir pati daudzveid\u012bg\u0101k\u0101 valsts pasaul\u0113, jo tur uzskait\u012btas 839 valodas. T\u0101s cita no citas ir piln\u012bgi at\u0161\u0137ir\u012bgas, t\u0101p\u0113c ciltis sav\u0101 starp\u0101 nesaprotas, l\u012bdz ar to ar\u012b karo. &#8220;Ofici\u0101l\u0101s valsts valodas statuss ir tikai tr\u012bs valod\u0101m, ar\u012b ang\u013cu, t\u0101p\u0113c mums bija iesp\u0113ja saprasties ar iezemie\u0161iem,&#8221; saka <a href=\"https:\/\/nra.lv\/birka\/baiba-sipeniece-gavare\/\" target=\"_blank\" rel=\"noopener nofollow\">Baiba<\/a>.<\/p>\n<p>Papua-Jaungvineja ir visai b\u012bstama valsts, t\u0101p\u0113c latvie\u0161u ce\u013cot\u0101ju grupa jau iepriek\u0161 br\u012bdin\u0101ta, ka vieni pa\u0161i nekur nedr\u012bkst iet.<\/p>\n<p>&#8220;M\u016bs visu laiku apsarg\u0101ja. Kad ar autobusu dev\u0101mies uz pils\u0113tu Goroku, m\u016bs cent\u0101s apst\u0101din\u0101t viet\u0113jie iezemie\u0161i, kas agres\u012bvi vicin\u0101j\u0101s ar ma\u010det\u0113m. Vi\u0146u pl\u0101ns bija m\u016bs aplaup\u012bt. Viet\u0113jais papuass, kas vad\u012bja grupu, pie\u0146\u0113ma l\u0113mumu neapst\u0101ties, maksim\u0101l\u0101 \u0101trum\u0101 trauc\u0101m prom, un uzbruc\u0113ji v\u0113l k\u0101du gabalu skr\u0113ja mums paka\u013c,&#8221; piedz\u012bvoto ar \u0161ausm\u0101m atminas Baiba.<\/p>\n<p>&#8220;V\u0113l\u0101k uzzin\u0101ju, ka ned\u0113\u013cu iepriek\u0161 m\u016bsu gids pats bija aplaup\u012bts. Vi\u0146u atradu\u0161i bez sama\u0146as un nog\u0101d\u0101ja slimn\u012bc\u0101,&#8221; piebilst latviete. Ar to gan piedz\u012bvojumi nebeidz\u0101s. &#8220;P\u0113c pieciem kilometriem m\u016bs sagaid\u012bja n\u0101kamie uzbruc\u0113ji &#8211; nu jau ar akme\u0146iem rok\u0101s. Vajadz\u0113ja vi\u0146iem samaks\u0101t, lai var\u0113tu doties t\u0101l\u0101k, cit\u0101di autobusam b\u016btu izsisti logi un m\u016bs aplaup\u012btu.&#8221; Kad latvie\u0161i visbeidzot nok\u013cuvu\u0161i Gorok\u0101, uzzin\u0101ju\u0161i, ka tur nesen notiku\u0161as asi\u0146ainas c\u012b\u0146as, biju\u0161i ar\u012b upuri. &#8220;Tur jau m\u016bs apsarg\u0101ja \u010detras apsardzes ekip\u0101\u017eas,&#8221; atkl\u0101j Sipeniece-Gavare.<\/p>\n","protected":false},"excerpt":{"rendered":"TV un radio d\u012bva Baiba Sipeniece-Gavare ar jaun\u0101ko meitu Herm\u012bni atgriezu\u0161\u0101s no Oke\u0101nijas eksotisk\u0101s un t\u016brisma maz skart\u0101s&hellip;\n","protected":false},"author":2,"featured_media":71366,"comment_status":"","ping_status":"","sticky":false,"template":"","format":"standard","meta":{"footnotes":""},"categories":[14],"tags":[23,57,28,29,32,33,22,30,31,35,39,38,36,37,34,40,20,26,27,24,25,54,55,56,21,58],"class_list":{"0":"post-71365","1":"post","2":"type-post","3":"status-publish","4":"format-standard","5":"has-post-thumbnail","7":"category-zinas-no-arvalstim","8":"tag-aktualitates","9":"tag-arvalstim","10":"tag-breaking-news","11":"tag-breakingnews","12":"tag-featured-news","13":"tag-featurednews","14":"tag-headlines","15":"tag-latest-news","16":"tag-latestnews","17":"tag-latvia","18":"tag-latvian","19":"tag-latviesu","20":"tag-latviesu-valoda","21":"tag-latviesuvaloda","22":"tag-latvija","23":"tag-lv","24":"tag-news","25":"tag-popularakas-zinas","26":"tag-popularakaszinas","27":"tag-top-stories","28":"tag-topstories","29":"tag-world","30":"tag-world-news","31":"tag-worldnews","32":"tag-zinas","33":"tag-zinas-no-arvalstim"},"share_on_mastodon":{"url":"https:\/\/pubeurope.com\/@lv\/115699958695095251","error":""},"_links":{"self":[{"href":"https:\/\/www.europesays.com\/lv\/wp-json\/wp\/v2\/posts\/71365","targetHints":{"allow":["GET"]}}],"collection":[{"href":"https:\/\/www.europesays.com\/lv\/wp-json\/wp\/v2\/posts"}],"about":[{"href":"https:\/\/www.europesays.com\/lv\/wp-json\/wp\/v2\/types\/post"}],"author":[{"embeddable":true,"href":"https:\/\/www.europesays.com\/lv\/wp-json\/wp\/v2\/users\/2"}],"replies":[{"embeddable":true,"href":"https:\/\/www.europesays.com\/lv\/wp-json\/wp\/v2\/comments?post=71365"}],"version-history":[{"count":0,"href":"https:\/\/www.europesays.com\/lv\/wp-json\/wp\/v2\/posts\/71365\/revisions"}],"wp:featuredmedia":[{"embeddable":true,"href":"https:\/\/www.europesays.com\/lv\/wp-json\/wp\/v2\/media\/71366"}],"wp:attachment":[{"href":"https:\/\/www.europesays.com\/lv\/wp-json\/wp\/v2\/media?parent=71365"}],"wp:term":[{"taxonomy":"category","embeddable":true,"href":"https:\/\/www.europesays.com\/lv\/wp-json\/wp\/v2\/categories?post=71365"},{"taxonomy":"post_tag","embeddable":true,"href":"https:\/\/www.europesays.com\/lv\/wp-json\/wp\/v2\/tags?post=71365"}],"curies":[{"name":"wp","href":"https:\/\/api.w.org\/{rel}","templated":true}]}}