{"id":71367,"date":"2025-12-11T08:20:11","date_gmt":"2025-12-11T08:20:11","guid":{"rendered":"https:\/\/www.europesays.com\/lv\/71367\/"},"modified":"2025-12-11T08:20:11","modified_gmt":"2025-12-11T08:20:11","slug":"video-%e2%9f%a9-pec-berna-naves-medikamentu-sajauksanas-del-sola-parbaudes-ari-citas-slimnicas-2","status":"publish","type":"post","link":"https:\/\/www.europesays.com\/lv\/71367\/","title":{"rendered":"VIDEO \u27e9 P\u0113c b\u0113rna n\u0101ves medikamentu sajauk\u0161anas d\u0113\u013c sola p\u0101rbaudes ar\u012b cit\u0101s slimn\u012bc\u0101s"},"content":{"rendered":"<p>Ministrs inform\u0113ja, ka Vesel\u012bbas inspekcij\u0101 ir izveidota izmekl\u0113\u0161anas grupa, kura caurskat\u012bs \u0101rstniec\u012bbas un z\u0101\u013cu aprites procesus <a href=\"https:\/\/www.apollo.lv\/term\/570435\/bkus\" class=\"topicLink\" target=\"_blank\" rel=\"nofollow noopener\">BKUS<\/a> un mekl\u0113s iesp\u0113jam\u0101s probl\u0113mas. Ar\u012b pa\u0161ai BKUS ir pras\u012bts sniegt redz\u0113jumu, k\u0101 uzlabot procesus.<\/p>\n<p>P\u0113c Abu Meri v\u0101rdiem, v\u0113rt\u0113tas tiks ar\u012b citas slimn\u012bcas, vai taj\u0101s viss ir k\u0101rt\u012bb\u0101 z\u0101\u013cu glab\u0101\u0161anas un pielieto\u0161anas meh\u0101nismos.<\/p>\n<p>Ministrs v\u0113rt\u0113ja, ka pa\u0161laik izskat\u0101s, ka tra\u0123\u0113dija notikusi cilv\u0113ka faktora d\u0113\u013c. Politi\u0137is \u0161o gad\u012bjumu nesaista ar cilv\u0113kresursu tr\u016bkumu, kad k\u013c\u016bda b\u016btu medic\u012bnas person\u0101la p\u0101rslodzes rezult\u0101ts.<\/p>\n<p>K\u0101 zi\u0146ots, \u0161\u012b gada novembra izska\u0146\u0101 BKUS, iesp\u0113jams, \u0101rstniec\u012bbas personas vainas d\u0113\u013c dz\u012bv\u012bbu zaud\u0113jis b\u0113rns. Valsts policij\u0101 par notiku\u0161o s\u0101kts krimin\u0101lprocess.<\/p>\n<p>K\u0101 v\u0113st\u012bja Latvijas Telev\u012bzija, 26. novembr\u012b k\u0101ds onkolo\u0123ijas pacients, kur\u0161 \u0101rst\u0113j\u0101s BKUS, iesp\u0113jams, sa\u0146\u0113ma nepareizus medikamentus un mira. Slimn\u012bca nav atkl\u0101jusi ne notiku\u0161\u0101 apst\u0101k\u013cus, ne ar\u012b to, vai konkr\u0113t\u0101 \u0101rstniec\u012bbas persona v\u0113l turpina darbu. B\u0113rnu slimn\u012bca s\u0101kusi iek\u0161\u0113jo izmekl\u0113\u0161anu, kas gan neb\u016b\u0161ot \u0101tra.<\/p>\n<p>Savuk\u0101rt port\u0101ls &#8220;la.lv&#8221; v\u0113st\u012bja, ka miris asto\u0146us gadus vecs pacients. T\u0101 r\u012bc\u012bb\u0101 eso\u0161\u0101 inform\u0101cija liecina, ka, iesp\u0113jams, k\u0101ds sajaucis medikamentus un n\u0101trija hlor\u012bda viet\u0101 ievad\u012bjis k\u0101lija hlor\u012bdu.<\/p>\n<p>B\u0113rnu slimn\u012bca par notiku\u0161o zi\u0146ojusi Vesel\u012bbas inspekcijai un Valsts policijai, kas 5. decembr\u012b s\u0101ka krimin\u0101lprocesu p\u0113c Krimin\u0101llikuma 13. noda\u013cas, proti, par noziedz\u012bgiem nodar\u012bjumiem pret personas vesel\u012bbu.<\/p>\n","protected":false},"excerpt":{"rendered":"Ministrs inform\u0113ja, ka Vesel\u012bbas inspekcij\u0101 ir izveidota izmekl\u0113\u0161anas grupa, kura caurskat\u012bs \u0101rstniec\u012bbas un z\u0101\u013cu aprites procesus BKUS un&hellip;\n","protected":false},"author":2,"featured_media":71348,"comment_status":"","ping_status":"","sticky":false,"template":"","format":"standard","meta":{"footnotes":""},"categories":[12],"tags":[23,521,17958,28,29,32,33,22,256,30,31,35,39,38,36,37,34,40,20,26,27,24,25,1454,21],"class_list":{"0":"post-71367","1":"post","2":"type-post","3":"status-publish","4":"format-standard","5":"has-post-thumbnail","7":"category-latvija","8":"tag-aktualitates","9":"tag-berni","10":"tag-bkus","11":"tag-breaking-news","12":"tag-breakingnews","13":"tag-featured-news","14":"tag-featurednews","15":"tag-headlines","16":"tag-hosams-abu-meri","17":"tag-latest-news","18":"tag-latestnews","19":"tag-latvia","20":"tag-latvian","21":"tag-latviesu","22":"tag-latviesu-valoda","23":"tag-latviesuvaloda","24":"tag-latvija","25":"tag-lv","26":"tag-news","27":"tag-popularakas-zinas","28":"tag-popularakaszinas","29":"tag-top-stories","30":"tag-topstories","31":"tag-veselibas-ministrija","32":"tag-zinas"},"share_on_mastodon":{"url":"https:\/\/pubeurope.com\/@lv\/115699962692493765","error":""},"_links":{"self":[{"href":"https:\/\/www.europesays.com\/lv\/wp-json\/wp\/v2\/posts\/71367","targetHints":{"allow":["GET"]}}],"collection":[{"href":"https:\/\/www.europesays.com\/lv\/wp-json\/wp\/v2\/posts"}],"about":[{"href":"https:\/\/www.europesays.com\/lv\/wp-json\/wp\/v2\/types\/post"}],"author":[{"embeddable":true,"href":"https:\/\/www.europesays.com\/lv\/wp-json\/wp\/v2\/users\/2"}],"replies":[{"embeddable":true,"href":"https:\/\/www.europesays.com\/lv\/wp-json\/wp\/v2\/comments?post=71367"}],"version-history":[{"count":0,"href":"https:\/\/www.europesays.com\/lv\/wp-json\/wp\/v2\/posts\/71367\/revisions"}],"wp:featuredmedia":[{"embeddable":true,"href":"https:\/\/www.europesays.com\/lv\/wp-json\/wp\/v2\/media\/71348"}],"wp:attachment":[{"href":"https:\/\/www.europesays.com\/lv\/wp-json\/wp\/v2\/media?parent=71367"}],"wp:term":[{"taxonomy":"category","embeddable":true,"href":"https:\/\/www.europesays.com\/lv\/wp-json\/wp\/v2\/categories?post=71367"},{"taxonomy":"post_tag","embeddable":true,"href":"https:\/\/www.europesays.com\/lv\/wp-json\/wp\/v2\/tags?post=71367"}],"curies":[{"name":"wp","href":"https:\/\/api.w.org\/{rel}","templated":true}]}}