{"id":71368,"date":"2025-12-11T08:21:08","date_gmt":"2025-12-11T08:21:08","guid":{"rendered":"https:\/\/www.europesays.com\/lv\/71368\/"},"modified":"2025-12-11T08:21:08","modified_gmt":"2025-12-11T08:21:08","slug":"francijas-pirmas-ledijas-brizitas-makronas-rupjiba-aizvainojusi-tukstosiem-sieviesu-santa","status":"publish","type":"post","link":"https:\/\/www.europesays.com\/lv\/71368\/","title":{"rendered":"Francijas pirm\u0101s l\u0113dijas Bri\u017eitas Makronas rupj\u012bba aizvainojusi t\u016bksto\u0161iem sievie\u0161u \u2014 Santa"},"content":{"rendered":"<p>Aizvad\u012btaj\u0101 sv\u0113tdien\u0101 Francijas prezidenta Emanuela Makrona sieva Bri\u017eita kop\u0101 ar meitu devus\u0101s v\u0113rot komi\u0137a \u0100rija Abitana uzst\u0101\u0161anos. Pirms \u010detriem gadiem Abit\u0101nu bijus\u012b draudzene aps\u016bdz\u0113ja izvaro\u0161an\u0101, tr\u012bs gadus ilga izmekl\u0113\u0161ana un lieta tika izbeigta pier\u0101d\u012bjumu tr\u016bkuma d\u0113\u013c. Pirms \u0161ova s\u0101kuma Abit\u0101ns aprun\u0101j\u0101s ar augsto vie\u0161\u0146u Bri\u017eitu. \u0160aj\u0101 dialog\u0101, kas iem\u016b\u017ein\u0101ts video, komi\u0137is pateicis \u2013 vi\u0146u bied\u0113 tas, ka protest\u0113t\u0101jas ar savu uzved\u012bbu atkal var\u0113tu p\u0101traukt vi\u0146a \u0161ovu.T\u0101 bija noticis jau sestdien, kad Abit\u0101ns uzst\u0101j\u0101s publikas priek\u0161a. Fran\u010du feministes, kas apvienoju\u0161\u0101s kust\u012bb\u0101 NousToutes, bija uzvilku\u0161as maskas ar Abit\u0101na sejas att\u0113lu un trauc\u0113ja vi\u0146a uzst\u0101\u0161anos. Uz to Bri\u017eita atbild\u0113jusi:<\/p>\n<blockquote><p>&#13;<\/p>\n<p>\u00abJa tur b\u016bs k\u0101das stulbas kuces, m\u0113s vi\u0146as izmet\u012bsim.\u00bb<\/p>\n<p>&#13;\n<\/p><\/blockquote>\n<p>To pasakot, Francijas pirm\u0101 l\u0113dija gardi nosm\u0113jusi. \u00a0\u00a0<\/p>\n<p>\u0160\u0101da prezidenta sievas uzved\u012bba nepalika nepaman\u012bta. Daudzi \u0161os v\u0101rdus uztv\u0113ru\u0161i k\u0101 apvainojumu seksu\u0101l\u0101s vardarb\u012bbas upuriem. \u00abEsmu stulba kuce,\u00bb \u0161\u0101du tekstu uz melna fona, solidariz\u0113joties ar protest\u0113t\u0101j\u0101m un nosodot Bri\u017eitas pausto, Instagram ievietojusi fran\u010du aktrise Mariona Kotij\u0101ra. \u00abUn lepjos ar to,\u00bb soci\u0101lajos t\u012bklos piebilda aktrise. Aktrise D\u017e\u016bdita Gorde\u0161a, be\u013c\u0123u komi\u0137e Florence Mendesa, dzied\u0101t\u0101ja Nad\u0113\u017ea Bonsina-Di\u0101ne un daudzas citas sekoja vi\u0146as piem\u0113ram.<\/p>\n<p>Fran\u010du politi\u0137e un partijas Les Ecologistes vad\u012bt\u0101ja Marina Tondelj\u0113 telev\u012bzij\u0101 pauda, ka Bri\u017eitas Makrona ir p\u0101rk\u0101pusi sarkano l\u012bniju.<\/p>\n<blockquote><p>&#13;<\/p>\n<p>\u00abPirmajai l\u0113dijai t\u0101 nevajadz\u0113tu teikt,\u00bb sac\u012bja vi\u0146a.<\/p>\n<p>&#13;\n<\/p><\/blockquote>\n<p>Ar\u012b Francijas eksprezidents Fransu\u0101 Olands radio RTL atzina, ka Brid\u017eitas Makronas v\u0101rdi biju\u0161i neapdom\u012bgi. \u00abPat, ja kritiz\u0113 \u0161o protesta formu, run\u0101jot par sieviet\u0113m, kas c\u012bn\u0101s pret vardarb\u012bbu, \u0161\u0101di v\u0101rdi netiek lietoti,\u00bb sac\u012bja Olands.<\/p>\n<p>Bri\u017eitas Makronas p\u0101rst\u0101vji atzina, ka Makronai nav pie\u0146ems radik\u0101lais veids, k\u0101 feministes v\u0113r\u0161as pret komi\u0137i. Turpret\u012b kust\u012bbas Nous Toutes dal\u012bbnieces pauda, ka \u0161is gad\u012bjums vi\u0146as padara v\u0113l stipr\u0101kas un salied\u0113t\u0101kas c\u012b\u0146\u0101 pret seksu\u0101lo vardarb\u012bbu.<\/p>\n","protected":false},"excerpt":{"rendered":"Aizvad\u012btaj\u0101 sv\u0113tdien\u0101 Francijas prezidenta Emanuela Makrona sieva Bri\u017eita kop\u0101 ar meitu devus\u0101s v\u0113rot komi\u0137a \u0100rija Abitana uzst\u0101\u0161anos. Pirms&hellip;\n","protected":false},"author":2,"featured_media":71369,"comment_status":"","ping_status":"","sticky":false,"template":"","format":"standard","meta":{"footnotes":""},"categories":[5],"tags":[23,28,29,32,33,22,30,31,35,39,38,36,37,34,40,20,26,27,24,25,21],"class_list":{"0":"post-71368","1":"post","2":"type-post","3":"status-publish","4":"format-standard","5":"has-post-thumbnail","7":"category-aktualitates","8":"tag-aktualitates","9":"tag-breaking-news","10":"tag-breakingnews","11":"tag-featured-news","12":"tag-featurednews","13":"tag-headlines","14":"tag-latest-news","15":"tag-latestnews","16":"tag-latvia","17":"tag-latvian","18":"tag-latviesu","19":"tag-latviesu-valoda","20":"tag-latviesuvaloda","21":"tag-latvija","22":"tag-lv","23":"tag-news","24":"tag-popularakas-zinas","25":"tag-popularakaszinas","26":"tag-top-stories","27":"tag-topstories","28":"tag-zinas"},"share_on_mastodon":{"url":"https:\/\/pubeurope.com\/@lv\/115699966483519489","error":""},"_links":{"self":[{"href":"https:\/\/www.europesays.com\/lv\/wp-json\/wp\/v2\/posts\/71368","targetHints":{"allow":["GET"]}}],"collection":[{"href":"https:\/\/www.europesays.com\/lv\/wp-json\/wp\/v2\/posts"}],"about":[{"href":"https:\/\/www.europesays.com\/lv\/wp-json\/wp\/v2\/types\/post"}],"author":[{"embeddable":true,"href":"https:\/\/www.europesays.com\/lv\/wp-json\/wp\/v2\/users\/2"}],"replies":[{"embeddable":true,"href":"https:\/\/www.europesays.com\/lv\/wp-json\/wp\/v2\/comments?post=71368"}],"version-history":[{"count":0,"href":"https:\/\/www.europesays.com\/lv\/wp-json\/wp\/v2\/posts\/71368\/revisions"}],"wp:featuredmedia":[{"embeddable":true,"href":"https:\/\/www.europesays.com\/lv\/wp-json\/wp\/v2\/media\/71369"}],"wp:attachment":[{"href":"https:\/\/www.europesays.com\/lv\/wp-json\/wp\/v2\/media?parent=71368"}],"wp:term":[{"taxonomy":"category","embeddable":true,"href":"https:\/\/www.europesays.com\/lv\/wp-json\/wp\/v2\/categories?post=71368"},{"taxonomy":"post_tag","embeddable":true,"href":"https:\/\/www.europesays.com\/lv\/wp-json\/wp\/v2\/tags?post=71368"}],"curies":[{"name":"wp","href":"https:\/\/api.w.org\/{rel}","templated":true}]}}