{"id":71374,"date":"2025-12-11T08:30:04","date_gmt":"2025-12-11T08:30:04","guid":{"rendered":"https:\/\/www.europesays.com\/lv\/71374\/"},"modified":"2025-12-11T08:30:04","modified_gmt":"2025-12-11T08:30:04","slug":"kp-atlavusi-froneri-iegadaties-food-union-saldejuma-biznesu-dienas-bizness","status":"publish","type":"post","link":"https:\/\/www.europesays.com\/lv\/71374\/","title":{"rendered":"KP at\u013c\u0101vusi Froneri ieg\u0101d\u0101ties Food Union sald\u0113juma biznesu :: Dienas Bizness"},"content":{"rendered":"<p class=\"text-font font-size--text-xlarge margin-3--bottom font-weight--bold padding-1--top\">Konkurences padome (KP) at\u013c\u0101vusi starptautiskajam sald\u0113juma ra\u017eot\u0101jam &#8220;Froneri&#8221; ieg\u0101d\u0101ties piena p\u0101rstr\u0101des koncerna &#8220;Food Union&#8221; sald\u0113juma biznesu, inform\u0113 KP.<\/p>\n<p class=\"text-font font-size--text-xlarge margin-3--bottom\">KP at\u013c\u0101vusi &#8220;Froneri International Limited&#8221; ieg\u016bt vienpersonisku iz\u0161\u0137iro\u0161u ietekmi p\u0101r &#8220;Food Union Luxembourg Group&#8221;.<\/p>\n<p class=\"text-font font-size--text-xlarge margin-3--bottom\">&#8220;Froneri&#8221; ra\u017eo t\u0101du z\u012bmolu sald\u0113jumus k\u0101 &#8220;Extreme&#8221;, &#8220;Drumstick&#8221;, &#8220;Oreo&#8221;, &#8220;Milka&#8221;, &#8220;Cadbury&#8221;, &#8220;Pirulo&#8221;, &#8220;Nuii&#8221; un citus, k\u0101 ar\u012b darbojas sald\u0113tu p\u0101rtikas produktu jom\u0101, tas ir, ra\u017eo sald\u0113tas k\u016bkas.<\/p>\n<p class=\"text-font font-size--text-xlarge margin-3--bottom\">&#8220;Froneri&#8221; sald\u0113juma un sald\u0113tu k\u016bku vairumtirdzniec\u012bbu galvenok\u0101rt nodro\u0161ina ASV, V\u0101cijas, It\u0101lijas, Francijas, \u0160veices, Austr\u0101lijas teritorij\u0101s, tom\u0113r atsevi\u0161\u0137us produktus uz\u0146\u0113mums eksport\u0113 ar\u012b uz Baltijas valst\u012bm ar viet\u0113jo izplat\u012bt\u0101ju un mazumtirgot\u0101ju starpniec\u012bbu.<\/p>\n<p class=\"text-font font-size--text-xlarge margin-3--bottom\">&#8220;Food Union Luxembourg Group&#8221; ir holdingkomp\u0101nija, kuras meitasuz\u0146\u0113mumi nodarbojas ar sald\u0113juma, piena produktu, k\u0101 ar\u012b sald\u0113tu p\u0101rtikas produktu, tostarp zivju, j\u016bras vel\u0161u, ga\u013cas, d\u0101rze\u0146u, pelme\u0146u un pan\u0113tu \u0113dienu, konditorejas izstr\u0101d\u0101jumu un biezpiena batoni\u0146u ra\u017eo\u0161anu un p\u0101rdo\u0161anu galvenok\u0101rt Baltijas, Norv\u0113\u0123ijas, D\u0101nijas un Rum\u0101nijas teritorij\u0101s.<\/p>\n<p class=\"text-font font-size--text-xlarge margin-3--bottom\">&#8220;Food Union&#8221; Latvijas teritorij\u0101 ra\u017eo un p\u0101rdod t\u0101du z\u012bmolu sald\u0113juma produktus k\u0101 &#8220;Pols&#8221;, &#8220;Tio&#8221;, &#8220;Karlsons&#8221;, &#8220;Jungle Pop&#8221; un &#8220;Ekselence&#8221;.<\/p>\n<p class=\"text-font font-size--text-xlarge margin-3--bottom\">Pamatojoties uz zi\u0146ojum\u0101 sniegto inform\u0101ciju un KP veikto anal\u012bzi, KP secin\u0101jusi, ka apvieno\u0161an\u0101s rezult\u0101t\u0101 tiks ietekm\u0113ts r\u016bpnieciski ra\u017eota sald\u0113juma vairumtirdzniec\u012bbas tirgus Latvijas teritorij\u0101.<\/p>\n<p class=\"text-font font-size--text-xlarge margin-3--bottom\">Papildus izv\u0113rt\u0113jot r\u016bpnieciski ra\u017eota sald\u0113juma tirgu Latvijas teritorij\u0101 ar\u012b \u0161aur\u0101k\u0101 iedal\u012bjum\u0101, tas ir, atsevi\u0161\u0137i izdalot HoReCa segmentu, impulsa sald\u0113juma segmentu un l\u012bdz\u0146em\u0161anas sald\u0113juma segmentu, kuru veido t\u0101di apak\u0161segmenti k\u0101 lielie iepakojumi un sald\u0113jums multipak\u0101s, KP secin\u0101jusi, ka apvieno\u0161an\u0101s rezult\u0101t\u0101 b\u016btiski nemain\u012bsies tirgus strukt\u016bra, nemazin\u0101sies konkurence un neizveidosies vai nenostiprin\u0101sies domin\u0113jo\u0161ais st\u0101voklis nevien\u0101 no tirgiem, kuros darbojas apvieno\u0161an\u0101s dal\u012bbnieki, l\u012bdz ar to atbilsto\u0161i Konkurences likumam apvieno\u0161an\u0101s ir at\u013caujama.<\/p>\n<p class=\"text-font font-size--text-xlarge margin-3--bottom\">Jau zi\u0146ots, ka &#8220;Froneri&#8221; \u0161ogad oktobr\u012b nosl\u0113dza vieno\u0161anos par koncerna &#8220;Food Union&#8221; sald\u0113juma biznesa ieg\u0101di Eirop\u0101, tostarp sald\u0113juma biznesa ieg\u0101di Latvij\u0101. Konkr\u0113tas dar\u012bjuma finan\u0161u deta\u013cas netika atkl\u0101tas.<\/p>\n<p class=\"text-font font-size--text-xlarge margin-3--bottom\">Pied\u0101v\u0101tais dar\u012bjums ietvers tikai sald\u0113juma biznesu Latvij\u0101, kas p\u0113c atdal\u012b\u0161anas no piena produktu biznesa tiks izveidots k\u0101 atsevi\u0161\u0137s juridisks uz\u0146\u0113mums. P\u0101r\u0113jais &#8220;Food Union&#8221; piena produktu bizness, kas attiecas uz piena produktu ra\u017eot\u0101jiem AS &#8220;R\u012bgas piena kombin\u0101ts&#8221; un AS &#8220;Valmieras piens&#8221;, nav da\u013ca no \u0161\u012b dar\u012bjuma, un to \u012bpa\u0161nieks nemain\u012bsies. Abu uz\u0146\u0113mumu vad\u012bbas komandas veidos eso\u0161ie &#8220;Food Union&#8221; Latvijas darbinieki.<\/p>\n<p class=\"text-font font-size--text-xlarge margin-3--bottom\">Sald\u0113juma un piena produktu biznesi darbojas p\u0113c b\u016btiski at\u0161\u0137ir\u012bg\u0101m \u0137\u0113d\u0113m &#8211; sald\u0113juma ra\u017eo\u0161anai ir nepiecie\u0161ama \u012bpa\u0161a aukstuma pieg\u0101des \u0137\u0113des p\u0101rvald\u012bba.<\/p>\n<p class=\"text-font font-size--text-xlarge margin-3--bottom\">&#8220;Froneri&#8221; ir starptautisks uz\u0146\u0113mums, kas izveidots 2016. gad\u0101 k\u0101 kopuz\u0146\u0113mums starp &#8220;Nestl\u00e9&#8221; un &#8220;PAI Partners&#8221;. &#8220;Froneri&#8221; darbojas vair\u0101k nek\u0101 25 valst\u012bs, ar ie\u0146\u0113mumiem virs pieciem miljardiem eiro un vair\u0101k nek\u0101 12 000 darbinieku vis\u0101 pasaul\u0113.<\/p>\n<p class=\"text-font font-size--text-xlarge margin-3--bottom\">&#8220;Food Union&#8221; koncerna, kur\u0101 ietilpst &#8220;R\u012bgas piena kombin\u0101ts&#8221; un &#8220;Valmieras piens&#8221;, apgroz\u012bjums pag\u0101ju\u0161aj\u0101 gad\u0101 bija 151,9 miljoni eiro, kas ir par 1,1% vair\u0101k nek\u0101 2023. gad\u0101, bet koncerna bruto pe\u013c\u0146a pieauga par 2,4% &#8211; l\u012bdz 26,9 miljoniem eiro.<\/p>\n<p class=\"text-font font-size--text-xlarge margin-3--bottom\">&#8220;Food Union&#8221; liel\u0101k\u0101 \u012bpa\u0161niece ir &#8220;PAG Private Equity&#8221;.<\/p>\n","protected":false},"excerpt":{"rendered":"Konkurences padome (KP) at\u013c\u0101vusi starptautiskajam sald\u0113juma ra\u017eot\u0101jam &#8220;Froneri&#8221; ieg\u0101d\u0101ties piena p\u0101rstr\u0101des koncerna &#8220;Food Union&#8221; sald\u0113juma biznesu, inform\u0113 KP.&hellip;\n","protected":false},"author":2,"featured_media":71375,"comment_status":"","ping_status":"","sticky":false,"template":"","format":"standard","meta":{"footnotes":""},"categories":[16],"tags":[869,77,870,76,867,35,39,38,36,37,34,871,868,40,21],"class_list":{"0":"post-71374","1":"post","2":"type-post","3":"status-publish","4":"format-standard","5":"has-post-thumbnail","7":"category-bizness","8":"tag-biznesa-zinas","9":"tag-bizness","10":"tag-bizness-latvija","11":"tag-business","12":"tag-dienas-zinas","13":"tag-latvia","14":"tag-latvian","15":"tag-latviesu","16":"tag-latviesu-valoda","17":"tag-latviesuvaloda","18":"tag-latvija","19":"tag-latvijas-biznesa-zinas","20":"tag-latvijas-zinas","21":"tag-lv","22":"tag-zinas"},"share_on_mastodon":{"url":"https:\/\/pubeurope.com\/@lv\/115700001927790870","error":""},"_links":{"self":[{"href":"https:\/\/www.europesays.com\/lv\/wp-json\/wp\/v2\/posts\/71374","targetHints":{"allow":["GET"]}}],"collection":[{"href":"https:\/\/www.europesays.com\/lv\/wp-json\/wp\/v2\/posts"}],"about":[{"href":"https:\/\/www.europesays.com\/lv\/wp-json\/wp\/v2\/types\/post"}],"author":[{"embeddable":true,"href":"https:\/\/www.europesays.com\/lv\/wp-json\/wp\/v2\/users\/2"}],"replies":[{"embeddable":true,"href":"https:\/\/www.europesays.com\/lv\/wp-json\/wp\/v2\/comments?post=71374"}],"version-history":[{"count":0,"href":"https:\/\/www.europesays.com\/lv\/wp-json\/wp\/v2\/posts\/71374\/revisions"}],"wp:featuredmedia":[{"embeddable":true,"href":"https:\/\/www.europesays.com\/lv\/wp-json\/wp\/v2\/media\/71375"}],"wp:attachment":[{"href":"https:\/\/www.europesays.com\/lv\/wp-json\/wp\/v2\/media?parent=71374"}],"wp:term":[{"taxonomy":"category","embeddable":true,"href":"https:\/\/www.europesays.com\/lv\/wp-json\/wp\/v2\/categories?post=71374"},{"taxonomy":"post_tag","embeddable":true,"href":"https:\/\/www.europesays.com\/lv\/wp-json\/wp\/v2\/tags?post=71374"}],"curies":[{"name":"wp","href":"https:\/\/api.w.org\/{rel}","templated":true}]}}