{"id":71380,"date":"2025-12-11T08:41:09","date_gmt":"2025-12-11T08:41:09","guid":{"rendered":"https:\/\/www.europesays.com\/lv\/71380\/"},"modified":"2025-12-11T08:41:09","modified_gmt":"2025-12-11T08:41:09","slug":"madonna-nakamgad-atgriezas-pie-deju-muzikas-saknem-ar-jaunu-albumu-un-sadarbibu-ar-warner-records-lente-lv","status":"publish","type":"post","link":"https:\/\/www.europesays.com\/lv\/71380\/","title":{"rendered":"Madonna n\u0101kamgad atgrie\u017eas pie deju m\u016bzikas sakn\u0113m ar jaunu albumu un sadarb\u012bbu ar Warner Records\u00a0\u2014\u00a0Lente.lv"},"content":{"rendered":"<p>Madonna atgrie\u017eas ar jaunu deju m\u016bzikas albumu un nosl\u0113dz pilnu muzik\u0101lo apli<\/p>\n<p>Popm\u016bzikas ikona Madonna, kas paz\u012bstama k\u0101 neatk\u0101rtojam\u0101 popkaraliene, gatavo saviem faniem patiesi aizraujo\u0161u d\u0101vanu \u2013 n\u0101kamgad gaismu ieraudz\u012bs vi\u0146as jaun\u0101kais deju m\u016bzikas albums. \u0160is solis iez\u012bm\u0113 ne tikai atgrie\u0161anos pie vi\u0146as dai\u013crades sakn\u0113m, bet ar\u012b noz\u012bm\u012bgu atjaunotu sadarb\u012bbu ar le\u0123end\u0101ro ierakstu komp\u0101niju Warner Records, kas savulaik pal\u012bdz\u0113ja vi\u0146ai uzk\u0101pt starp zvaigzn\u0113m.<\/p>\n<p>\u0160is b\u016bs Madonnas pirmais pilna apjoma studijas albums p\u0113d\u0113jo septi\u0146u gadu laik\u0101, kop\u0161 2019. gad\u0101 izdot\u0101 darba &#8220;Madame X&#8221;. Lai gan jaun\u0101 albuma nosaukums v\u0113l tiek tur\u0113ts nosl\u0113pum\u0101, jau izskan\u0113ju\u0161as runas, ka tas var\u0113tu b\u016bt gar\u012bgs turpin\u0101jums vi\u0146as kriti\u0137u slav\u0113tajam 2005. gada gr\u0101v\u0113jam &#8220;Confessions on a Dance Floor&#8221;. Madonna pati soci\u0101lajos t\u012bklos ir devusi skaidrus m\u0101jienus, ka jaunais projekts var\u0113tu b\u016bt &#8220;COADF Part 2 \u2013 2026&#8221;, radot milz\u012bgu saj\u016bsmu fanu vid\u016b un mudinot dom\u0101t par atgrie\u0161anos pie ener\u0123isk\u0101, klubu m\u016bzikai rakstur\u012bg\u0101 skan\u0113juma, kas padar\u012bja &#8220;Confessions on a Dance Floor&#8221; par nenovecojo\u0161u klasiku.<\/p>\n<p>Pilns loks ar Warner Records: Atgrie\u0161an\u0101s pie sakn\u0113m<\/p>\n<p>Sadarb\u012bba ar Warner Records ir \u012bpa\u0161i noz\u012bm\u012bga, jo tie\u0161i \u0161\u012b komp\u0101nija bija m\u0101jvieta Madonnai vi\u0146as karjeras pirmajos 25 gados. Zem \u0161\u012b jumta tika rad\u012bti t\u0101di vi\u0146as agr\u012bnie, ikoniskie hiti k\u0101 &#8220;Like a Virgin&#8221; un &#8220;Holiday&#8221;. P\u0113c aizie\u0161anas no Warner Records 2007. gad\u0101, lai parakst\u012btu l\u012bgumu ar Live Nation, Madonna tagad atgrie\u017eas pie sav\u0101m muzik\u0101laj\u0101m sakn\u0113m, nosl\u0113dzot pilnu apli. Vi\u0146a ir paudusi lielu prieku par atkalapvieno\u0161anos, atz\u012bm\u0113jot, ka &#8220;atkal ir m\u0101j\u0101s&#8221; un cer rad\u012bt m\u016bziku, kas b\u016bs &#8220;neparasta&#8221; un &#8220;iesp\u0113jams, izprovoc\u0113s da\u017eas nepiecie\u0161amas sarunas&#8221;.<\/p>\n<p>Warner Records vad\u012bt\u0101ji Tomass Karsons un \u0100rons Bejs-\u0160uks \u0161o br\u012bdi raksturo k\u0101 &#8220;v\u0113sturisku, pilna loka momentu&#8221;, uzsverot Madonnas nep\u0101rsp\u0113jamo lomu m\u016bzikas industrij\u0101 k\u0101 &#8220;b\u016bt\u012bb\u0101 parauga, likumu lauz\u0113jas, galven\u0101s kult\u016bras dzin\u0113jas&#8221;. Vi\u0146i atz\u012bst, ka Madonna ne tikai gadu desmitiem ir defin\u0113jusi glob\u0101l\u0101s popm\u016bzikas skan\u0113jumu, bet ar\u012b &#8220;p\u0101rveidojusi kult\u016bru ar savu v\u012bziju, inov\u0101cij\u0101m un drosm\u012bgo m\u0101ksliniecisko izpausmi&#8221;.<\/p>\n<p>Sadarb\u012bba ar Stjuartu Praisu un gaid\u0101mais skan\u0113jums<\/p>\n<p>Jaunaj\u0101 album\u0101 Madonna atkal apvienosies ar ilggad\u0113jo sadarb\u012bbas partneri, producentu un d\u012bd\u017eeju Stjuartu Praisu. Praiss bija viens no galvenajiem rado\u0161ajiem sp\u0113kiem aiz 2005. gada pan\u0101kumiem &#8220;Confessions on a Dance Floor&#8221;, un vi\u0146u kop\u012bg\u0101 darba ats\u0101k\u0161ana liecina par cer\u012bb\u0101m uz dinamisku un lip\u012bgu deju m\u016bziku, kas sp\u0113tu atmodin\u0101t gan vecos, gan jaunus fanus.<\/p>\n<p>Madonna, kas savu karjeru aizs\u0101ka 1980. gadu s\u0101kum\u0101, ir k\u013cuvusi par vienu no ietekm\u012bg\u0101kaj\u0101m un visvair\u0101k p\u0101rdotaj\u0101m m\u0101ksliniec\u0113m popm\u016bzikas v\u0113stur\u0113, ar vair\u0101k nek\u0101 400 miljoniem p\u0101rdotu ierakstu vis\u0101 pasaul\u0113. Vi\u0146as atgrie\u0161an\u0101s ar jaunu deju albumu ir ne tikai muzik\u0101ls notikums, bet ar\u012b apliecin\u0101jums vi\u0146as nep\u0101rejo\u0161ajai sp\u0113jai ieviest inov\u0101cijas un iedvesmot.<\/p>\n","protected":false},"excerpt":{"rendered":"Madonna atgrie\u017eas ar jaunu deju m\u016bzikas albumu un nosl\u0113dz pilnu muzik\u0101lo apli Popm\u016bzikas ikona Madonna, kas paz\u012bstama k\u0101&hellip;\n","protected":false},"author":2,"featured_media":71381,"comment_status":"","ping_status":"","sticky":false,"template":"","format":"standard","meta":{"footnotes":""},"categories":[19],"tags":[928,89,90,309,35,39,38,36,37,34,40,927,18217,929],"class_list":{"0":"post-71380","1":"post","2":"type-post","3":"status-publish","4":"format-standard","5":"has-post-thumbnail","7":"category-izklaide","8":"tag-deju-muzika","9":"tag-entertainment","10":"tag-izklaide","11":"tag-jauns-albums","12":"tag-latvia","13":"tag-latvian","14":"tag-latviesu","15":"tag-latviesu-valoda","16":"tag-latviesuvaloda","17":"tag-latvija","18":"tag-lv","19":"tag-madonna","20":"tag-muzikas-atgriesanas","21":"tag-warner-records"},"share_on_mastodon":{"url":"https:\/\/pubeurope.com\/@lv\/115700045107679141","error":""},"_links":{"self":[{"href":"https:\/\/www.europesays.com\/lv\/wp-json\/wp\/v2\/posts\/71380","targetHints":{"allow":["GET"]}}],"collection":[{"href":"https:\/\/www.europesays.com\/lv\/wp-json\/wp\/v2\/posts"}],"about":[{"href":"https:\/\/www.europesays.com\/lv\/wp-json\/wp\/v2\/types\/post"}],"author":[{"embeddable":true,"href":"https:\/\/www.europesays.com\/lv\/wp-json\/wp\/v2\/users\/2"}],"replies":[{"embeddable":true,"href":"https:\/\/www.europesays.com\/lv\/wp-json\/wp\/v2\/comments?post=71380"}],"version-history":[{"count":0,"href":"https:\/\/www.europesays.com\/lv\/wp-json\/wp\/v2\/posts\/71380\/revisions"}],"wp:featuredmedia":[{"embeddable":true,"href":"https:\/\/www.europesays.com\/lv\/wp-json\/wp\/v2\/media\/71381"}],"wp:attachment":[{"href":"https:\/\/www.europesays.com\/lv\/wp-json\/wp\/v2\/media?parent=71380"}],"wp:term":[{"taxonomy":"category","embeddable":true,"href":"https:\/\/www.europesays.com\/lv\/wp-json\/wp\/v2\/categories?post=71380"},{"taxonomy":"post_tag","embeddable":true,"href":"https:\/\/www.europesays.com\/lv\/wp-json\/wp\/v2\/tags?post=71380"}],"curies":[{"name":"wp","href":"https:\/\/api.w.org\/{rel}","templated":true}]}}