{"id":71412,"date":"2025-12-11T09:26:10","date_gmt":"2025-12-11T09:26:10","guid":{"rendered":"https:\/\/www.europesays.com\/lv\/71412\/"},"modified":"2025-12-11T09:26:10","modified_gmt":"2025-12-11T09:26:10","slug":"danijas-izlukdienests-asv-atzits-par-drosibas-draudu","status":"publish","type":"post","link":"https:\/\/www.europesays.com\/lv\/71412\/","title":{"rendered":"D\u0101nijas izl\u016bkdienests: ASV atz\u012bts par dro\u0161\u012bbas draudu"},"content":{"rendered":"<p class=\"descr\">D\u0101nijas \u0101r\u0113j\u0101s un milit\u0101r\u0101s izl\u016bko\u0161anas dienests pirmo reizi ASV atzinis par potenci\u0101lu draudu valsts dro\u0161\u012bbai, v\u0113sta zi\u0146u a\u0123ent\u016bra &#8220;Bloomberg&#8221;, atsaucoties uz dienesta 2025. gada zi\u0146ojumu.<\/p>\n<p>Dokument\u0101 teikts, ka ASV arvien vair\u0101k par priorit\u0101ti izvirza savas intereses un &#8220;izmanto savu ekonomisko un tehnolo\u0123isko sp\u0113ku k\u0101 varas instrumentu&#8221;, ar\u012b attiec\u012bb\u0101s ar sabiedrotajiem un partneriem.<\/p>\n<p>D\u0101nijas izl\u016bkdienesti nor\u0101da uz pieaugo\u0161o ASV interesi par<a href=\"https:\/\/nra.lv\/pasaule\/506796-amerikani-nevares-pirkt-grenlandes-zemes.htm\" data-item-link=\"true\" data-item-id=\"506796\" rel=\"nofollow noopener\" target=\"_blank\"> Grenlandi<\/a>, pieaugot lielvaru s\u0101ncens\u012bbai Arktik\u0101.<\/p>\n<p>&#8220;ASV izmanto ekonomisko sp\u0113ku, ar\u012b augstu tarifu draudus, lai uzspiestu savu gribu, un vairs neizsl\u0113dz milit\u0101r\u0101 sp\u0113ka izmanto\u0161anu pat pret sabiedrotajiem,&#8221; teikts dokument\u0101.<\/p>\n<p>Par galvenajiem draudiem dro\u0161\u012bbai D\u0101nijas izl\u016bkdienesti joproj\u0101m uzskata Krieviju un \u0136\u012bnu.<\/p>\n<p>Neskaidr\u012bba par ASV k\u0101 Eiropas dro\u0161\u012bbas garanta lomu var palielin\u0101t Krievijas gatav\u012bbu pastiprin\u0101t hibr\u012bduzbrukumus pret NATO valst\u012bm.<\/p>\n<p>D\u0101nijas izl\u016bkdienesti uzskata Baltijas j\u016bras re\u0123ionu par &#8220;visaugst\u0101k\u0101 riska zonu&#8221;, kur Krievija var\u0113tu izmantot milit\u0101ru sp\u0113ku pret NATO.<\/p>\n<p>\t\t\t\t\t\tinfo<\/p>\n<p>Uzzini pirmais<br \/>kas interesants noticis Latvij\u0101 un pasaul\u0113,<br \/>pievienojoties mums <a href=\"https:\/\/t.me\/neatkariga\" rel=\"nofollow\">Telegram<\/a> vai <a href=\"https:\/\/whatsapp.com\/channel\/0029VaMLFUH5K3zLU5s4wm3y\" rel=\"nofollow noopener\" target=\"_blank\">Whatsapp<\/a> kan\u0101l\u0101<\/p>\n","protected":false},"excerpt":{"rendered":"D\u0101nijas \u0101r\u0113j\u0101s un milit\u0101r\u0101s izl\u016bko\u0161anas dienests pirmo reizi ASV atzinis par potenci\u0101lu draudu valsts dro\u0161\u012bbai, v\u0113sta zi\u0146u a\u0123ent\u016bra&hellip;\n","protected":false},"author":2,"featured_media":71413,"comment_status":"","ping_status":"","sticky":false,"template":"","format":"standard","meta":{"footnotes":""},"categories":[14],"tags":[23,57,28,29,32,33,22,30,31,35,39,38,36,37,34,40,20,26,27,24,25,54,55,56,21,58],"class_list":{"0":"post-71412","1":"post","2":"type-post","3":"status-publish","4":"format-standard","5":"has-post-thumbnail","7":"category-zinas-no-arvalstim","8":"tag-aktualitates","9":"tag-arvalstim","10":"tag-breaking-news","11":"tag-breakingnews","12":"tag-featured-news","13":"tag-featurednews","14":"tag-headlines","15":"tag-latest-news","16":"tag-latestnews","17":"tag-latvia","18":"tag-latvian","19":"tag-latviesu","20":"tag-latviesu-valoda","21":"tag-latviesuvaloda","22":"tag-latvija","23":"tag-lv","24":"tag-news","25":"tag-popularakas-zinas","26":"tag-popularakaszinas","27":"tag-top-stories","28":"tag-topstories","29":"tag-world","30":"tag-world-news","31":"tag-worldnews","32":"tag-zinas","33":"tag-zinas-no-arvalstim"},"share_on_mastodon":{"url":"https:\/\/pubeurope.com\/@lv\/115700222081632412","error":""},"_links":{"self":[{"href":"https:\/\/www.europesays.com\/lv\/wp-json\/wp\/v2\/posts\/71412","targetHints":{"allow":["GET"]}}],"collection":[{"href":"https:\/\/www.europesays.com\/lv\/wp-json\/wp\/v2\/posts"}],"about":[{"href":"https:\/\/www.europesays.com\/lv\/wp-json\/wp\/v2\/types\/post"}],"author":[{"embeddable":true,"href":"https:\/\/www.europesays.com\/lv\/wp-json\/wp\/v2\/users\/2"}],"replies":[{"embeddable":true,"href":"https:\/\/www.europesays.com\/lv\/wp-json\/wp\/v2\/comments?post=71412"}],"version-history":[{"count":0,"href":"https:\/\/www.europesays.com\/lv\/wp-json\/wp\/v2\/posts\/71412\/revisions"}],"wp:featuredmedia":[{"embeddable":true,"href":"https:\/\/www.europesays.com\/lv\/wp-json\/wp\/v2\/media\/71413"}],"wp:attachment":[{"href":"https:\/\/www.europesays.com\/lv\/wp-json\/wp\/v2\/media?parent=71412"}],"wp:term":[{"taxonomy":"category","embeddable":true,"href":"https:\/\/www.europesays.com\/lv\/wp-json\/wp\/v2\/categories?post=71412"},{"taxonomy":"post_tag","embeddable":true,"href":"https:\/\/www.europesays.com\/lv\/wp-json\/wp\/v2\/tags?post=71412"}],"curies":[{"name":"wp","href":"https:\/\/api.w.org\/{rel}","templated":true}]}}