{"id":71439,"date":"2025-12-11T10:02:13","date_gmt":"2025-12-11T10:02:13","guid":{"rendered":"https:\/\/www.europesays.com\/lv\/71439\/"},"modified":"2025-12-11T10:02:13","modified_gmt":"2025-12-11T10:02:13","slug":"zelenskis-gatavs-rikot-velesanas-ukraina-ja-tiktu-garanteta-to-drosiba","status":"publish","type":"post","link":"https:\/\/www.europesays.com\/lv\/71439\/","title":{"rendered":"Zelenskis gatavs r\u012bkot v\u0113l\u0113\u0161anas Ukrain\u0101, ja tiktu garant\u0113ta to dro\u0161\u012bba"},"content":{"rendered":"<p>Ukrainas pils\u0113tas gandr\u012bz katru dienu ir pak\u013cautas Krievijas dronu un ra\u0137e\u0161u uzbrukumiem, savuk\u0101rt simtiem t\u016bksto\u0161i ukrai\u0146u karo front\u0113.<\/p>\n<p>Zelenskis ar\u012b sac\u012bja, ka s\u0101kotn\u0113jais ASV pl\u0101ns kara izbeig\u0161anai ir sadal\u012bts tr\u012bs dokumentos. Tie ir 20 punktu vieno\u0161an\u0101s un divi atsevi\u0161\u0137i dokumenti &#8211; viens par dro\u0161\u012bbas garantij\u0101m un otrs par Ukrainas atjauno\u0161anu p\u0113c kara.<\/p>\n<p>&#8220;Tie ir tr\u012bs. J\u0101, t\u0101 ir paties\u012bba. M\u0113s tos apsprie\u017eam ar amerik\u0101\u0146iem un jau esam s\u0101ku\u0161i apsprie\u0161anos ar eiropie\u0161iem,&#8221; teica Zelenskis. Vi\u0146\u0161 piebilda, ka cer nos\u016bt\u012bt \u0161\u012b pl\u0101na atjaunin\u0101tu versiju Savienotaj\u0101m Valst\u012bm tre\u0161dien.<\/p>\n<p>Zelenskis ar\u012b sac\u012bja, ka ASV un da\u017eas citas NATO valstis neredz iesp\u0113ju Ukrainai tikt uz\u0146emtai \u0161aj\u0101 alians\u0113.<\/p>\n<p>&#8220;Paklau, m\u0113s esam re\u0101listi, m\u0113s patiesi gribam b\u016bt NATO. Manupr\u0101t, tas ir god\u012bgi. Tom\u0113r m\u0113s dro\u0161i zin\u0101m, ka ne ASV, ne daudzas citas valstis, va\u013csird\u012bgi sakot, neredz Ukrainu NATO \u0161aj\u0101 laik\u0101,&#8221; Zelenskis sac\u012bja \u017eurn\u0101listiem.<\/p>\n","protected":false},"excerpt":{"rendered":"Ukrainas pils\u0113tas gandr\u012bz katru dienu ir pak\u013cautas Krievijas dronu un ra\u0137e\u0161u uzbrukumiem, savuk\u0101rt simtiem t\u016bksto\u0161i ukrai\u0146u karo front\u0113.&hellip;\n","protected":false},"author":2,"featured_media":71440,"comment_status":"","ping_status":"","sticky":false,"template":"","format":"standard","meta":{"footnotes":""},"categories":[14],"tags":[23,57,3700,28,29,32,33,22,234,74,30,31,35,39,38,36,37,34,40,20,26,27,24,25,276,2544,178,54,55,56,21,58],"class_list":{"0":"post-71439","1":"post","2":"type-post","3":"status-publish","4":"format-standard","5":"has-post-thumbnail","7":"category-zinas-no-arvalstim","8":"tag-aktualitates","9":"tag-arvalstim","10":"tag-autoritarisma-ena-par-eiropu","11":"tag-breaking-news","12":"tag-breakingnews","13":"tag-featured-news","14":"tag-featurednews","15":"tag-headlines","16":"tag-krievija","17":"tag-krievijas-iebrukums-ukraina","18":"tag-latest-news","19":"tag-latestnews","20":"tag-latvia","21":"tag-latvian","22":"tag-latviesu","23":"tag-latviesu-valoda","24":"tag-latviesuvaloda","25":"tag-latvija","26":"tag-lv","27":"tag-news","28":"tag-popularakas-zinas","29":"tag-popularakaszinas","30":"tag-top-stories","31":"tag-topstories","32":"tag-ukraina","33":"tag-velesanas","34":"tag-volodimirs-zelenskis","35":"tag-world","36":"tag-world-news","37":"tag-worldnews","38":"tag-zinas","39":"tag-zinas-no-arvalstim"},"share_on_mastodon":{"url":"","error":"Validation failed: Text character limit of 500 exceeded"},"_links":{"self":[{"href":"https:\/\/www.europesays.com\/lv\/wp-json\/wp\/v2\/posts\/71439","targetHints":{"allow":["GET"]}}],"collection":[{"href":"https:\/\/www.europesays.com\/lv\/wp-json\/wp\/v2\/posts"}],"about":[{"href":"https:\/\/www.europesays.com\/lv\/wp-json\/wp\/v2\/types\/post"}],"author":[{"embeddable":true,"href":"https:\/\/www.europesays.com\/lv\/wp-json\/wp\/v2\/users\/2"}],"replies":[{"embeddable":true,"href":"https:\/\/www.europesays.com\/lv\/wp-json\/wp\/v2\/comments?post=71439"}],"version-history":[{"count":0,"href":"https:\/\/www.europesays.com\/lv\/wp-json\/wp\/v2\/posts\/71439\/revisions"}],"wp:featuredmedia":[{"embeddable":true,"href":"https:\/\/www.europesays.com\/lv\/wp-json\/wp\/v2\/media\/71440"}],"wp:attachment":[{"href":"https:\/\/www.europesays.com\/lv\/wp-json\/wp\/v2\/media?parent=71439"}],"wp:term":[{"taxonomy":"category","embeddable":true,"href":"https:\/\/www.europesays.com\/lv\/wp-json\/wp\/v2\/categories?post=71439"},{"taxonomy":"post_tag","embeddable":true,"href":"https:\/\/www.europesays.com\/lv\/wp-json\/wp\/v2\/tags?post=71439"}],"curies":[{"name":"wp","href":"https:\/\/api.w.org\/{rel}","templated":true}]}}