{"id":71449,"date":"2025-12-11T10:19:14","date_gmt":"2025-12-11T10:19:14","guid":{"rendered":"https:\/\/www.europesays.com\/lv\/71449\/"},"modified":"2025-12-11T10:19:14","modified_gmt":"2025-12-11T10:19:14","slug":"chery-globalie-panakumi-stiprina-zimola-pozicijas-ari-baltija","status":"publish","type":"post","link":"https:\/\/www.europesays.com\/lv\/71449\/","title":{"rendered":"&#8220;Chery&#8221; glob\u0101lie pan\u0101kumi stiprina z\u012bmola poz\u012bcijas ar\u012b Baltij\u0101"},"content":{"rendered":"<p>P\u0113c pazi\u0146ojuma par ien\u0101k\u0161anu Baltijas tirg\u016b, &#8220;Chery&#8221; turpina apliecin\u0101t sevi k\u0101 vienu no strauj\u0101k augo\u0161ajiem un inovat\u012bv\u0101kajiem glob\u0101lajiem z\u012bmoliem. 2025. gad\u0101 uz\u0146\u0113mums sasniedza vair\u0101kus noz\u012bm\u012bgus starptautiskus rekordus, kas atspogu\u013co t\u0101 strat\u0113\u0123isko att\u012bst\u012bbas virzienu un ilgtermi\u0146a pieeju ar\u012b Baltij\u0101.<\/p>\n<p>&#8220;Chery&#8221; izaugsmes pamat\u0101 ir ilgsto\u0161as invest\u012bcijas p\u0113tniec\u012bb\u0101 un att\u012bst\u012bb\u0101. Uz\u0146\u0113mums izveidojis 8 starptautiskus p\u0113tniec\u012bbas centrus un ieviesis 6 ekstrem\u0101l\u0101s vides test\u0113\u0161anas standartus, nodro\u0161inot augst\u0101ko kvalit\u0101ti un dro\u0161\u012bbu da\u017e\u0101dos klimatiskajos re\u0123ionos. \u012apa\u0161u uzman\u012bbu piesaista Chery Super Hybrid (CSH) tehnolo\u0123ija ar 44,5% termisko efektivit\u0101ti, kas nosaka jaunus standartus energoefekt\u012bvai un ilgtsp\u0113j\u012bgai mobilit\u0101tei. Turkl\u0101t Eirop\u0101 \u2013 ar\u012b Baltij\u0101 \u2013 arvien pieaug interese par &#8220;Chery&#8221; jaun\u0101s paaudzes hibr\u012bda risin\u0101jumiem, kas apvieno jaudu, ekonomiju un dro\u0161\u012bbu.<\/p>\n<p>Z\u012bmola reput\u0101cija balst\u0101s ne tikai tehnolo\u0123ij\u0101s, bet ar\u012b augst\u0101 lietot\u0101ju apmierin\u0101t\u012bb\u0101. &#8220;J.D. Power&#8221; p\u0113t\u012bjum\u0101 uz\u0146\u0113mums jau otro gadu p\u0113c k\u0101rtas ieguvis 1. vietu p\u0101rdo\u0161anas apmierin\u0101t\u012bb\u0101 starp \u0136\u012bnas z\u012bmoliem, k\u0101 ar\u012b sa\u0146\u0113mis klientu servisa apbalvojumus vair\u0101k\u0101s pasaules valst\u012bs. Lai nodro\u0161in\u0101tu vienotu servisa kvalit\u0101ti vis\u0101 pasaul\u0113, &#8220;Chery&#8221; izveidojis CHERY FAMILY CARE programmu, kuras pamat\u0101 ir dro\u0161\u012bba, uzticam\u012bba un klientam piel\u0101goti risin\u0101jumi. \u0160\u012b pieeja tiks pak\u0101peniski ieviesta ar\u012b Baltij\u0101 \u2013 ar modern\u0101m servisa programm\u0101m, profesion\u0101lu tehnisko atbalstu un uzlabotu p\u0113cp\u0101rdo\u0161anas servisu.<\/p>\n<p>&#8220;Chery&#8221; starptautiskie sasniegumi veido sp\u0113c\u012bgu pamatu z\u012bmola ien\u0101k\u0161anai Baltijas tirg\u016b, kur akt\u012bva darb\u012bba s\u0101ksies jau 2026. gada s\u0101kum\u0101. Lai ar\u012b z\u012bmols re\u0123ion\u0101 ir jauns, tas pl\u0101no pied\u0101v\u0101t modernas, dro\u0161as un videi draudz\u012bgas mobilit\u0101tes iesp\u0113jas, veidojot uzticamu servisa un atbalsta infrastrukt\u016bru. N\u0101kamais gads b\u016bs b\u016btisks z\u012bmola atpaz\u012bstam\u012bbas veido\u0161an\u0101 un mode\u013cu pieejam\u012bbas papla\u0161in\u0101\u0161an\u0101, pak\u0101peniski nostiprinot &#8220;Chery&#8221; poz\u012bcijas k\u0101 konkur\u0113tsp\u0113j\u012bgai izv\u0113lei Baltijas autovad\u012bt\u0101jiem.<\/p>\n<p class=\"m-0\">Seko &#8220;Delfi&#8221; ar\u012b  <a target=\"_blank\" href=\"https:\/\/www.instagram.com\/delfi.lv\/\" rel=\"nofollow noopener\">Instagram<\/a>  un <a target=\"_blank\" href=\"https:\/\/www.youtube.com\/channel\/UCw5foWtcJvAbUm64rv7jwUQ\" rel=\"nofollow noopener\">YouTube<\/a>  profil\u0101 \u2013 pievienojies, lai uzzin\u0101tu svar\u012bg\u0101ko un interesant\u0101ko pirmais!<\/p>\n<p>Publik\u0101cijas saturs vai t\u0101s jebk\u0101da apjoma da\u013ca ir aizsarg\u0101ts autorties\u012bbu objekts Autorties\u012bbu likuma izpratn\u0113, un t\u0101 izmanto\u0161ana bez izdev\u0113ja at\u013caujas ir aizliegta. Vair\u0101k lasi  <a target=\"_blank\" href=\"https:\/\/www.delfi.lv\/noteikumi#autortiesibas\" rel=\"nofollow noopener\">\u0161eit<\/a><script async src=\"\/\/www.instagram.com\/embed.js\"><\/script><\/p>\n","protected":false},"excerpt":{"rendered":"P\u0113c pazi\u0146ojuma par ien\u0101k\u0161anu Baltijas tirg\u016b, &#8220;Chery&#8221; turpina apliecin\u0101t sevi k\u0101 vienu no strauj\u0101k augo\u0161ajiem un inovat\u012bv\u0101kajiem glob\u0101lajiem&hellip;\n","protected":false},"author":2,"featured_media":71450,"comment_status":"","ping_status":"","sticky":false,"template":"","format":"standard","meta":{"footnotes":""},"categories":[16],"tags":[77,76,35,39,38,36,37,34,40],"class_list":{"0":"post-71449","1":"post","2":"type-post","3":"status-publish","4":"format-standard","5":"has-post-thumbnail","7":"category-bizness","8":"tag-bizness","9":"tag-business","10":"tag-latvia","11":"tag-latvian","12":"tag-latviesu","13":"tag-latviesu-valoda","14":"tag-latviesuvaloda","15":"tag-latvija","16":"tag-lv"},"share_on_mastodon":{"url":"https:\/\/pubeurope.com\/@lv\/115700430447078526","error":""},"_links":{"self":[{"href":"https:\/\/www.europesays.com\/lv\/wp-json\/wp\/v2\/posts\/71449","targetHints":{"allow":["GET"]}}],"collection":[{"href":"https:\/\/www.europesays.com\/lv\/wp-json\/wp\/v2\/posts"}],"about":[{"href":"https:\/\/www.europesays.com\/lv\/wp-json\/wp\/v2\/types\/post"}],"author":[{"embeddable":true,"href":"https:\/\/www.europesays.com\/lv\/wp-json\/wp\/v2\/users\/2"}],"replies":[{"embeddable":true,"href":"https:\/\/www.europesays.com\/lv\/wp-json\/wp\/v2\/comments?post=71449"}],"version-history":[{"count":0,"href":"https:\/\/www.europesays.com\/lv\/wp-json\/wp\/v2\/posts\/71449\/revisions"}],"wp:featuredmedia":[{"embeddable":true,"href":"https:\/\/www.europesays.com\/lv\/wp-json\/wp\/v2\/media\/71450"}],"wp:attachment":[{"href":"https:\/\/www.europesays.com\/lv\/wp-json\/wp\/v2\/media?parent=71449"}],"wp:term":[{"taxonomy":"category","embeddable":true,"href":"https:\/\/www.europesays.com\/lv\/wp-json\/wp\/v2\/categories?post=71449"},{"taxonomy":"post_tag","embeddable":true,"href":"https:\/\/www.europesays.com\/lv\/wp-json\/wp\/v2\/tags?post=71449"}],"curies":[{"name":"wp","href":"https:\/\/api.w.org\/{rel}","templated":true}]}}