{"id":71522,"date":"2025-12-11T11:45:11","date_gmt":"2025-12-11T11:45:11","guid":{"rendered":"https:\/\/www.europesays.com\/lv\/71522\/"},"modified":"2025-12-11T11:45:11","modified_gmt":"2025-12-11T11:45:11","slug":"varam-aptur-un-sola-parstradat-jauno-juras-liegumu-planu-raksts","status":"publish","type":"post","link":"https:\/\/www.europesays.com\/lv\/71522\/","title":{"rendered":"VARAM aptur un sola p\u0101rstr\u0101d\u0101t jauno j\u016bras liegumu pl\u0101nu \/ Raksts"},"content":{"rendered":"<p>Vides aizsardz\u012bbas un re\u0123ion\u0101l\u0101s att\u012bst\u012bbas ministrs Raimonds \u010cudars (&#8220;Jaun\u0101 Vienot\u012bba&#8221;) sola p\u0101rstr\u0101d\u0101t J\u016bras aizsarg\u0101jamo teritoriju dabas aizsardz\u012bbas pl\u0101na priek\u0161likumu, apturot sabiedrisko apsprie\u0161anu, inform\u0113ja ministrij\u0101.\u00a0<\/p>\n<p>\u0145emot v\u0113r\u0101 iesaist\u012bto pu\u0161u, tai skait\u0101 piekrastes zvejnieku un \u016bdens sporta p\u0101rst\u0101vju, paustos viedok\u013cus par Dabas aizsardz\u012bbas pl\u0101n\u0101 ietvertajiem priek\u0161likumiem aizsarg\u0101jam\u0101m j\u016bras teritorij\u0101m un to aizsardz\u012bbas un izmanto\u0161anas noteikumiem, sabiedrisk\u0101 apsprie\u0161ana par J\u016bras aizsarg\u0101jamo teritoriju dabas aizsardz\u012bbas pl\u0101nu ir aptur\u0113ta.\u00a0<\/p>\n<p>Attiec\u012bgi \u0161\u012b br\u012b\u017ea Dabas aizsardz\u012bbas pl\u0101na priek\u0161likumi netiks virz\u012bti t\u0101l\u0101k un tiks turpin\u0101ts darbs pie pl\u0101na izstr\u0101des.\u00a0<\/p>\n<p>KONTEKSTS:<\/p>\n<p>Jau vair\u0101k nek\u0101 5 gadus ilgst\u00a0J\u016bras aizsarg\u0101jamo biotopu <a href=\"https:\/\/reef.daba.gov.lv\/public\/lat\/galerija\/video_galerija\/\" target=\"_blank\" rel=\"nofollow noopener\">izp\u0113tes projekts &#8220;Life reef&#8221;<\/a>, ko \u012bsteno Dabas aizsardz\u012bbas p\u0101rvalde (DAP) sadarb\u012bb\u0101 ar zin\u0101tnisko instit\u016btu &#8220;Bior&#8221; un Latvijas Hidroekolo\u0123ijas instit\u016btu. Projekta galvenais m\u0113r\u0137is ir <a href=\"https:\/\/www.lsm.lv\/raksts\/zinas\/latvija\/30.10.2025-par-toposajiem-juras-biotopu-aizsardzibas-planiem-jau-tuvakaja-laika-sola-plasas-diskusijas.a620362\/\" class=\"lsm-link\" data-type=\"article\" data-id=\"620362\" rel=\"nofollow noopener\" target=\"_blank\">izp\u0113t\u012bt j\u016bras aizsarg\u0101jamos biotopus<\/a> un nodro\u0161in\u0101t tiem nepiecie\u0161amo aizsardz\u012bbas statusu Latvijas ekskluz\u012bvaj\u0101 ekonomiskaj\u0101 zon\u0101 (EEZ). Latvija jau ir sa\u0146\u0113musi p\u0101rmetumus, ka v\u0113rt\u012bgie j\u016bras biotopi netiek pietiekami aizsarg\u0101ti.<\/p>\n<p>Aizsarg\u0101jamo j\u016bras teritoriju t\u012bkls izveidots 2010. gad\u0101 un iek\u013cauts Eiropas noz\u012bmes aizsarg\u0101jamo dabas teritoriju t\u012bkl\u0101 &#8220;Natura 2000&#8221;, lai nodro\u0161in\u0101tu j\u016bras biotopu, sugu saglab\u0101\u0161anu un migr\u0113jo\u0161o putnu baro\u0161an\u0101s un ziemo\u0161anas vietu aizsardz\u012bbu.<\/p>\n<p>Projekt\u0101 veic j\u016bras biolo\u0123isk\u0101s daudzveid\u012bbas kart\u0113\u0161anu\u00a0EEZ \u016bde\u0146os, p\u0101rskata pieejamos\u00a0datus\u00a0par Latvijai piekrit\u012bgajiem j\u016bras \u016bde\u0146iem, sniedz priek\u0161likumus aizsarg\u0101jamo j\u016bras teritoriju t\u012bkla papla\u0161in\u0101\u0161anai, vienlaikus veidojot da\u017e\u0101das funkcion\u0101l\u0101s zonas, lai nodro\u0161in\u0101tu ilgtsp\u0113j\u012bgu biolo\u0123isk\u0101s daudzveid\u012bbas saglab\u0101\u0161anu un saimniecisk\u0101s darb\u012bbas \u012bsteno\u0161anu.<\/p>\n<p>Jaun\u0101s j\u016bras aizsarg\u0101jam\u0101s teritorijas ieguvu\u0161as ar\u012b jaunus nosaukumus\u00a0\u2013 Z\u0113\u0123elnieku s\u0113k\u013ci pie Ventspils, Papes kalva un Alku s\u0113klis pie P\u0101vilostas. Latvij\u0101 pa\u0161laik ir septi\u0146as j\u016bras aizsarg\u0101jam\u0101s teritorijas.<\/p>\n<p>Iebildumus pret pl\u0101na projektu <a href=\"https:\/\/www.lsm.lv\/raksts\/zinas\/ekonomika\/09.12.2025-piekrastes-zvejnieki-pauz-bazas-par-jauniem-liegumiem.a625548\/\" class=\"lsm-link\" data-type=\"article\" data-id=\"625548\" rel=\"nofollow noopener\" target=\"_blank\">paudu\u0161i piekrastes zvejnieki<\/a>, nor\u0101dot, ka tas nesam\u0113r\u012bgi ierobe\u017eos zvejniec\u012bbu. DAP rosinot b\u016btiski ierobe\u017eot zveju pla\u0161os j\u016bras apgabalos Latvijas piekrast\u0113. T\u0101d\u0113j\u0101di \u013coti negat\u012bvi tik\u0161ot ietekm\u0113ta saimniecisk\u0101 aktivit\u0101te daudzos R\u012bgas l\u012b\u010da un Baltijas j\u016bras ciematos un pils\u0113t\u0101s, kuros zveja, zivju k\u016bpin\u0101\u0161ana un apstr\u0101de ir svar\u012bgs r\u016bpals simtiem \u0123ime\u0146u, zvejnieku saimniec\u012bbu un uz\u0146\u0113mumu.<\/p>\n<p>                    Valodas k\u013c\u016bda rakst\u0101?<\/p>\n<p class=\"d-none d-md-block\">Iez\u012bm\u0113jiet tekstu un spiediet Ctrl+Enter, lai nos\u016bt\u012btu labojamo teksta fragmentu redaktoram! Par faktu k\u013c\u016bd\u0101m l\u016bdzam zi\u0146ot e-past\u0101 <a href=\"https:\/\/www.lsm.lv\/cdn-cgi\/l\/email-protection\" class=\"__cf_email__\" data-cfemail=\"b5c7d0d1d4ded6dcdfd4f5d9c6d89bd9c3\" rel=\"nofollow noopener\" target=\"_blank\">[email\u00a0protected]<\/a>.<\/p>\n<p class=\"d-md-none\">Iez\u012bm\u0113jiet tekstu un spiediet uz Zi\u0146ot par k\u013c\u016bdu pogas, lai nos\u016bt\u012btu labojamo teksta fragmentu redaktoram!<\/p>\n<p>\n                    Zi\u0146ot par k\u013c\u016bdu\n                <\/p>\n","protected":false},"excerpt":{"rendered":"Vides aizsardz\u012bbas un re\u0123ion\u0101l\u0101s att\u012bst\u012bbas ministrs Raimonds \u010cudars (&#8220;Jaun\u0101 Vienot\u012bba&#8221;) sola p\u0101rstr\u0101d\u0101t J\u016bras aizsarg\u0101jamo teritoriju dabas aizsardz\u012bbas pl\u0101na&hellip;\n","protected":false},"author":2,"featured_media":71523,"comment_status":"","ping_status":"","sticky":false,"template":"","format":"standard","meta":{"footnotes":""},"categories":[12],"tags":[23,28,29,32,33,22,30,31,35,39,38,36,37,34,40,20,26,27,24,25,21],"class_list":{"0":"post-71522","1":"post","2":"type-post","3":"status-publish","4":"format-standard","5":"has-post-thumbnail","7":"category-latvija","8":"tag-aktualitates","9":"tag-breaking-news","10":"tag-breakingnews","11":"tag-featured-news","12":"tag-featurednews","13":"tag-headlines","14":"tag-latest-news","15":"tag-latestnews","16":"tag-latvia","17":"tag-latvian","18":"tag-latviesu","19":"tag-latviesu-valoda","20":"tag-latviesuvaloda","21":"tag-latvija","22":"tag-lv","23":"tag-news","24":"tag-popularakas-zinas","25":"tag-popularakaszinas","26":"tag-top-stories","27":"tag-topstories","28":"tag-zinas"},"share_on_mastodon":{"url":"https:\/\/pubeurope.com\/@lv\/115700768715049025","error":""},"_links":{"self":[{"href":"https:\/\/www.europesays.com\/lv\/wp-json\/wp\/v2\/posts\/71522","targetHints":{"allow":["GET"]}}],"collection":[{"href":"https:\/\/www.europesays.com\/lv\/wp-json\/wp\/v2\/posts"}],"about":[{"href":"https:\/\/www.europesays.com\/lv\/wp-json\/wp\/v2\/types\/post"}],"author":[{"embeddable":true,"href":"https:\/\/www.europesays.com\/lv\/wp-json\/wp\/v2\/users\/2"}],"replies":[{"embeddable":true,"href":"https:\/\/www.europesays.com\/lv\/wp-json\/wp\/v2\/comments?post=71522"}],"version-history":[{"count":0,"href":"https:\/\/www.europesays.com\/lv\/wp-json\/wp\/v2\/posts\/71522\/revisions"}],"wp:featuredmedia":[{"embeddable":true,"href":"https:\/\/www.europesays.com\/lv\/wp-json\/wp\/v2\/media\/71523"}],"wp:attachment":[{"href":"https:\/\/www.europesays.com\/lv\/wp-json\/wp\/v2\/media?parent=71522"}],"wp:term":[{"taxonomy":"category","embeddable":true,"href":"https:\/\/www.europesays.com\/lv\/wp-json\/wp\/v2\/categories?post=71522"},{"taxonomy":"post_tag","embeddable":true,"href":"https:\/\/www.europesays.com\/lv\/wp-json\/wp\/v2\/tags?post=71522"}],"curies":[{"name":"wp","href":"https:\/\/api.w.org\/{rel}","templated":true}]}}