{"id":71524,"date":"2025-12-11T11:46:16","date_gmt":"2025-12-11T11:46:16","guid":{"rendered":"https:\/\/www.europesays.com\/lv\/71524\/"},"modified":"2025-12-11T11:46:16","modified_gmt":"2025-12-11T11:46:16","slug":"vel-rekordi-sinoptiki-pastastija-kads-laiks-mus-gaidis-rit-bb-lv","status":"publish","type":"post","link":"https:\/\/www.europesays.com\/lv\/71524\/","title":{"rendered":"V\u0113l rekordi? Sinopti\u0137i past\u0101st\u012bja, k\u0101ds laiks m\u016bs gaid\u012bs r\u012bt &#8211; bb.lv"},"content":{"rendered":"<ol>\n<li><a href=\"https:\/\/news.google.com\/rss\/articles\/CBMiswFBVV95cUxNaEQ2QkZpbWlMcUcwLXh6WjFaSzh1dWFTRktkTzJuWXBUUFM4TkdBRGJ2RkRGbUh6QmVDbGRJcGs5dlo0N05SN3doUFlhRjY4c3JQQ2t2d3FXT3J1NVdrSDJPR1JVYkRuLVhlYU9CbDhkMFZja0tYdGl0MUd0cjYxVHVnV2daem5rbkxQTEpUZnI0NE4wSjNpWVd5U2RhSTdzWUptTnNsYWxsNVloU3JXRGx0SdIBuAFBVV95cUxPcTZuUllIQ3lHWmt3YTFFb2NQUVI1YVhWVWVOTE5HU2ZCOGJWUlUwZVZoTmZaelNOVkhzS1FsbHFvMER2b0lYeHlCTWxJb1NsTDc2d0xXeHNRRl93WFBPelhSVzFNNWNOdFVpQ1hlMGxhNjd5RTZENWxCaDU4cFlZQmMzVkxHeGo1VXhkTDlqNV90TTdBRDdHQ0xDdjBZSk82MlNpd3N4aU9fbGN6NG1DYnJBdzJRN1l5?oc=5\" target=\"_blank\" rel=\"nofollow noopener\">V\u0113l rekordi? Sinopti\u0137i past\u0101st\u012bja, k\u0101ds laiks m\u016bs gaid\u012bs r\u012bt<\/a>&nbsp;&nbsp;bb.lv<\/li>\n<li><a href=\"https:\/\/news.google.com\/rss\/articles\/CBMiwwFBVV95cUxPNVVvenlmanQ3NnNlWVNGQWZqckROYjItR255VC1CQWpONWozSXpMcjJVODYyVWdDM1lObHFFUkc2UWdFR3BRa2ExRXp2QU1iUXhBR3hNYThkbVZxZUdlUVJvcXZsUXh2djY4MUxXZl9IbmlQNnI2OTZ3ME1zUHcxWUVRRkI0cTZYWk9NVndiZW9mQmxLQ09QV2J2cm56N0tYX2FwLUVEQnlpSnBkQkxYbWFfV1FyaUFpTVRwVTYyOF9hQjA?oc=5\" target=\"_blank\" rel=\"nofollow noopener\">Ceturtdien tre\u0161o dienu p\u0113c k\u0101rtas jauni siltuma rekordi \/ Raksts<\/a>&nbsp;&nbsp;LSM<\/li>\n<li><a href=\"https:\/\/news.google.com\/rss\/articles\/CBMiqgFBVV95cUxOaE9Wa09RUmNUSmd0MDIzUTF3SFh3QTEwWFhoLVNrSzlhdzA0ZjgtZG9UUWRWZEZqTjlNVEwtU1ZpM0FGWlUzZlhuZDRVcjQ2NUdCWTlKNktJN1hiZmowaVBoYUlQUFVTTVBKNlo1U05ja1Z0b2pkYUtJVGdXWEtmMDZpUnFSTlZ0WFMzZFNGYWt2YkYxcUVqenRIWHRaSnRZRC1PRkhrLUZ1Zw?oc=5\" target=\"_blank\" rel=\"nofollow noopener\">Tre\u0161dien turpin\u0101sies m\u0101ko\u0146ains un lietains laiks<\/a>&nbsp;&nbsp;Delfi<\/li>\n<li><a href=\"https:\/\/news.google.com\/rss\/articles\/CBMiuwFBVV95cUxQVXROX2l1SFFyRXloYkxTbWZpRTZaV3Z3a3U5SUNfMzVhTEhWeHloV3N6RXVybFgtWW1vazVxNE91OTNhSHFVWE9VRTlyWW80Sm8xblF4OE5TNl9KZWYwcnFIeE1YMW80ck43eUFKWWNmbGlPNm1mUDk0alJTRnJSUDBVcU5hSDJmRzRiMjdlbGtMVEhBbm90WlpxWDVpS2V5TTRTaXhBZTVNbHg4elU2cGgwVEh3aWdSd2Q0?oc=5\" target=\"_blank\" rel=\"nofollow noopener\">Latviju p\u0101r\u0146em siltuma vilnis &#8211; \u0161oned\u0113\u013c p\u0101rsp\u0113ti gan viet\u0113jie, gan nacion\u0101lie rekordi<\/a>&nbsp;&nbsp;Jauns.lv<\/li>\n<li><a href=\"https:\/\/news.google.com\/rss\/articles\/CBMiowFBVV95cUxOOVhoZWhIT2UyRHZXUDdmcWl1YWZ3dE9tQWJmVGlvckx0Y215TjY3dk05bzJJam85N3pFSTdHdG5oNnVXTWVDYVdsNE1GaFZTS3dITVMxN1FYSy1UVlJJTURxX3dYWkdsU2NlamxlcUNTNGh4cHBsN0NPclI2Qlp3UnJMNkZRSUpCNFJvWktranRKdFlSLTY1TE53ZDkyNlFTUzVR?oc=5\" target=\"_blank\" rel=\"nofollow noopener\">Ar\u012b ceturtdien temperat\u016bra saglab\u0101sies decembrim nerakstur\u012bgi augsta<\/a>&nbsp;&nbsp;TVNET &#8211; Laika zi\u0146as<\/li>\n<\/ol>\n","protected":false},"excerpt":{"rendered":"V\u0113l rekordi? Sinopti\u0137i past\u0101st\u012bja, k\u0101ds laiks m\u016bs gaid\u012bs r\u012bt&nbsp;&nbsp;bb.lv Ceturtdien tre\u0161o dienu p\u0113c k\u0101rtas jauni siltuma rekordi \/&hellip;\n","protected":false},"author":2,"featured_media":71525,"comment_status":"","ping_status":"","sticky":false,"template":"","format":"standard","meta":{"footnotes":""},"categories":[5],"tags":[23,28,29,32,33,22,30,31,35,39,38,36,37,34,40,20,26,27,24,25,21],"class_list":{"0":"post-71524","1":"post","2":"type-post","3":"status-publish","4":"format-standard","5":"has-post-thumbnail","7":"category-aktualitates","8":"tag-aktualitates","9":"tag-breaking-news","10":"tag-breakingnews","11":"tag-featured-news","12":"tag-featurednews","13":"tag-headlines","14":"tag-latest-news","15":"tag-latestnews","16":"tag-latvia","17":"tag-latvian","18":"tag-latviesu","19":"tag-latviesu-valoda","20":"tag-latviesuvaloda","21":"tag-latvija","22":"tag-lv","23":"tag-news","24":"tag-popularakas-zinas","25":"tag-popularakaszinas","26":"tag-top-stories","27":"tag-topstories","28":"tag-zinas"},"share_on_mastodon":{"url":"https:\/\/pubeurope.com\/@lv\/115700772574378743","error":""},"_links":{"self":[{"href":"https:\/\/www.europesays.com\/lv\/wp-json\/wp\/v2\/posts\/71524","targetHints":{"allow":["GET"]}}],"collection":[{"href":"https:\/\/www.europesays.com\/lv\/wp-json\/wp\/v2\/posts"}],"about":[{"href":"https:\/\/www.europesays.com\/lv\/wp-json\/wp\/v2\/types\/post"}],"author":[{"embeddable":true,"href":"https:\/\/www.europesays.com\/lv\/wp-json\/wp\/v2\/users\/2"}],"replies":[{"embeddable":true,"href":"https:\/\/www.europesays.com\/lv\/wp-json\/wp\/v2\/comments?post=71524"}],"version-history":[{"count":0,"href":"https:\/\/www.europesays.com\/lv\/wp-json\/wp\/v2\/posts\/71524\/revisions"}],"wp:featuredmedia":[{"embeddable":true,"href":"https:\/\/www.europesays.com\/lv\/wp-json\/wp\/v2\/media\/71525"}],"wp:attachment":[{"href":"https:\/\/www.europesays.com\/lv\/wp-json\/wp\/v2\/media?parent=71524"}],"wp:term":[{"taxonomy":"category","embeddable":true,"href":"https:\/\/www.europesays.com\/lv\/wp-json\/wp\/v2\/categories?post=71524"},{"taxonomy":"post_tag","embeddable":true,"href":"https:\/\/www.europesays.com\/lv\/wp-json\/wp\/v2\/tags?post=71524"}],"curies":[{"name":"wp","href":"https:\/\/api.w.org\/{rel}","templated":true}]}}