{"id":71526,"date":"2025-12-11T11:51:11","date_gmt":"2025-12-11T11:51:11","guid":{"rendered":"https:\/\/www.europesays.com\/lv\/71526\/"},"modified":"2025-12-11T11:51:11","modified_gmt":"2025-12-11T11:51:11","slug":"muziba-devusies-izmekletaja-rita-aksenoka-jauns-lv","status":"publish","type":"post","link":"https:\/\/www.europesays.com\/lv\/71526\/","title":{"rendered":"M\u016b\u017e\u012bb\u0101 devusies izmekl\u0113t\u0101ja Rita Aksenoka &#8211; Jauns.lv"},"content":{"rendered":"<ol>\n<li><a href=\"https:\/\/news.google.com\/rss\/articles\/CBMihAFBVV95cUxNdktHNGpyWHI4TklHeW8zZFNtSkduTG9abHBfcF9aakVIOHBMUWkwWGxVdFVHZ1Zqc1RjVXhscTI1aTQwYVJ5TUhPMWFSSWVvYWZkNGtGdUNLYXJzVWdyVTJ6MnotYjNpMzFqUWZjcGlzbE1tSWp2MTcxRzN5QUdEcFhYSWY?oc=5\" target=\"_blank\" rel=\"nofollow noopener\">M\u016b\u017e\u012bb\u0101 devusies izmekl\u0113t\u0101ja Rita Aksenoka<\/a>&nbsp;&nbsp;Jauns.lv<\/li>\n<li><a href=\"https:\/\/news.google.com\/rss\/articles\/CBMi0gFBVV95cUxOcE9sRHFnTGgzQ21BdV93S3gyV0VoZGFPYmo2Q1JFOHdxd2lieHlDSUZGRmZ4NDBYX3czNDJ4R2xsLThfR2luN2N2UldId3BSWFR5MnNqaUVVa1FBVkQzRGhFQVBZZjEzUVRUT0tCcm9UX2NEV3RQTU1Zc1YzQm9yVjNZdjdpangwSURweFZ0T0ptSlUxWnVRaFVPS1FRb19vVzgzOXFUZWdUS1NxZjdHaUFEYlNoMVBmc0I5ZElhZjV1Q3BjZnY3c2tDQXFWeHZHUGc?oc=5\" target=\"_blank\" rel=\"nofollow noopener\">\u00abPie b\u0113rnu l\u012b\u0137iem vienm\u0113r raud\u0101ju\u2026\u00bb P\u0113d\u0113j\u0101 saruna ar le\u0123end\u0101ro izmekl\u0113t\u0101ju Ritu Aksenoku<\/a>&nbsp;&nbsp;Santa.lv<\/li>\n<li><a href=\"https:\/\/news.google.com\/rss\/articles\/CBMizwFBVV95cUxPWDdiSnFYZmhEbUQ1Q1FxeFV3ejJRWnN5SHMwVlQ1OER2dFZEa2VTRGhuMWVSQ25CNGNyeXV2YldDUDZ6U3R1SEFrb0hkNUJ6TzZTak5YWHFxcF9TX09OaHFDR2F0bEV0YkNZZHV6UHIxREFHWHJQbDVPSUN4OFl1WXRNazd4U0d5VzBTX0dyZWxaMEloRXB1RE9HeGY2dWoxLWhOQUdtbU1lSnJkb2Z5R2dGN2xhTjR1Y21YNlpjem1DSll1LXBYNTJMT3VUWFE?oc=5\" target=\"_blank\" rel=\"nofollow noopener\">M\u016b\u017e\u012bb\u0101 devusies k\u0101dreiz\u0113j\u0101 sevi\u0161\u0137i svar\u012bgu lietu izmekl\u0113t\u0101ja Rita Aksenoka \/ Raksts<\/a>&nbsp;&nbsp;LSM<\/li>\n<li><a href=\"https:\/\/news.google.com\/rss\/articles\/CBMifEFVX3lxTFBhRE1BOGFxbHYzMGFQRGNGT0t1ZzJfVV8xQ0FfTzVLTUJTZFhyZW5LQk51NkEtZjVxM0VZeld6Y0R0LU42QnNScTI0UGJwN3duU2hiQWNjXzdqOVBnbW1PZy1aR3ZhNUxlcVozRmY1bUZXNDJ4N2hwUWVWQkI?oc=5\" target=\"_blank\" rel=\"nofollow noopener\">M\u016b\u017e\u012bb\u0101 aizsaukta Rita Aksenoka<\/a>&nbsp;&nbsp;Lasi.lv<\/li>\n<li><a href=\"https:\/\/news.google.com\/rss\/articles\/CBMitwFBVV95cUxQNjg5TmxKbXdtcnk3YmFnMC1nQXZkN0lhMEs2d2NxZVptWndrNWZERUdrNFhtc21BWGJydHZzLVBIbmMxNnZQOUNfRzBheWk2ejYtUGQtS05YVEhUVzdibGFHV3YwNWEta3VBa2JsdTlnQVlLemYxVjZXMW4wZERJQk01eTh3aVNZMUhiWF9BLTBvd3pNNlV1YXZQQmFNSFNNMlJtaUdUaUIxd3JkUjNDLXJyZ00tRnM?oc=5\" target=\"_blank\" rel=\"nofollow noopener\">M\u016b\u017e\u012bb\u0101 devusies le\u0123end\u0101r\u0101 sevi\u0161\u0137i svar\u012bgu lietu izmekl\u0113t\u0101ja Rita Aksenoka<\/a>&nbsp;&nbsp;Lente.lv<\/li>\n<\/ol>\n","protected":false},"excerpt":{"rendered":"M\u016b\u017e\u012bb\u0101 devusies izmekl\u0113t\u0101ja Rita Aksenoka&nbsp;&nbsp;Jauns.lv \u00abPie b\u0113rnu l\u012b\u0137iem vienm\u0113r raud\u0101ju\u2026\u00bb P\u0113d\u0113j\u0101 saruna ar le\u0123end\u0101ro izmekl\u0113t\u0101ju Ritu Aksenoku&nbsp;&nbsp;Santa.lv M\u016b\u017e\u012bb\u0101&hellip;\n","protected":false},"author":2,"featured_media":71527,"comment_status":"","ping_status":"","sticky":false,"template":"","format":"standard","meta":{"footnotes":""},"categories":[12],"tags":[23,28,29,32,33,22,30,31,35,39,38,36,37,34,40,20,26,27,24,25,21],"class_list":{"0":"post-71526","1":"post","2":"type-post","3":"status-publish","4":"format-standard","5":"has-post-thumbnail","7":"category-latvija","8":"tag-aktualitates","9":"tag-breaking-news","10":"tag-breakingnews","11":"tag-featured-news","12":"tag-featurednews","13":"tag-headlines","14":"tag-latest-news","15":"tag-latestnews","16":"tag-latvia","17":"tag-latvian","18":"tag-latviesu","19":"tag-latviesu-valoda","20":"tag-latviesuvaloda","21":"tag-latvija","22":"tag-lv","23":"tag-news","24":"tag-popularakas-zinas","25":"tag-popularakaszinas","26":"tag-top-stories","27":"tag-topstories","28":"tag-zinas"},"share_on_mastodon":{"url":"https:\/\/pubeurope.com\/@lv\/115700792245745443","error":""},"_links":{"self":[{"href":"https:\/\/www.europesays.com\/lv\/wp-json\/wp\/v2\/posts\/71526","targetHints":{"allow":["GET"]}}],"collection":[{"href":"https:\/\/www.europesays.com\/lv\/wp-json\/wp\/v2\/posts"}],"about":[{"href":"https:\/\/www.europesays.com\/lv\/wp-json\/wp\/v2\/types\/post"}],"author":[{"embeddable":true,"href":"https:\/\/www.europesays.com\/lv\/wp-json\/wp\/v2\/users\/2"}],"replies":[{"embeddable":true,"href":"https:\/\/www.europesays.com\/lv\/wp-json\/wp\/v2\/comments?post=71526"}],"version-history":[{"count":0,"href":"https:\/\/www.europesays.com\/lv\/wp-json\/wp\/v2\/posts\/71526\/revisions"}],"wp:featuredmedia":[{"embeddable":true,"href":"https:\/\/www.europesays.com\/lv\/wp-json\/wp\/v2\/media\/71527"}],"wp:attachment":[{"href":"https:\/\/www.europesays.com\/lv\/wp-json\/wp\/v2\/media?parent=71526"}],"wp:term":[{"taxonomy":"category","embeddable":true,"href":"https:\/\/www.europesays.com\/lv\/wp-json\/wp\/v2\/categories?post=71526"},{"taxonomy":"post_tag","embeddable":true,"href":"https:\/\/www.europesays.com\/lv\/wp-json\/wp\/v2\/tags?post=71526"}],"curies":[{"name":"wp","href":"https:\/\/api.w.org\/{rel}","templated":true}]}}