{"id":71534,"date":"2025-12-11T12:02:08","date_gmt":"2025-12-11T12:02:08","guid":{"rendered":"https:\/\/www.europesays.com\/lv\/71534\/"},"modified":"2025-12-11T12:02:08","modified_gmt":"2025-12-11T12:02:08","slug":"mercs-atklaj-ka-trampam-nosutits-ukrainas-teritorialas-koncesijas-priekslikums","status":"publish","type":"post","link":"https:\/\/www.europesays.com\/lv\/71534\/","title":{"rendered":"Mercs atkl\u0101j, ka Trampam nos\u016bt\u012bts Ukrainas teritori\u0101l\u0101s koncesijas priek\u0161likums"},"content":{"rendered":"<p>Mercs sac\u012bja, ka priek\u0161likums tika nos\u016bt\u012bts p\u0113c tam, kad vi\u0146\u0161 un citi Eiropas l\u012bderi tre\u0161dien telefoniski run\u0101ja ar Trampu.<\/p>\n<p>&#8220;Tas galvenok\u0101rt attiecas uz jaut\u0101jumu par to, k\u0101das teritori\u0101l\u0101s koncesijas <a href=\"https:\/\/www.apollo.lv\/term\/8497\/ukraina\" class=\"topicLink\" target=\"_blank\" rel=\"nofollow noopener\">Ukraina<\/a> ir gatava dar\u012bt,&#8221; sac\u012bja Mercs. Vi\u0146\u0161 tom\u0113r br\u012bdin\u0101ja, ka galu gal\u0101 &#8220;Ukrainas prezidentam un Ukrainas tautai ir j\u0101atbild uz \u0161o jaut\u0101jumu&#8221;.<\/p>\n<p>Mercs kop\u012bg\u0101 preses konferenc\u0113 ar NATO vad\u012bt\u0101ju Marku Riti sac\u012bja, ka &#8220;b\u016btu k\u013c\u016bdaini uzspiest Ukrainas prezidentam mieru, ko vi\u0146a tauta p\u0113c \u010detriem cie\u0161anu un n\u0101ves gadiem nepie\u0146ems&#8221;.<\/p>\n<p>Tramps, kur\u0161 bija spiedis Ukrainas prezidentu Volodimiru Zelenski piekrist <a href=\"https:\/\/www.apollo.lv\/term\/555410\/asv\" class=\"topicLink\" target=\"_blank\" rel=\"nofollow noopener\">ASV<\/a> pl\u0101nam, tre\u0161dien 40 min\u016btes ilg\u0101 telefonsarun\u0101 apsprieda Ukrainas jaut\u0101jumu ar Francijas prezidentu Emanuelu Makronu, Lielbrit\u0101nijas premjerministru K\u012bru St\u0101rmeru un V\u0101cijas kancleru Fr\u012bdrihu Mercu.<\/p>\n<p>&#8220;M\u0113s apspried\u0101m Ukrainu diezgan sp\u0113c\u012bgiem v\u0101rdiem,&#8221; Tramps sac\u012bja reportieriem, atbildot uz jaut\u0101jumu par \u0161o telefonsarunu.<\/p>\n<p>Ukrainas sabiedrotie Eirop\u0101 pirmdien bija apliecin\u0101ju\u0161i atbalstu Zelenskim, vienlaikus pau\u017eot skepsi par da\u017e\u0101m jaun\u0101k\u0101 ASV priek\u0161likuma da\u013c\u0101m.<\/p>\n<p>Tramps piebilda, ka \u0161ie Eiropas politi\u0137i grib\u0113ja r\u012bkot jaunas sarunas \u0161aj\u0101 ned\u0113\u013cas nogal\u0113, bet br\u012bdin\u0101ja, ka vi\u0146i risk\u0113 &#8220;iz\u0161\u0137iest laiku&#8221;.<\/p>\n<p>&#8220;Es dom\u0101ju, ka mums bija da\u017ei nelieli str\u012bdi par cilv\u0113kiem, un m\u0113s redz\u0113sim, k\u0101 tas beigsies. Un m\u0113s sac\u012bj\u0101m, ka pirms tik\u0161an\u0101s m\u0113s gribam zin\u0101t da\u017eas lietas (..) M\u0113s negribam iz\u0161\u0137iest laiku,&#8221; piebilda Tramps.<\/p>\n<p>L\u016bzums netika pan\u0101kts ar\u012b ASV amatpersonu un Krievijas diktatora Vladimira Putina sarun\u0101s, kas pag\u0101ju\u0161oned\u0113\u013c notika Kreml\u012b.<\/p>\n","protected":false},"excerpt":{"rendered":"Mercs sac\u012bja, ka priek\u0161likums tika nos\u016bt\u012bts p\u0113c tam, kad vi\u0146\u0161 un citi Eiropas l\u012bderi tre\u0161dien telefoniski run\u0101ja ar&hellip;\n","protected":false},"author":2,"featured_media":71535,"comment_status":"","ping_status":"","sticky":false,"template":"","format":"standard","meta":{"footnotes":""},"categories":[14],"tags":[23,57,292,28,29,542,32,33,5154,22,74,30,31,35,39,38,36,37,34,40,20,26,27,24,25,276,54,55,56,21,58],"class_list":{"0":"post-71534","1":"post","2":"type-post","3":"status-publish","4":"format-standard","5":"has-post-thumbnail","7":"category-zinas-no-arvalstim","8":"tag-aktualitates","9":"tag-arvalstim","10":"tag-asv","11":"tag-breaking-news","12":"tag-breakingnews","13":"tag-donalds-tramps","14":"tag-featured-news","15":"tag-featurednews","16":"tag-fridrihs-mercs","17":"tag-headlines","18":"tag-krievijas-iebrukums-ukraina","19":"tag-latest-news","20":"tag-latestnews","21":"tag-latvia","22":"tag-latvian","23":"tag-latviesu","24":"tag-latviesu-valoda","25":"tag-latviesuvaloda","26":"tag-latvija","27":"tag-lv","28":"tag-news","29":"tag-popularakas-zinas","30":"tag-popularakaszinas","31":"tag-top-stories","32":"tag-topstories","33":"tag-ukraina","34":"tag-world","35":"tag-world-news","36":"tag-worldnews","37":"tag-zinas","38":"tag-zinas-no-arvalstim"},"share_on_mastodon":{"url":"https:\/\/pubeurope.com\/@lv\/115700835537331430","error":""},"_links":{"self":[{"href":"https:\/\/www.europesays.com\/lv\/wp-json\/wp\/v2\/posts\/71534","targetHints":{"allow":["GET"]}}],"collection":[{"href":"https:\/\/www.europesays.com\/lv\/wp-json\/wp\/v2\/posts"}],"about":[{"href":"https:\/\/www.europesays.com\/lv\/wp-json\/wp\/v2\/types\/post"}],"author":[{"embeddable":true,"href":"https:\/\/www.europesays.com\/lv\/wp-json\/wp\/v2\/users\/2"}],"replies":[{"embeddable":true,"href":"https:\/\/www.europesays.com\/lv\/wp-json\/wp\/v2\/comments?post=71534"}],"version-history":[{"count":0,"href":"https:\/\/www.europesays.com\/lv\/wp-json\/wp\/v2\/posts\/71534\/revisions"}],"wp:featuredmedia":[{"embeddable":true,"href":"https:\/\/www.europesays.com\/lv\/wp-json\/wp\/v2\/media\/71535"}],"wp:attachment":[{"href":"https:\/\/www.europesays.com\/lv\/wp-json\/wp\/v2\/media?parent=71534"}],"wp:term":[{"taxonomy":"category","embeddable":true,"href":"https:\/\/www.europesays.com\/lv\/wp-json\/wp\/v2\/categories?post=71534"},{"taxonomy":"post_tag","embeddable":true,"href":"https:\/\/www.europesays.com\/lv\/wp-json\/wp\/v2\/tags?post=71534"}],"curies":[{"name":"wp","href":"https:\/\/api.w.org\/{rel}","templated":true}]}}