{"id":71550,"date":"2025-12-11T12:31:07","date_gmt":"2025-12-11T12:31:07","guid":{"rendered":"https:\/\/www.europesays.com\/lv\/71550\/"},"modified":"2025-12-11T12:31:07","modified_gmt":"2025-12-11T12:31:07","slug":"papira-militaras-apliecibas-atceltas-%d1%80%d0%b5%d0%b7%d0%b5%d1%80%d0%b2-klust-par-vienigo-juridiski-speka-esoso-dokumentu-lente-lv","status":"publish","type":"post","link":"https:\/\/www.europesays.com\/lv\/71550\/","title":{"rendered":"Pap\u012bra milit\u0101r\u0101s apliec\u012bbas atceltas, \u201e\u0420\u0435\u0437\u0435\u0440\u0432+\u201d k\u013c\u016bst par vien\u012bgo juridiski sp\u0113k\u0101 eso\u0161o dokumentu\u00a0\u2014\u00a0Lente.lv"},"content":{"rendered":"<p>Digit\u0101l\u0101s p\u0101rmai\u0146as: Kabinets atce\u013c pap\u012bra milit\u0101r\u0101s uzskaites dokumentus, piln\u012bb\u0101 p\u0101rejot uz \u00ab\u0420\u0435\u0437\u0435\u0440\u0432+\u00bb<\/p>\n<p>Vald\u012bba ir veikusi v\u0113sturisku soli, piln\u012bb\u0101 likvid\u0113jot pap\u012bra milit\u0101r\u0101s apliec\u012bbas un p\u0101rejot uz elektronisko dokumentu sist\u0113mu. Turpm\u0101k galvenais dokuments visiem iesaucamiem, dienest\u0101 eso\u0161ajiem un rezervistiem b\u016bs digit\u0101lais \u201e\u0420\u0435\u0437\u0435\u0440\u0432 ID\u201d, kas sniedz piln\u012bgu aizst\u0101j\u012bbu pap\u012bra form\u0101ta apliec\u012bb\u0101m. \u0160\u012bs noz\u012bm\u012bg\u0101s p\u0101rmai\u0146as ir balst\u012btas uz Ministru kabineta (Ka min) groz\u012bjumiem noteikumos Nr. 1487 un Nr. 559, nostiprinot elektronisko dokumentu juridisko sp\u0113ku.<\/p>\n<p>\u201e\u0420\u0435\u0437\u0435\u0440\u0432+\u201d \u2013 j\u016bsu digit\u0101l\u0101 milit\u0101r\u0101 pase<\/p>\n<p>Ieg\u016bt jauno, elektronisko milit\u0101r\u0101s uzskaites dokumentu ir vienk\u0101r\u0161i \u2013 tas pieejams mobilaj\u0101 lietotn\u0113 \u201e\u0420\u0435\u0437\u0435\u0440\u0432+\u201d. Tur ikviens var izveidot savu ofici\u0101lo digit\u0101lo dokumentu, ko \u0113rti demonstr\u0113t tie\u0161i no viedt\u0101lru\u0146a. Ja nepiecie\u0161ama druk\u0101ta kopija, ir iesp\u0113ja to pa\u0161i lejupiel\u0101d\u0113t PDF form\u0101t\u0101 un izdruk\u0101t, vai ar\u012b sa\u0146emt to milit\u0101r\u0101s rekrut\u0113\u0161anas un komplekt\u0113\u0161anas centros (\u0422\u0426\u041a un \u0421\u041f). \u0160\u0101ds solis nov\u0113r\u0161 vair\u0101kas sen aktu\u0101las probl\u0113mas: tagad dokumentu ir gr\u016bti pazaud\u0113t, saboj\u0101t vai viltot. Turkl\u0101t elektroniskais form\u0101ts iev\u0113rojami vienk\u0101r\u0161o un padara caursp\u012bd\u012bg\u0101ku visu milit\u0101r\u0101s uzskaites procesu, likvid\u0113jot nevajadz\u012bgu birokr\u0101tiju.<\/p>\n<blockquote><p>\u201eTas ir \u013coti svar\u012bgi. Neviens vairs nevar\u0113s falsific\u0113t j\u016bsu datus. Elektroniskais dokuments tiek veidots, pamatojoties uz re\u0123istra datiem, nodro\u0161inot absol\u016btu aizsardz\u012bbu pret viltojumiem un manipul\u0101cij\u0101m. Neviens vairs nevar\u0113s nepamatoti j\u016bs pasludin\u0101t par \u201eme kl\u0101jiem\u201d. Re\u0123istrs fiks\u0113 visas darb\u012bbas ar j\u016bsu datiem, izsl\u0113dz nepamatotu iejauk\u0161anos, un jebkuram statusam ir digit\u0101ls apstiprin\u0101jums. Maz\u0101k rindu un maz\u0101k izzi\u0146u. J\u016bsu dokuments vienm\u0113r ir pie jums. Nav j\u0101valk\u0101 pap\u012bra apliec\u012bba, nav j\u0101gaida, j\u0101atjauno vai j\u0101uztraucas, ka t\u0101 kaut kur pazud\u012bs.\u201d<\/p><\/blockquote>\n<p>Efektivit\u0101te un caursp\u012bd\u012bgums \u2013 jaun\u0101s sist\u0113mas priek\u0161roc\u012bbas<\/p>\n<p>Digit\u0101l\u0101 transform\u0101cija paredz noz\u012bm\u012bgu darba efektivit\u0101tes pieaugumu \u0422\u0426\u041a, samazinot apmekl\u0113t\u0101ju pl\u016bsmu un radot \u0113rt\u0101ku komunik\u0101ciju starp pilso\u0146iem un amatperson\u0101m. Tas noz\u012bm\u0113 maz\u0101k rind\u0101s pavad\u012bta laika, maz\u0101k stresa un vienk\u0101r\u0161\u0101ku dokumentu apriti. <\/p>\n<p>\u0160ogad ukrai\u0146i akt\u012bvi izteica s\u016bdz\u012bbas par \u0422\u0426\u041a darbu, ko apliecina ar\u012b iev\u0113rojami vair\u0101k iesniegto v\u0113stu\u013cu Ombudsmena birojam. Lai gan daudzas no \u0161\u012bm s\u016bdz\u012bb\u0101m p\u0113c p\u0101rbaud\u0113m netika apstiprin\u0101tas, to lielais skaits skaidri nor\u0101d\u012bja uz nepiecie\u0161am\u012bbu p\u0113c vec\u0101s, pap\u012bra sist\u0113mas nomai\u0146as. T\u0101p\u0113c valsts ir sp\u0113rusi \u0161o soli, lai mazin\u0101tu radu\u0161os haosu un padar\u012btu procesu paredzam\u0101ku un caursp\u012bd\u012bg\u0101ku.<\/p>\n<p>N\u0101kotnes v\u012bzija: digit\u0101l\u0101 \u0412\u0412\u041a un e-\u0422\u0426\u041a<\/p>\n<p>Darbs pie \u201e\u0420\u0435\u0437\u0435\u0440\u0432+\u201d lietotnes pilnveido\u0161anas turpin\u0101s. N\u0101kamie atjaunin\u0101jumi paredz *fotoatt\u0113la pievieno\u0161anu oblig\u0101t\u0101 dienesta karav\u012bru profiliem* un lietotnes optimiz\u0113\u0161anu, lai pa\u0101trin\u0101tu medic\u012bnisko p\u0101rbaudes komisiju (\u0412\u0412\u041a) izie\u0161anu. Jau 2026. gad\u0101 paredz\u0113ta \u0412\u0412\u041a apmekl\u0113juma laika autom\u0101tiska fiks\u0113\u0161ana un dokumentu statusa monitorings. Perspekt\u012bv\u0101 tiek pl\u0101notas digit\u0101l\u0101s \u0412\u0412\u041a un e-\u0422\u0426\u041a sist\u0113mas.<\/p>\n<p>Darba dev\u0113ju un sievie\u0161u atbild\u012bba<\/p>\n<p>J\u0101atceras, ka darba dev\u0113jiem ir likumdo\u0161anas pien\u0101kums p\u0101rbaud\u012bt milit\u0101r\u0101s uzskaites dokumentus, pie\u0146emot darb\u0101 jaunus darbiniekus, kas ir milit\u0101ri dienest\u0101 eso\u0161i vai iesaucami. Pie\u0146em\u0161ana darb\u0101 ir iesp\u0113jama tikai p\u0113c tam, kad persona ir uzskait\u0113 \u0422\u0426\u041a un \u0421\u041f, SBU vai SVR. T\u0101pat sievietes ar medic\u012bnas vai farm\u0101cijas izgl\u012bt\u012bbu tiek uzskat\u012btas par dienest\u0101 eso\u0161\u0101m un t\u0101m ir j\u0101uzr\u0101da attiec\u012bgs dokuments pie darba uz\u0146em\u0161anas, saska\u0146\u0101 ar Ministru kabineta noteikumu Nr. 921 pras\u012bb\u0101m. Darba dev\u0113ji, kas neiev\u0113ro \u0161\u012bs pras\u012bbas, var saskarties ar naudas sodiem. Tikm\u0113r v\u012brie\u0161i vecum\u0101 no 25 l\u012bdz 60 gadiem, kuri nav st\u0101v\u0113ju\u0161i uzskait\u0113, tiks autom\u0101tiski uz\u0146emti uzskait\u0113.<\/p>\n","protected":false},"excerpt":{"rendered":"Digit\u0101l\u0101s p\u0101rmai\u0146as: Kabinets atce\u013c pap\u012bra milit\u0101r\u0101s uzskaites dokumentus, piln\u012bb\u0101 p\u0101rejot uz \u00ab\u0420\u0435\u0437\u0435\u0440\u0432+\u00bb Vald\u012bba ir veikusi v\u0113sturisku soli, piln\u012bb\u0101&hellip;\n","protected":false},"author":2,"featured_media":71551,"comment_status":"","ping_status":"","sticky":false,"template":"","format":"standard","meta":{"footnotes":""},"categories":[16],"tags":[77,76,9597,18247,35,39,38,36,37,34,40,18246,18245,18248],"class_list":{"0":"post-71550","1":"post","2":"type-post","3":"status-publish","4":"format-standard","5":"has-post-thumbnail","7":"category-bizness","8":"tag-bizness","9":"tag-business","10":"tag-digitala-transformacija","11":"tag-elektroniskie-dokumenti","12":"tag-latvia","13":"tag-latvian","14":"tag-latviesu","15":"tag-latviesu-valoda","16":"tag-latviesuvaloda","17":"tag-latvija","18":"tag-lv","19":"tag-militara-uzskaite","20":"tag-18245","21":"tag-18248"},"share_on_mastodon":{"url":"","error":""},"_links":{"self":[{"href":"https:\/\/www.europesays.com\/lv\/wp-json\/wp\/v2\/posts\/71550","targetHints":{"allow":["GET"]}}],"collection":[{"href":"https:\/\/www.europesays.com\/lv\/wp-json\/wp\/v2\/posts"}],"about":[{"href":"https:\/\/www.europesays.com\/lv\/wp-json\/wp\/v2\/types\/post"}],"author":[{"embeddable":true,"href":"https:\/\/www.europesays.com\/lv\/wp-json\/wp\/v2\/users\/2"}],"replies":[{"embeddable":true,"href":"https:\/\/www.europesays.com\/lv\/wp-json\/wp\/v2\/comments?post=71550"}],"version-history":[{"count":0,"href":"https:\/\/www.europesays.com\/lv\/wp-json\/wp\/v2\/posts\/71550\/revisions"}],"wp:featuredmedia":[{"embeddable":true,"href":"https:\/\/www.europesays.com\/lv\/wp-json\/wp\/v2\/media\/71551"}],"wp:attachment":[{"href":"https:\/\/www.europesays.com\/lv\/wp-json\/wp\/v2\/media?parent=71550"}],"wp:term":[{"taxonomy":"category","embeddable":true,"href":"https:\/\/www.europesays.com\/lv\/wp-json\/wp\/v2\/categories?post=71550"},{"taxonomy":"post_tag","embeddable":true,"href":"https:\/\/www.europesays.com\/lv\/wp-json\/wp\/v2\/tags?post=71550"}],"curies":[{"name":"wp","href":"https:\/\/api.w.org\/{rel}","templated":true}]}}