{"id":71554,"date":"2025-12-11T12:34:10","date_gmt":"2025-12-11T12:34:10","guid":{"rendered":"https:\/\/www.europesays.com\/lv\/71554\/"},"modified":"2025-12-11T12:34:10","modified_gmt":"2025-12-11T12:34:10","slug":"pec-kritikas-cudars-aptur-juras-aizsargajamo-teritoriju-dabas-aizsardzibas-planu","status":"publish","type":"post","link":"https:\/\/www.europesays.com\/lv\/71554\/","title":{"rendered":"P\u0113c kritikas \u010cudars aptur J\u016bras aizsarg\u0101jamo teritoriju dabas aizsardz\u012bbas pl\u0101nu"},"content":{"rendered":"<p>Projekt\u0101 veikta j\u016bras biolo\u0123isk\u0101s daudzveid\u012bbas kart\u0113\u0161ana ekskluz\u012bv\u0101s ekonomisk\u0101s zonas \u016bde\u0146os, p\u0101rskat\u012bti pieejamie dati par Latvijai piekrit\u012bgajiem j\u016bras \u016bde\u0146iem, sniegti priek\u0161likumi aizsarg\u0101jamo j\u016bras teritoriju t\u012bkla papla\u0161in\u0101\u0161anai, vienlaikus veidojot da\u017e\u0101das funkcion\u0101l\u0101s zonas, lai nodro\u0161in\u0101tu ilgtsp\u0113j\u012bgu biolo\u0123isk\u0101s daudzveid\u012bbas saglab\u0101\u0161anu un saimniecisk\u0101s darb\u012bbas \u012bsteno\u0161anu.<\/p>\n","protected":false},"excerpt":{"rendered":"Projekt\u0101 veikta j\u016bras biolo\u0123isk\u0101s daudzveid\u012bbas kart\u0113\u0161ana ekskluz\u012bv\u0101s ekonomisk\u0101s zonas \u016bde\u0146os, p\u0101rskat\u012bti pieejamie dati par Latvijai piekrit\u012bgajiem j\u016bras \u016bde\u0146iem,&hellip;\n","protected":false},"author":2,"featured_media":71555,"comment_status":"","ping_status":"","sticky":false,"template":"","format":"standard","meta":{"footnotes":""},"categories":[5],"tags":[23,28,29,32,33,22,30,31,35,39,38,36,37,34,40,20,26,27,24,25,21],"class_list":{"0":"post-71554","1":"post","2":"type-post","3":"status-publish","4":"format-standard","5":"has-post-thumbnail","7":"category-aktualitates","8":"tag-aktualitates","9":"tag-breaking-news","10":"tag-breakingnews","11":"tag-featured-news","12":"tag-featurednews","13":"tag-headlines","14":"tag-latest-news","15":"tag-latestnews","16":"tag-latvia","17":"tag-latvian","18":"tag-latviesu","19":"tag-latviesu-valoda","20":"tag-latviesuvaloda","21":"tag-latvija","22":"tag-lv","23":"tag-news","24":"tag-popularakas-zinas","25":"tag-popularakaszinas","26":"tag-top-stories","27":"tag-topstories","28":"tag-zinas"},"share_on_mastodon":{"url":"https:\/\/pubeurope.com\/@lv\/115700961437261163","error":""},"_links":{"self":[{"href":"https:\/\/www.europesays.com\/lv\/wp-json\/wp\/v2\/posts\/71554","targetHints":{"allow":["GET"]}}],"collection":[{"href":"https:\/\/www.europesays.com\/lv\/wp-json\/wp\/v2\/posts"}],"about":[{"href":"https:\/\/www.europesays.com\/lv\/wp-json\/wp\/v2\/types\/post"}],"author":[{"embeddable":true,"href":"https:\/\/www.europesays.com\/lv\/wp-json\/wp\/v2\/users\/2"}],"replies":[{"embeddable":true,"href":"https:\/\/www.europesays.com\/lv\/wp-json\/wp\/v2\/comments?post=71554"}],"version-history":[{"count":0,"href":"https:\/\/www.europesays.com\/lv\/wp-json\/wp\/v2\/posts\/71554\/revisions"}],"wp:featuredmedia":[{"embeddable":true,"href":"https:\/\/www.europesays.com\/lv\/wp-json\/wp\/v2\/media\/71555"}],"wp:attachment":[{"href":"https:\/\/www.europesays.com\/lv\/wp-json\/wp\/v2\/media?parent=71554"}],"wp:term":[{"taxonomy":"category","embeddable":true,"href":"https:\/\/www.europesays.com\/lv\/wp-json\/wp\/v2\/categories?post=71554"},{"taxonomy":"post_tag","embeddable":true,"href":"https:\/\/www.europesays.com\/lv\/wp-json\/wp\/v2\/tags?post=71554"}],"curies":[{"name":"wp","href":"https:\/\/api.w.org\/{rel}","templated":true}]}}