{"id":71562,"date":"2025-12-11T12:39:46","date_gmt":"2025-12-11T12:39:46","guid":{"rendered":"https:\/\/www.europesays.com\/lv\/71562\/"},"modified":"2025-12-11T12:39:46","modified_gmt":"2025-12-11T12:39:46","slug":"satversmei-neatbilst-regulejums-par-zemes-likumiskas-lietosanas-maksu-un-likumiskaja-lietosana-esosas-zemes-kadastralas-vertesanas-kartibu","status":"publish","type":"post","link":"https:\/\/www.europesays.com\/lv\/71562\/","title":{"rendered":"Satversmei neatbilst regul\u0113jums par zemes likumisk\u0101s lieto\u0161anas maksu un likumiskaj\u0101 lieto\u0161an\u0101 eso\u0161\u0101s zemes kadastr\u0101l\u0101s v\u0113rt\u0113\u0161anas k\u0101rt\u012bbu"},"content":{"rendered":"<p>10. decembr\u012b Satversmes tiesa pasludin\u0101ja spriedumu liet\u0101 Nr. 2024-21-0103 un atzina par Satversmei neatbilsto\u0161u regul\u0113jumu par zemes likumisk\u0101s lieto\u0161anas maksu un \u0161\u0101d\u0101 lieto\u0161an\u0101 eso\u0161\u0101s zemes kadastr\u0101l\u0101s v\u0113rt\u0113\u0161anas k\u0101rt\u012bbu. Satversmes tiesa secin\u0101ja: joproj\u0101m nav pan\u0101kts taisn\u012bgs l\u012bdzsvars starp ikviena zemes \u012bpa\u0161nieka ties\u012bb\u0101m sa\u0146emt t\u0101du zemes likumisk\u0101s lieto\u0161anas maksu, kas pilda atl\u012bdz\u012bbas funkciju, un b\u016bvju \u012bpa\u0161nieku ties\u012bbu aizsardz\u012bbu. Tiesiskais regul\u0113jums, kas vienu tiesisko attiec\u012bbu dal\u012bbnieku nost\u0101da ac\u012bmredzami slikt\u0101k\u0101 situ\u0101cij\u0101 nek\u0101 otru, nevar nodro\u0161in\u0101t soci\u0101lo mieru un sabiedr\u012bbas labkl\u0101j\u012bbas aizsardz\u012bbu.<\/p>\n<p>Pieteikumu iesniedz\u0113ji liet\u0101 ir 21\u00a0priv\u0101tpersona, kam pieder zeme, uz kuras atrodas cit\u0101m person\u0101m piedero\u0161as b\u016bves. Liet\u0101 apstr\u012bd\u0113ta t\u0101du tr\u012bs normat\u012bvo aktu normu satversm\u012bba, kuras nosaka zemes likumisk\u0101s lieto\u0161anas maksu un t\u0101s apr\u0113\u0137in\u0101\u0161anas principus.<\/p>\n<p>Satversmes tiesa atzina, ka likumdev\u0113js ir veicis pas\u0101kumus, kas v\u0113rsti uz Satversmes tiesas 2023.\u00a0gada 2.\u00a0maija\u00a0<a href=\"https:\/\/www.satv.tiesa.gov.lv\/web\/viewer.html?file=https:\/\/www.satv.tiesa.gov.lv\/wp-content\/uploads\/2022\/01\/2022-02-01_Spriedums.pdf#search=2022-02-01\" target=\"_blank\" rel=\"nofollow noopener\">spriedum\u0101 liet\u0101 Nr.\u00a02022-02-01<\/a>\u00a0nor\u0101d\u012bto tiesisk\u0101 regul\u0113juma tr\u016bkumu nov\u0113r\u0161anu, tostarp ir aktualiz\u0113jis zemes kadastr\u0101l\u0101s v\u0113rt\u012bbas. Likumdev\u0113js ir ieviesis divas kadastr\u0101l\u0101s v\u0113rt\u012bbas \u2013 univers\u0101lo un fisk\u0101lo. Univers\u0101l\u0101 kadastr\u0101l\u0101 v\u0113rt\u012bba ir aktualiz\u0113ta un tirgus situ\u0101cijai pietuvin\u0101ta kadastra objekta v\u0113rt\u012bba, un to neattiecina uz nodok\u013cu un citiem publiskiem maks\u0101jumiem. Savuk\u0101rt fisk\u0101lo kadastr\u0101lo v\u0113rt\u012bbu, kas nav aktualiz\u0113ta, izmanto nodok\u013cu un citu publisko maks\u0101jumu apr\u0113\u0137inam. Univers\u0101l\u0101 kadastr\u0101l\u0101 v\u0113rt\u012bba sal\u012bdzin\u0101jum\u0101 ar fisk\u0101lo kadastr\u0101lo v\u0113rt\u012bbu var gan pieaugt, gan samazin\u0101ties, gan ar\u012b palikt nemain\u012bga.<\/p>\n<p>Satversmes tiesa secin\u0101ja, ka ir t\u0101di zemes \u012bpa\u0161nieki, tostarp vair\u0101ki pieteikumu iesniedz\u0113ji, kuriem zemes likumisk\u0101s lieto\u0161anas maksa samazin\u0101s t\u0101d\u0113\u013c, ka zemes univers\u0101l\u0101 kadastr\u0101l\u0101 v\u0113rt\u012bba ir maz\u0101ka par fisk\u0101lo kadastr\u0101lo v\u0113rt\u012bbu. Proti, \u0161\u012bs personas no 2025.\u00a0gada 1.\u00a0janv\u0101ra p\u0113c nekustam\u0101 \u012bpa\u0161uma nodok\u013ca samaksas sa\u0146em maz\u0101ku atl\u012bdz\u012bbu nek\u0101 iepriek\u0161. Min\u0113to situ\u0101ciju ietekm\u0113 ar\u012b standartplat\u012bbas un t\u0101s korekcijas koeficienta piem\u0113ro\u0161ana daudzdz\u012bvok\u013cu m\u0101ju apb\u016bves zemes univers\u0101l\u0101s kadastr\u0101l\u0101s v\u0113rt\u012bbas apr\u0113\u0137in\u0101\u0161an\u0101.<\/p>\n<p>Ja zemes likumisk\u0101s lieto\u0161anas maksa nesedz nekustam\u0101 \u012bpa\u0161uma nodok\u013ca maks\u0101jumu par konkr\u0113to zemi vai ir vien\u0101da ar to, vai ja p\u0113c \u0161\u0101 nodok\u013ca samaksas atl\u012bdz\u012bba, kas paliek zemes \u012bpa\u0161niekam, ir nesam\u0113r\u012bgi maza, tad \u0161\u0101du zemes likumisk\u0101s lieto\u0161anas maksu nevar uzskat\u012bt par t\u0101du, kas pilda atl\u012bdz\u012bbas funkciju. T\u0101d\u0113j\u0101di da\u013c\u0101 gad\u012bjumu joproj\u0101m nav pan\u0101kts taisn\u012bgs l\u012bdzsvars starp ikviena zemes \u012bpa\u0161nieka ties\u012bb\u0101m sa\u0146emt \u0161\u0101du maksu un b\u016bvju \u012bpa\u0161nieku ties\u012bbu aizsardz\u012bbu. \u0160\u0101ds tiesiskais regul\u0113jums nevar nodro\u0161in\u0101t ar\u012b soci\u0101lo mieru un sabiedr\u012bbas labkl\u0101j\u012bbas aizsardz\u012bbu.<\/p>\n<p>T\u0101pat Satversmes tiesa secin\u0101ja, ka \u012bpa\u0161niekiem, kuru zemes univers\u0101l\u0101 kadastr\u0101l\u0101 v\u0113rt\u012bba ir palielin\u0101jusies, likumisk\u0101s lieto\u0161anas maksu daudzos gad\u012bjumos samazina ar\u012b t\u0101s pieauguma ierobe\u017eojums 30\u00a0procentu apm\u0113r\u0101 sal\u012bdzin\u0101jum\u0101 ar iepriek\u0161\u0113j\u0101 gada maks\u0101jumu attiec\u012bb\u0101 uz dz\u012bvojamo \u0113ku \u012bpa\u0161niekiem. Ar\u012b pie\u0146emot \u0161o normu likumdev\u0113js ne visos gad\u012bjumos ir sam\u0113rojis dz\u012bvojamo \u0113ku \u012bpa\u0161nieku un zemes \u012bpa\u0161nieku ties\u012bbas. Likumdev\u0113js ar min\u0113to normu ir r\u016bp\u0113jies par dz\u012bvojamo \u0113ku \u012bpa\u0161nieku ties\u012bbu aizsardz\u012bbu, balstoties pie\u0146\u0113mum\u0101, ka vi\u0146i visi ir soci\u0101li maz\u0101k aizsarg\u0101ti nek\u0101 zemes \u012bpa\u0161nieki. Tom\u0113r Satversmes tiesa \u0161\u0101du visp\u0101r\u012bgu pie\u0146\u0113mumu atzina par nepamatotu. \u0160\u012b norma vienl\u012bdz attiecas ar\u012b uz juridisk\u0101m person\u0101m, kuras nevar uzskat\u012bt par soci\u0101li maz\u0101k aizsarg\u0101tu personu grupu. Savuk\u0101rt situ\u0101cijas, kad dz\u012bvojamo \u0113ku \u012bpa\u0161niekiem var rasties gr\u016bt\u012bbas samaks\u0101t zemes likumisk\u0101s lieto\u0161anas maksu, ir iesp\u0113jams risin\u0101t cit\u0101di.<\/p>\n<p>Lai dotu likumdev\u0113jam laiku tiesisk\u0101s attiec\u012bbas noregul\u0113t t\u0101d\u0101 veid\u0101, lai visi zemes \u012bpa\u0161nieki sa\u0146emtu t\u0101du zemes likumisk\u0101s lieto\u0161anas maksu, kas pilda atl\u012bdz\u012bbas funkciju, bet vienlaikus iev\u0113rojot ar\u012b b\u016bvju \u012bpa\u0161nieku ties\u012bbas, Satversmes tiesa atzina apstr\u012bd\u0113t\u0101s normas attiec\u012bb\u0101 uz zemes likumisk\u0101s lieto\u0161anas tiesiskaj\u0101m attiec\u012bb\u0101m par sp\u0113k\u0101 neeso\u0161\u0101m no 2027.\u00a0gada 1.\u00a0janv\u0101ra. Vienlaikus Satversmes tiesa noteica, ka likumdev\u0113jam l\u012bdz 2026.\u00a0gada 1. j\u016bnijam j\u0101pie\u0146em regul\u0113jums, kas nodro\u0161in\u0101s zemes \u012bpa\u0161niekiem ties\u012bbas uz atbilst\u012bgu atl\u012bdzin\u0101jumu par vi\u0146u pamatties\u012bbu nepamatotu aizsk\u0101rumu gad\u012bjumos, kad zemes likumisk\u0101s lieto\u0161anas maksa nesedz nekustam\u0101 \u012bpa\u0161uma nodok\u013ca maks\u0101jumu par konkr\u0113to zemi, ir vien\u0101da ar to vai kad p\u0113c \u0161\u0101 nodok\u013ca samaksas atl\u012bdz\u012bba paliek nesam\u0113r\u012bgi maza. Atbilst\u012bgs atl\u012bdzin\u0101jums zemes \u012bpa\u0161niekiem pien\u0101kas par vi\u0146u pamatties\u012bbu nepamatotu aizsk\u0101rumu no 2025.\u00a0gada 1.\u00a0janv\u0101ra l\u012bdz dienai, kad st\u0101jas sp\u0113k\u0101 jauns zemes likumisk\u0101s lieto\u0161anas maksas tiesiskais regul\u0113jums. Pret\u0113j\u0101 gad\u012bjum\u0101 \u0161ie zemes \u012bpa\u0161nieki b\u016bs ties\u012bgi pras\u012bt atbilst\u012bgu atl\u012bdzin\u0101jumu no valsts pras\u012bbas tiesved\u012bbas k\u0101rt\u012bb\u0101.<\/p>\n<p>Satversmes tiesas spriedums ir gal\u012bgs un nep\u0101rs\u016bdzams, tas ir st\u0101jies sp\u0113k\u0101 pasludin\u0101\u0161anas br\u012bd\u012b.<\/p>\n<p><a href=\"https:\/\/www.satv.tiesa.gov.lv\/web\/viewer.html?file=https:\/\/www.satv.tiesa.gov.lv\/wp-content\/uploads\/2024\/07\/2024-21-0103_spriedums-1.pdf#search=2024-21-\" target=\"_blank\" rel=\"nofollow noopener\">Spriedums<\/a><\/p>\n<p>Saist\u012bt\u0101 lieta:\u00a0<a href=\"https:\/\/www.satv.tiesa.gov.lv\/cases\/?search%5Bnumber%5D=2024-21-0103\" target=\"_blank\" rel=\"nofollow noopener\">2024-21-0103<\/a><\/p>\n<p>          <img decoding=\"async\" src=\"https:\/\/www.europesays.com\/lv\/wp-content\/uploads\/2025\/12\/1765388232_965_logo-lv.png\" alt=\"\"\/><\/p>\n<p>                  \u0160\u012b inform\u0101cija ir publisks pazi\u0146ojums un neatspogu\u013co LV port\u0101la viedokli. Par t\u0101s saturu atbild ies\u016bt\u012bt\u0101js. <a data-popup=\"rules\">Public\u0113\u0161anas noteikumi<\/a><\/p>\n","protected":false},"excerpt":{"rendered":"10. decembr\u012b Satversmes tiesa pasludin\u0101ja spriedumu liet\u0101 Nr. 2024-21-0103 un atzina par Satversmei neatbilsto\u0161u regul\u0113jumu par zemes likumisk\u0101s&hellip;\n","protected":false},"author":2,"featured_media":71563,"comment_status":"","ping_status":"","sticky":false,"template":"","format":"standard","meta":{"footnotes":""},"categories":[12],"tags":[23,28,29,32,33,22,30,31,35,39,38,36,37,34,40,20,26,27,24,25,21],"class_list":{"0":"post-71562","1":"post","2":"type-post","3":"status-publish","4":"format-standard","5":"has-post-thumbnail","7":"category-latvija","8":"tag-aktualitates","9":"tag-breaking-news","10":"tag-breakingnews","11":"tag-featured-news","12":"tag-featurednews","13":"tag-headlines","14":"tag-latest-news","15":"tag-latestnews","16":"tag-latvia","17":"tag-latvian","18":"tag-latviesu","19":"tag-latviesu-valoda","20":"tag-latviesuvaloda","21":"tag-latvija","22":"tag-lv","23":"tag-news","24":"tag-popularakas-zinas","25":"tag-popularakaszinas","26":"tag-top-stories","27":"tag-topstories","28":"tag-zinas"},"share_on_mastodon":{"url":"https:\/\/pubeurope.com\/@lv\/115700981178194287","error":""},"_links":{"self":[{"href":"https:\/\/www.europesays.com\/lv\/wp-json\/wp\/v2\/posts\/71562","targetHints":{"allow":["GET"]}}],"collection":[{"href":"https:\/\/www.europesays.com\/lv\/wp-json\/wp\/v2\/posts"}],"about":[{"href":"https:\/\/www.europesays.com\/lv\/wp-json\/wp\/v2\/types\/post"}],"author":[{"embeddable":true,"href":"https:\/\/www.europesays.com\/lv\/wp-json\/wp\/v2\/users\/2"}],"replies":[{"embeddable":true,"href":"https:\/\/www.europesays.com\/lv\/wp-json\/wp\/v2\/comments?post=71562"}],"version-history":[{"count":0,"href":"https:\/\/www.europesays.com\/lv\/wp-json\/wp\/v2\/posts\/71562\/revisions"}],"wp:featuredmedia":[{"embeddable":true,"href":"https:\/\/www.europesays.com\/lv\/wp-json\/wp\/v2\/media\/71563"}],"wp:attachment":[{"href":"https:\/\/www.europesays.com\/lv\/wp-json\/wp\/v2\/media?parent=71562"}],"wp:term":[{"taxonomy":"category","embeddable":true,"href":"https:\/\/www.europesays.com\/lv\/wp-json\/wp\/v2\/categories?post=71562"},{"taxonomy":"post_tag","embeddable":true,"href":"https:\/\/www.europesays.com\/lv\/wp-json\/wp\/v2\/tags?post=71562"}],"curies":[{"name":"wp","href":"https:\/\/api.w.org\/{rel}","templated":true}]}}