{"id":71564,"date":"2025-12-11T12:40:09","date_gmt":"2025-12-11T12:40:09","guid":{"rendered":"https:\/\/www.europesays.com\/lv\/71564\/"},"modified":"2025-12-11T12:40:09","modified_gmt":"2025-12-11T12:40:09","slug":"baltijas-valstis-un-polija-var-palidzet-stiprinat-transatlantiskos-tiltus-pauz-rinkevics","status":"publish","type":"post","link":"https:\/\/www.europesays.com\/lv\/71564\/","title":{"rendered":"Baltijas valstis un Polija var pal\u012bdz\u0113t stiprin\u0101t transatlantiskos tiltus, pau\u017e Rink\u0113vi\u010ds"},"content":{"rendered":"<p>Rink\u0113vi\u010ds piemin\u0113ja ar\u012b ASV Kongres\u0101 apspriesto 2026. gada Nacion\u0101l\u0101 aizsardz\u012bbas likuma noz\u012bmi Baltijas valst\u012bm. Vi\u0146\u0161 nor\u0101d\u012bja, ka Baltijas valstis un <a href=\"https:\/\/www.tvnet.lv\/term\/555430\/polija\" class=\"topicLink\" target=\"_blank\" rel=\"nofollow noopener\">Polija<\/a>, kuras atv\u0113l resursus aizsardz\u012bbai un cie\u0161i sadarbojas ar ASV ar\u012b ekonomik\u0101, var k\u013c\u016bt par tiltu transatlantisko attiec\u012bbu stiprin\u0101\u0161an\u0101.<\/p>\n<p>Latvijas prezidents aicin\u0101ja at\u0161\u0137irt &#8220;troksni&#8221; no b\u016btiskiem sign\u0101liem, uzsverot, ka gan ASV, gan Eiropas interes\u0113s ir cie\u0161a savstarp\u0113j\u0101 sadarb\u012bba.<\/p>\n<p>Polijas prezidents uzsv\u0113ra, ka Centr\u0101leiropas valstis daudzu gadu garum\u0101 run\u0101 par kr\u012bzi un haosu, jo Eiropa nav pietiekami koncentr\u0113jusies uz dro\u0161\u012bbu. Vi\u0146\u0161 skaidroja, ka Austrumeiropas un Centr\u0101leiropas valstis, kas atrodas blakus Krievijai, ne vienm\u0113r l\u012bdz galam saprotas ar Eiropas Savien\u012bbu, jo t\u0101m ir at\u0161\u0137ir\u012bgas dro\u0161\u012bbas priorit\u0101tes.<\/p>\n<p>Vi\u0146\u0161 kritiz\u0113ja ES vilcin\u0101\u0161anos aizsardz\u012bbas bud\u017eetu palielin\u0101\u0161an\u0101 un nor\u0101d\u012bja, ka Centr\u0101leiropas valstis, tostarp Polija, kalpo k\u0101 piem\u0113rs tam, cik lielu da\u013cu no valsts bud\u017eeta iesp\u0113jams novirz\u012bt aizsardz\u012bbai. Navrockis sac\u012bja, ka ASV strat\u0113\u0123ijas un politikas virzieniem nevajadz\u0113tu b\u016bt p\u0101rsteigumam, jo ASV prezidents Donalds Tramps vienm\u0113r ir uzsv\u0113ris principu &#8220;Amerika pirmaj\u0101 viet\u0101&#8221;.<\/p>\n<p>Polijas prezidents uzsv\u0113ra, ka re\u0123iona valstis ir ieinteres\u0113tas ASV karav\u012bru kl\u0101tb\u016btn\u0113 Eirop\u0101 un ka Centr\u0101leiropas un Austrumeiropas valst\u012bm nav laika nodarboties ar maz\u0101k noz\u012bm\u012bgiem jaut\u0101jumiem, jo priorit\u0101te ir dro\u0161\u012bba. Navrockis nor\u0101d\u012bja, ka ES atrodas haos\u0101, un demokr\u0101tijas b\u016bt\u012bba ir sp\u0113ja apspriest \u0161os jaut\u0101jumus. Vi\u0146\u0161 uzsv\u0113ra, ka ir j\u0101uzdod jaut\u0101jumi par ES att\u012bst\u012bbas virzienu.<\/p>\n","protected":false},"excerpt":{"rendered":"Rink\u0113vi\u010ds piemin\u0113ja ar\u012b ASV Kongres\u0101 apspriesto 2026. gada Nacion\u0101l\u0101 aizsardz\u012bbas likuma noz\u012bmi Baltijas valst\u012bm. Vi\u0146\u0161 nor\u0101d\u012bja, ka Baltijas&hellip;\n","protected":false},"author":2,"featured_media":71565,"comment_status":"","ping_status":"","sticky":false,"template":"","format":"standard","meta":{"footnotes":""},"categories":[5],"tags":[23,28,29,816,32,33,22,30,31,35,39,38,36,37,34,40,20,72,26,27,24,25,21],"class_list":{"0":"post-71564","1":"post","2":"type-post","3":"status-publish","4":"format-standard","5":"has-post-thumbnail","7":"category-aktualitates","8":"tag-aktualitates","9":"tag-breaking-news","10":"tag-breakingnews","11":"tag-edgars-rinkevics","12":"tag-featured-news","13":"tag-featurednews","14":"tag-headlines","15":"tag-latest-news","16":"tag-latestnews","17":"tag-latvia","18":"tag-latvian","19":"tag-latviesu","20":"tag-latviesu-valoda","21":"tag-latviesuvaloda","22":"tag-latvija","23":"tag-lv","24":"tag-news","25":"tag-polija","26":"tag-popularakas-zinas","27":"tag-popularakaszinas","28":"tag-top-stories","29":"tag-topstories","30":"tag-zinas"},"share_on_mastodon":{"url":"https:\/\/pubeurope.com\/@lv\/115700984875253736","error":""},"_links":{"self":[{"href":"https:\/\/www.europesays.com\/lv\/wp-json\/wp\/v2\/posts\/71564","targetHints":{"allow":["GET"]}}],"collection":[{"href":"https:\/\/www.europesays.com\/lv\/wp-json\/wp\/v2\/posts"}],"about":[{"href":"https:\/\/www.europesays.com\/lv\/wp-json\/wp\/v2\/types\/post"}],"author":[{"embeddable":true,"href":"https:\/\/www.europesays.com\/lv\/wp-json\/wp\/v2\/users\/2"}],"replies":[{"embeddable":true,"href":"https:\/\/www.europesays.com\/lv\/wp-json\/wp\/v2\/comments?post=71564"}],"version-history":[{"count":0,"href":"https:\/\/www.europesays.com\/lv\/wp-json\/wp\/v2\/posts\/71564\/revisions"}],"wp:featuredmedia":[{"embeddable":true,"href":"https:\/\/www.europesays.com\/lv\/wp-json\/wp\/v2\/media\/71565"}],"wp:attachment":[{"href":"https:\/\/www.europesays.com\/lv\/wp-json\/wp\/v2\/media?parent=71564"}],"wp:term":[{"taxonomy":"category","embeddable":true,"href":"https:\/\/www.europesays.com\/lv\/wp-json\/wp\/v2\/categories?post=71564"},{"taxonomy":"post_tag","embeddable":true,"href":"https:\/\/www.europesays.com\/lv\/wp-json\/wp\/v2\/tags?post=71564"}],"curies":[{"name":"wp","href":"https:\/\/api.w.org\/{rel}","templated":true}]}}