{"id":71568,"date":"2025-12-11T12:46:09","date_gmt":"2025-12-11T12:46:09","guid":{"rendered":"https:\/\/www.europesays.com\/lv\/71568\/"},"modified":"2025-12-11T12:46:09","modified_gmt":"2025-12-11T12:46:09","slug":"braze-kipras-prezidenturas-laika-es-padome-butiski-stiprinat-bloka-drosibu-un-sankciju-politiku","status":"publish","type":"post","link":"https:\/\/www.europesays.com\/lv\/71568\/","title":{"rendered":"Bra\u017ee: Kipras prezident\u016bras laik\u0101 ES Padom\u0113 b\u016btiski stiprin\u0101t bloka dro\u0161\u012bbu un sankciju politiku"},"content":{"rendered":"<p>K\u0101 a\u0123ent\u016bru LETA inform\u0113ja ministres padomniece Signe Znoti\u0146a-Znota, tre\u0161dien un ceturtdien darba viz\u012bt\u0113 Nikosij\u0101, Kipr\u0101, Bra\u017ee tik\u0101s ar Kipras \u0101rlietu ministru Konstant\u012bnu Kombosu.<\/p>\n<p>Tik\u0161an\u0101s laik\u0101 puses p\u0101rrun\u0101ja Latvijas un Kipras divpus\u0113jo sadarb\u012bbu dro\u0161\u012bb\u0101 un ekonomik\u0101, tostarp jauno tehnolo\u0123iju jom\u0101s un inovat\u012bvu risin\u0101jumu izmanto\u0161anu j\u016brniec\u012bbas nozar\u0113 un ostu att\u012bst\u012bb\u0101, atbalstu Ukrainai un Krievijas ierobe\u017eo\u0161anu, transatlantisk\u0101s attiec\u012bbas, dro\u0161\u012bbas situ\u0101ciju Eirop\u0101 un gaid\u0101mo Kipras prezident\u016bru ES Padom\u0113 2026. gada pirmaj\u0101 pus\u0113.<\/p>\n<p>Ministri atzin\u012bgi nov\u0113rt\u0113ja tie\u0161os avioreisus starp R\u012bgu un Larnaku visa gada garum\u0101, kas veicina t\u016brisma iesp\u0113jas un papla\u0161ina sadarb\u012bbas iesp\u0113jas starp ab\u0101m valst\u012bm. Bra\u017ee nor\u0101d\u012bja, ka Kipr\u0101 patlaban dz\u012bvo vair\u0101k nek\u0101 1000 Latvijas valstspieder\u012bgo.<\/p>\n<p>Latvijas ministre uzteica Kipras l\u0113mumu izvirz\u012bt atbalstu Ukrainai k\u0101 vienu no savas prezident\u016bras ES Padom\u0113 priorit\u0101t\u0113m. Bra\u017ee pauda ap\u0146\u0113m\u012bbu kop\u012bgi str\u0101d\u0101t pie ES dro\u0161\u012bbas un aizsardz\u012bbas stiprin\u0101\u0161anas, ES daudzgadu bud\u017eeta sarun\u0101m, ES papla\u0161in\u0101\u0161an\u0101s jaut\u0101jumiem un cie\u0161\u0101kas sadarb\u012bbas sankciju politikas jaut\u0101jumos, \u012bpa\u0161i attiec\u012bb\u0101 &#8220;\u0113nu floti&#8221; un t\u0101s ekosist\u0113mu.<\/p>\n<p>&#8220;Mums ir vienota izpratne &#8211; Krievija ir ilgtermi\u0146a apdraud\u0113jums visai Eiropai. Pateicos par Kipras konstrukt\u012bvo nost\u0101ju ES un citos daudzpus\u0113jos forumos Krievijas agresijas kontekst\u0101, tostarp paveikto, lai nacion\u0101l\u0101 l\u012bmen\u012b pilnveidotu sankciju piem\u0113ro\u0161anas sist\u0113mu. Sankcijas str\u0101d\u0101 un t\u0101m ir negat\u012bva ietekme uz Krievijas ekonomiku,&#8221; uzsv\u0113ra Bra\u017ee.<\/p>\n<p>Vi\u0146a nor\u0101d\u012bja, ka ES dal\u012bbvalstis saskaras ar arvien agres\u012bv\u0101kiem un intens\u012bv\u0101kiem Krievijas hibr\u012bddraudiem, t\u0101p\u0113c puses ir vienispr\u0101tis, ka nepiecie\u0161ams stiprin\u0101t ES \u0101r\u0113jo robe\u017eu un efekt\u012bvi apkarot neleg\u0101lo migr\u0101ciju un migr\u0101cijas instrumentaliz\u0101ciju.<\/p>\n<p>Latvijas \u0101rlietu ministre akcent\u0113ja, ka ES demokr\u0101tij\u0101m ir j\u0101stiprina notur\u012bba pret Krievijas dezinform\u0101ciju un iejauk\u0161anos iek\u0161\u0113jos procesos, \u012bpa\u0161i v\u0113l\u0113\u0161an\u0101s, jo gan Kipr\u0101, gan Latvij\u0101 2026. gad\u0101 notiks parlamenta v\u0113l\u0113\u0161anas.<\/p>\n<p>Bra\u017ee un Kombos p\u0101rrun\u0101ja ES-ASV attiec\u012bbas, uzsverot nepiecie\u0161am\u012bbu padzi\u013cin\u0101t transatlantisk\u0101s saites, k\u0101 ar\u012b ministres darba viz\u012bti ASV. T\u0101pat ministri p\u0101rrun\u0101ja situ\u0101ciju Tuvajos Austrumos, Latvijas priorit\u0101tes ANO Dro\u0161\u012bbas padom\u0113 2026. un 2027. gad\u0101 un gaid\u0101mo Kipras pievieno\u0161anos \u0160engenas zonai.<\/p>\n<ul class=\"d-inline-block list-inline\">\n<li class=\"list-inline-item\"><a href=\"https:\/\/lat.press.lv\/\" rel=\"nofollow noopener\" target=\"_blank\"><img decoding=\"async\" style=\"max-height: 35px;\" src=\"https:\/\/lat.press.lv\/themes\/press\/assets\/lat_press_logo.svg\" alt=\"Press.lv - \u041d\u043e\u0432\u043e\u0441\u0442\u0438, \u043a\u043e\u0442\u043e\u0440\u044b\u0435 \u043a\u0430\u0441\u0430\u044e\u0442\u0441\u044f \u0412\u0430\u0441!\"\/><\/a><\/li>\n<\/ul>\n","protected":false},"excerpt":{"rendered":"K\u0101 a\u0123ent\u016bru LETA inform\u0113ja ministres padomniece Signe Znoti\u0146a-Znota, tre\u0161dien un ceturtdien darba viz\u012bt\u0113 Nikosij\u0101, Kipr\u0101, Bra\u017ee tik\u0101s ar&hellip;\n","protected":false},"author":2,"featured_media":71569,"comment_status":"","ping_status":"","sticky":false,"template":"","format":"standard","meta":{"footnotes":""},"categories":[5],"tags":[23,28,29,32,33,22,30,31,35,39,38,36,37,34,40,20,26,27,24,25,21],"class_list":{"0":"post-71568","1":"post","2":"type-post","3":"status-publish","4":"format-standard","5":"has-post-thumbnail","7":"category-aktualitates","8":"tag-aktualitates","9":"tag-breaking-news","10":"tag-breakingnews","11":"tag-featured-news","12":"tag-featurednews","13":"tag-headlines","14":"tag-latest-news","15":"tag-latestnews","16":"tag-latvia","17":"tag-latvian","18":"tag-latviesu","19":"tag-latviesu-valoda","20":"tag-latviesuvaloda","21":"tag-latvija","22":"tag-lv","23":"tag-news","24":"tag-popularakas-zinas","25":"tag-popularakaszinas","26":"tag-top-stories","27":"tag-topstories","28":"tag-zinas"},"share_on_mastodon":{"url":"https:\/\/pubeurope.com\/@lv\/115701008735910853","error":""},"_links":{"self":[{"href":"https:\/\/www.europesays.com\/lv\/wp-json\/wp\/v2\/posts\/71568","targetHints":{"allow":["GET"]}}],"collection":[{"href":"https:\/\/www.europesays.com\/lv\/wp-json\/wp\/v2\/posts"}],"about":[{"href":"https:\/\/www.europesays.com\/lv\/wp-json\/wp\/v2\/types\/post"}],"author":[{"embeddable":true,"href":"https:\/\/www.europesays.com\/lv\/wp-json\/wp\/v2\/users\/2"}],"replies":[{"embeddable":true,"href":"https:\/\/www.europesays.com\/lv\/wp-json\/wp\/v2\/comments?post=71568"}],"version-history":[{"count":0,"href":"https:\/\/www.europesays.com\/lv\/wp-json\/wp\/v2\/posts\/71568\/revisions"}],"wp:featuredmedia":[{"embeddable":true,"href":"https:\/\/www.europesays.com\/lv\/wp-json\/wp\/v2\/media\/71569"}],"wp:attachment":[{"href":"https:\/\/www.europesays.com\/lv\/wp-json\/wp\/v2\/media?parent=71568"}],"wp:term":[{"taxonomy":"category","embeddable":true,"href":"https:\/\/www.europesays.com\/lv\/wp-json\/wp\/v2\/categories?post=71568"},{"taxonomy":"post_tag","embeddable":true,"href":"https:\/\/www.europesays.com\/lv\/wp-json\/wp\/v2\/tags?post=71568"}],"curies":[{"name":"wp","href":"https:\/\/api.w.org\/{rel}","templated":true}]}}