{"id":71595,"date":"2025-12-11T13:16:12","date_gmt":"2025-12-11T13:16:12","guid":{"rendered":"https:\/\/www.europesays.com\/lv\/71595\/"},"modified":"2025-12-11T13:16:12","modified_gmt":"2025-12-11T13:16:12","slug":"pokrovskas-krisana-neliks-sabrukt-frontes-linijai-vajinas-ukrainas-pozicijas-trampa-acis","status":"publish","type":"post","link":"https:\/\/www.europesays.com\/lv\/71595\/","title":{"rendered":"Pokrovskas kri\u0161ana neliks sabrukt frontes l\u012bnijai; v\u0101jin\u0101s Ukrainas poz\u012bcijas Trampa ac\u012bs &#8211;"},"content":{"rendered":"<p style=\"text-align: justify;\">Tas, vai Krievijai izdosies ie\u0146emt Ukrainas pils\u0113tu Pokrovsku, ir laika jaut\u0101jums, un, lai gan pils\u0113tas kri\u0161ana nesagraus Ukrainas aizsardz\u012bbu, t\u0101 v\u0101jina Kijivu ASV ac\u012bs, raksta zi\u0146u a\u0123ent\u016bra <a href=\"https:\/\/www.reuters.com\/business\/aerospace-defense\/pokrovsks-fall-will-not-cause-frontline-collapse-weakens-ukraine-trumps-eyes-2025-12-11\/\" target=\"_blank\" rel=\"noopener nofollow\">\u201cReuters.\u201d<\/a><\/p>\n<p style=\"text-align: justify;\">Maskava 1.decembr\u012b zi\u0146oja, ka piln\u012bb\u0101 kontrol\u0113 Pokrovsku. Desmit dienas v\u0113l\u0101k Ukraina turpina sac\u012bt, ka t\u0101s karav\u012bri joproj\u0101m notur poz\u012bcijas pils\u0113tas zieme\u013cos. Pirms Krievijas pilna m\u0113roga iebrukuma 2022.gad\u0101 pils\u0113t\u0101 dz\u012bvoja ap 60 000 iedz\u012bvot\u0101ju, un t\u0101 bija noz\u012bm\u012bgs milit\u0101r\u0101 transporta centrs. Tagad t\u0101 p\u0101rvertusies par k\u0101rt\u0113jo nopost\u012bto apdz\u012bvoto vietu.<\/p>\n<p style=\"text-align: justify;\">Ukrainas labdar\u012bbas organiz\u0101cijas \u201cCome Back Alive\u201d vec\u0101kais anal\u012bti\u0137is Mikola Beleskovs nor\u0101d\u012bja, ka jaun\u0101k\u0101 spiediena izdar\u012b\u0161anas k\u0101rta, lai izbeigtu karu ar Ukrainai neizdev\u012bgiem nosac\u012bjumiem notiek vienlaikus ar smag\u0101m kauj\u0101m front\u0113, un tas Krievijai pal\u012bdz ietekm\u0113t ASV prezidenta Donalda Trampa (Donald Trump) skat\u012bjumu. Ukrainai j\u0101cen\u0161as saglab\u0101t amerik\u0101\u0146u labv\u0113l\u012bbu, taj\u0101 pa\u0161\u0101 laik\u0101 pretojoties miera pl\u0101nam, kura nosac\u012bjumi paredz, ka ukrai\u0146u sp\u0113kiem piln\u012bb\u0101 j\u0101pamet viss Donbasa re\u0123ions, kur atrodas ar\u012b Pokrovska.<\/p>\n<p style=\"text-align: justify;\">Kijiva sac\u012bjusi, ka c\u012bn\u0101s par Donbasu jau kop\u0161 2014.gada, un tai nav ne mor\u0101lu, ne juridisku ties\u012bbu atdot suver\u0113nu teritoriju iebruc\u0113jiem. Trampa retorika k\u013cuvusi skarb\u0101ka, un \u0161oned\u0113\u013c vi\u0146\u0161 sac\u012bjis, ka Krievija g\u016bst virsroku kar\u0101, un Ukrainas prezidentam Volodimiram Zelenskim esot j\u0101s\u0101k \u201cpie\u0146emt lietas.\u201d<\/p>\n<p style=\"text-align: justify;\">Tom\u0113r Krievijas uzbrukuma temps Pokrovskai liecina, ka<\/p>\n<blockquote>\n<p style=\"text-align: center;\">Maskavas sp\u0113kiem ir \u013coti sare\u017e\u0123\u012bti g\u016bt pan\u0101kumus pie frontes l\u012bnijas,<\/p>\n<\/blockquote>\n<p style=\"text-align: justify;\">kur tiek izmantoti lidroboti. Krievija pa\u0161laik kontrol\u0113 apm\u0113ram 19,2% Ukrainas teritorijas, un tas ir vien par vienu procentpunktu vair\u0101k nek\u0101 2022.gada nogal\u0113.<\/p>\n<p style=\"text-align: justify;\">Milit\u0101rie eksperti atbalsta Ukrainas amatpersonu nov\u0113rt\u0113jumu, ka ukrai\u0146u aizsardz\u012bba nevar frontes austrumu da\u013c\u0101 p\u0113k\u0161\u0146i sabrukt. K\u0101 priek\u0161roc\u012bbas tiek piesaukti ukrai\u0146u nocietin\u0101jumi, lidroboti un Krievijas uzbrukumu fragment\u0101rais raksturs. Kijiva zi\u0146ojusi, ka krievu karav\u012bri virz\u0101s grup\u0101s, ko veido se\u0161i vai maz\u0101k cilv\u0113ki, un pa\u013caujas uz vienu vai diviem karav\u012briem, ka tie ie\u0146ems katru atsevi\u0161\u0137o \u0113ku.<\/p>\n<p style=\"text-align: justify;\">Ukrainas puses nor\u0101d\u012bjusi, ka krievi cen\u0161as iepl\u016bst caur da\u017e\u0101d\u0101m ukra\u0146u poz\u012bciju viet\u0101m, un aizst\u0101vjiem tr\u016bkst cilv\u0113kresursu. Ba\u017eas par karav\u012bru rezerv\u0113m kara gait\u0101 izskan\u0113ju\u0161as daudzk\u0101rt, un t\u0101s izteiku\u0161i ar\u012b sabiedrotie, tostarp ASV, kuru amatpersonas aicin\u0101ju\u0161as papla\u0161in\u0101t milit\u0101r\u0101 iesaukuma tv\u0113rumu. Jaut\u0101jums ir \u013coti j\u016bt\u012bgs, un Ukrainas vald\u012bba atteikusies pazemin\u0101t iesaukuma vecumu zem 25 gadiem, lai pasarg\u0101tu jaunie\u0161us no non\u0101k\u0161anas asinspirt\u012b.<\/p>\n<p style=\"text-align: justify;\">ASV veidot\u0101 miera pl\u0101na s\u0101ktn\u0113jais variants paredz\u0113ja, ka Ukrainas sp\u0113ki pamet\u012bs Doneckas apgabalu. Zelenskis un Eiropas l\u012bderi \u0161oned\u0113\u013c inform\u0113ju\u0161i, ka izveidots p\u0101rskat\u012bts miera pl\u0101na variants ar 20 punktiem, bet nav pan\u0101kta vieno\u0161an\u0101s par teritoriju nodo\u0161anu okupantu var\u0101. Jaunais pl\u0101ns dr\u012bzum\u0101 tiks iesniegts izskat\u012b\u0161anai ASV.<\/p>\n<blockquote>\n<p style=\"text-align: center;\">Putins decembra s\u0101kum\u0101 pazi\u0146ojis, ka Pokrovska b\u016btu piem\u0113rota vieta, no kuras turpin\u0101t uzbrukumus jebkur\u0101 virzien\u0101.<\/p>\n<\/blockquote>\n<p style=\"text-align: justify;\">Polijas milit\u0101rais anal\u012bti\u0137is Konr\u0101ds Muzika (Konrad Muzyka) nor\u0101d\u012bja, ka Krievija cen\u0161as ieg\u016bt vietas ar augst\u0101ku reljefu, lai var\u0113tu raid\u012bt lidrobotus t\u0101l\u0101k.<\/p>\n<p style=\"text-align: justify;\">Maskavas armija nesen iekarojusi teritorijas Zapori\u017ejas un D\u0146ipropetrovskas apgabalos, bet lieli teritori\u0101lie ieguvumi ir maz ticami. Muzika sac\u012bja, ka krievu oper\u0101ciju \u012bsteno\u0161ana notiek \u0101rk\u0101rt\u012bgi l\u0113ni.<\/p>\n<p style=\"text-align: justify;\">Ukraina uzsv\u0113rusi v\u0113lmi nodro\u0161in\u0101t taisn\u012bgu mieru, paturot pr\u0101t\u0101, ka Tramps, kur\u0161 kop\u0161 st\u0101\u0161an\u0101s amat\u0101 run\u0101jis par kara izbeig\u0161anu \u201cvien\u0101 dien\u0101,\u201d var izlemt p\u0101rtraukt atbalstu Kijivai, ko apmaks\u0101 Eiropas sabiedrotie. Kijiva cer, ka Eiropa sp\u0113s pati pied\u0101v\u0101t pla\u0161\u0101ku milit\u0101ro un finansi\u0101lo atbalstu.<\/p>\n<p style=\"text-align: justify;\">Ukrainas sp\u0113ki kop\u0161 augusta centu\u0161ies mazin\u0101t Krievijas naftas industrijas kapacit\u0101ti, uzbr\u016bkot p\u0101rstr\u0101des r\u016bpn\u012bc\u0101m, t\u0101d\u0113j\u0101di mazinot ien\u0101kumus, kas \u013cauj finans\u0113t karadarb\u012bbu. Par m\u0113r\u0137i k\u013cuvu\u0161i ar Krievijas \u0113nu flotes ku\u0123i, kas ierodas p\u0113c naftas Melnaj\u0101 j\u016br\u0101.<\/p>\n<p style=\"text-align: justify;\">K\u0101da Eiropas aizsardz\u012bbas jomas amatpersona, kas v\u0113l\u0113j\u0101s palikt anon\u012bma, sac\u012bja, ka kar\u0161 var turpin\u0101ties v\u0113l vair\u0101kus gadus, ja vien Tramps vai Putina l\u0113mumi to neaptur\u0113s, bet neizskatoties, ka Putins v\u0113las izbeigt agresiju.<\/p>\n<p style=\"text-align: justify;\"><a href=\"https:\/\/bnn.lv\/kadel-donecka-ir-tik-nozimiga-ukrainas-aizsardzibai-62821\" target=\"_blank\" rel=\"noopener nofollow\">Lasiet ar\u012b: K\u0101d\u0113\u013c Donecka ir tik noz\u012bm\u012bga Ukrainas aizsardz\u012bbai?<\/a><\/p>\n<p style=\"text-align: justify;\"><a href=\"https:\/\/bnn.lv\/ukraina-neatdos-teritoriju-gatavo-jaunu-miera-planu-67255\" target=\"_blank\" rel=\"noopener nofollow\">Lasiet ar\u012b: Ukraina neatdos teritoriju; gatavo jaunu miera pl\u0101nu<\/a><\/p>\n<p>Seko mums ar\u012b\u00a0<a href=\"https:\/\/www.facebook.com\/bnnlv\" rel=\"nofollow noopener\" target=\"_blank\">Facebook<\/a>,\u00a0<a href=\"https:\/\/www.draugiem.lv\/bnn.lv\/\" rel=\"nofollow noopener\" target=\"_blank\">Draugiem<\/a>\u00a0un\u00a0<a href=\"https:\/\/twitter.com\/home\" rel=\"nofollow noopener\" target=\"_blank\">X!<\/a><\/p>\n<p><script async src=\"https:\/\/platform.twitter.com\/widgets.js\" charset=\"utf-8\"><\/script><\/p>\n","protected":false},"excerpt":{"rendered":"Tas, vai Krievijai izdosies ie\u0146emt Ukrainas pils\u0113tu Pokrovsku, ir laika jaut\u0101jums, un, lai gan pils\u0113tas kri\u0161ana nesagraus Ukrainas&hellip;\n","protected":false},"author":2,"featured_media":71596,"comment_status":"","ping_status":"","sticky":false,"template":"","format":"standard","meta":{"footnotes":""},"categories":[5],"tags":[23,28,29,32,33,22,30,31,35,39,38,36,37,34,40,20,26,27,24,25,21],"class_list":{"0":"post-71595","1":"post","2":"type-post","3":"status-publish","4":"format-standard","5":"has-post-thumbnail","7":"category-aktualitates","8":"tag-aktualitates","9":"tag-breaking-news","10":"tag-breakingnews","11":"tag-featured-news","12":"tag-featurednews","13":"tag-headlines","14":"tag-latest-news","15":"tag-latestnews","16":"tag-latvia","17":"tag-latvian","18":"tag-latviesu","19":"tag-latviesu-valoda","20":"tag-latviesuvaloda","21":"tag-latvija","22":"tag-lv","23":"tag-news","24":"tag-popularakas-zinas","25":"tag-popularakaszinas","26":"tag-top-stories","27":"tag-topstories","28":"tag-zinas"},"share_on_mastodon":{"url":"https:\/\/pubeurope.com\/@lv\/115701126449909450","error":""},"_links":{"self":[{"href":"https:\/\/www.europesays.com\/lv\/wp-json\/wp\/v2\/posts\/71595","targetHints":{"allow":["GET"]}}],"collection":[{"href":"https:\/\/www.europesays.com\/lv\/wp-json\/wp\/v2\/posts"}],"about":[{"href":"https:\/\/www.europesays.com\/lv\/wp-json\/wp\/v2\/types\/post"}],"author":[{"embeddable":true,"href":"https:\/\/www.europesays.com\/lv\/wp-json\/wp\/v2\/users\/2"}],"replies":[{"embeddable":true,"href":"https:\/\/www.europesays.com\/lv\/wp-json\/wp\/v2\/comments?post=71595"}],"version-history":[{"count":0,"href":"https:\/\/www.europesays.com\/lv\/wp-json\/wp\/v2\/posts\/71595\/revisions"}],"wp:featuredmedia":[{"embeddable":true,"href":"https:\/\/www.europesays.com\/lv\/wp-json\/wp\/v2\/media\/71596"}],"wp:attachment":[{"href":"https:\/\/www.europesays.com\/lv\/wp-json\/wp\/v2\/media?parent=71595"}],"wp:term":[{"taxonomy":"category","embeddable":true,"href":"https:\/\/www.europesays.com\/lv\/wp-json\/wp\/v2\/categories?post=71595"},{"taxonomy":"post_tag","embeddable":true,"href":"https:\/\/www.europesays.com\/lv\/wp-json\/wp\/v2\/tags?post=71595"}],"curies":[{"name":"wp","href":"https:\/\/api.w.org\/{rel}","templated":true}]}}