{"id":71609,"date":"2025-12-11T13:32:10","date_gmt":"2025-12-11T13:32:10","guid":{"rendered":"https:\/\/www.europesays.com\/lv\/71609\/"},"modified":"2025-12-11T13:32:10","modified_gmt":"2025-12-11T13:32:10","slug":"podolaks-krievija-nav-gatava-realam-miera-sarunam-ar-ukrainu-jauns-lv","status":"publish","type":"post","link":"https:\/\/www.europesays.com\/lv\/71609\/","title":{"rendered":"Podo\u013caks: Krievija nav gatava re\u0101l\u0101m miera sarun\u0101m ar Ukrainu &#8211; Jauns.lv"},"content":{"rendered":"<ol>\n<li><a href=\"https:\/\/news.google.com\/rss\/articles\/CBMioAFBVV95cUxNZzVCVVNWY0JEbzYxdTAtbm11c21odTltT2RUd1RrRGVpa2w4cjNpOW5OZnBybklvRFU4TDhqb0xzcXpCX09ubklWbUp4WDhlWVNoSG9DYmxTOG5tdVRKcjNtNWFqTmV6bldhLWdwaFZwQWhqRU9hQ3UyREJ3eXNYMGtsdnZfWlVBRU02dy1KVmZRV2FYU05BRGhkeXVrOWJw?oc=5\" target=\"_blank\" rel=\"nofollow noopener\">Podo\u013caks: Krievija nav gatava re\u0101l\u0101m miera sarun\u0101m ar Ukrainu<\/a>&nbsp;&nbsp;Jauns.lv<\/li>\n<li><a href=\"https:\/\/news.google.com\/rss\/articles\/CBMi5gFBVV95cUxORDRqLVl5MkdLOF96WUhCUVV5SFNMOV9jejZNUWhScFZIYzNJbzFIbjljUExEcXFnWmRmenV3cWhMME9HWEpCYWxETTlNTjAyZEllc0kwNmJNeXU2Skt2REpBNmlDOEZUWm9xdkFLM0JsYlBOcDJsUDNNUG9tNUFaQV9RbHE5ZVkwR3BQZUdTWlNiQTJBcmE0YkJsODZXZUkyc0cyeXVqNzlESnNobGlCMFdlanFUWG0ya3JIOC14ZjM5MF93UTFoUDJDZVg0bkdZZndxV0h1RjB2aEVUVGhmN0tsN19VZw?oc=5\" target=\"_blank\" rel=\"nofollow noopener\">Politologs par Krievijas gatav\u012bbu mieram ar Ukrainu: Kremlis negrib pild\u012bt nek\u0101dus nol\u012bgumus<\/a>&nbsp;&nbsp;LSM<\/li>\n<li><a href=\"https:\/\/news.google.com\/rss\/articles\/CBMikwFBVV95cUxQUDMzUTd6R0NZNlJXMy14THlXdV8wVG50bkNJVFhJX081R1FidTZMbEoydUNVNDF5VnFPNW91WlhEYmlYVkpFMGVSUTluQ0pubHRSd0RMY2NjM01FMnBlMWg1REVMSnN4blRJalRKNk1JcGdhZGVTYlF4VDZwWUNVSllhcXBXY3FDV2U5b2NybWFFSjQ?oc=5\" target=\"_blank\" rel=\"nofollow noopener\">Krievija melo amerik\u0101\u0146iem un uzkr\u0101j resursus, nor\u0101da Podo\u013caks<\/a>&nbsp;&nbsp;TVNET<\/li>\n<li><a href=\"https:\/\/news.google.com\/rss\/articles\/CBMipgFBVV95cUxQb1gtTUUyM2lYTUxsZm51TjJJSXo5ZWRBMnpMeU40WDJzLWdOdThHenkxMHA0SEJXYzBPa0ZMMjg5TWRFVEpsMWtNRDVCRC1RSWtoVVpyU0x4VDN5R3pOVC1YUHBtbmJaSDh3bGJhOW8zdDFodHkwRFRsQWxmajB4MHM1S0lOUll5ZlhFdUZkOUpBX0tJcC1VNzlJeUJxSzBjMy0yMEFR?oc=5\" target=\"_blank\" rel=\"nofollow noopener\">Sirskis: Pie frontes l\u012bnijas izvietoti vair\u0101k nek\u0101 700 000 krievu karav\u012bru<\/a>&nbsp;&nbsp;Apollo.lv<\/li>\n<li><a href=\"https:\/\/news.google.com\/rss\/articles\/CBMikAFBVV95cUxQY3k0UTBxYUgtM090UXlWWjZwY013X3pldVNPMnhUdlNIa1VBY1R0a1BJcnlBMU5UUGw1UTRSaUljQXZQSzd0S3o5a0Q2bDBqRkc2YXR4VnR1NGNaVkk5SzZGc19EOUNtRHVtLTdydWlac1BpckpFZXdvTjljZE5WYmNNVWxSdjVwVVJPeXpsbHU?oc=5\" target=\"_blank\" rel=\"nofollow noopener\">Putinam ir pl\u0101ns k\u0101 p\u0101rsp\u0113t Trampu: ASV anal\u012bti\u0137e atkl\u0101j, ko tas ietver<\/a>&nbsp;&nbsp;LA.LV<\/li>\n<\/ol>\n","protected":false},"excerpt":{"rendered":"Podo\u013caks: Krievija nav gatava re\u0101l\u0101m miera sarun\u0101m ar Ukrainu&nbsp;&nbsp;Jauns.lv Politologs par Krievijas gatav\u012bbu mieram ar Ukrainu: Kremlis negrib&hellip;\n","protected":false},"author":2,"featured_media":71610,"comment_status":"","ping_status":"","sticky":false,"template":"","format":"standard","meta":{"footnotes":""},"categories":[14],"tags":[23,57,28,29,32,33,22,30,31,35,39,38,36,37,34,40,20,26,27,24,25,54,55,56,21,58],"class_list":{"0":"post-71609","1":"post","2":"type-post","3":"status-publish","4":"format-standard","5":"has-post-thumbnail","7":"category-zinas-no-arvalstim","8":"tag-aktualitates","9":"tag-arvalstim","10":"tag-breaking-news","11":"tag-breakingnews","12":"tag-featured-news","13":"tag-featurednews","14":"tag-headlines","15":"tag-latest-news","16":"tag-latestnews","17":"tag-latvia","18":"tag-latvian","19":"tag-latviesu","20":"tag-latviesu-valoda","21":"tag-latviesuvaloda","22":"tag-latvija","23":"tag-lv","24":"tag-news","25":"tag-popularakas-zinas","26":"tag-popularakaszinas","27":"tag-top-stories","28":"tag-topstories","29":"tag-world","30":"tag-world-news","31":"tag-worldnews","32":"tag-zinas","33":"tag-zinas-no-arvalstim"},"share_on_mastodon":{"url":"https:\/\/pubeurope.com\/@lv\/115701189406567685","error":""},"_links":{"self":[{"href":"https:\/\/www.europesays.com\/lv\/wp-json\/wp\/v2\/posts\/71609","targetHints":{"allow":["GET"]}}],"collection":[{"href":"https:\/\/www.europesays.com\/lv\/wp-json\/wp\/v2\/posts"}],"about":[{"href":"https:\/\/www.europesays.com\/lv\/wp-json\/wp\/v2\/types\/post"}],"author":[{"embeddable":true,"href":"https:\/\/www.europesays.com\/lv\/wp-json\/wp\/v2\/users\/2"}],"replies":[{"embeddable":true,"href":"https:\/\/www.europesays.com\/lv\/wp-json\/wp\/v2\/comments?post=71609"}],"version-history":[{"count":0,"href":"https:\/\/www.europesays.com\/lv\/wp-json\/wp\/v2\/posts\/71609\/revisions"}],"wp:featuredmedia":[{"embeddable":true,"href":"https:\/\/www.europesays.com\/lv\/wp-json\/wp\/v2\/media\/71610"}],"wp:attachment":[{"href":"https:\/\/www.europesays.com\/lv\/wp-json\/wp\/v2\/media?parent=71609"}],"wp:term":[{"taxonomy":"category","embeddable":true,"href":"https:\/\/www.europesays.com\/lv\/wp-json\/wp\/v2\/categories?post=71609"},{"taxonomy":"post_tag","embeddable":true,"href":"https:\/\/www.europesays.com\/lv\/wp-json\/wp\/v2\/tags?post=71609"}],"curies":[{"name":"wp","href":"https:\/\/api.w.org\/{rel}","templated":true}]}}