{"id":71611,"date":"2025-12-11T13:34:11","date_gmt":"2025-12-11T13:34:11","guid":{"rendered":"https:\/\/www.europesays.com\/lv\/71611\/"},"modified":"2025-12-11T13:34:11","modified_gmt":"2025-12-11T13:34:11","slug":"muziba-devusies-kadreizeja-seviski-svarigu-lietu-izmekletaja-rita-aksenoka-raksts","status":"publish","type":"post","link":"https:\/\/www.europesays.com\/lv\/71611\/","title":{"rendered":"M\u016b\u017e\u012bb\u0101 devusies k\u0101dreiz\u0113j\u0101 sevi\u0161\u0137i svar\u012bgu lietu izmekl\u0113t\u0101ja Rita Aksenoka \/ Raksts"},"content":{"rendered":"<p>Tre\u0161dien, 10. decembr\u012b, 89 gadu vecum\u0101 m\u016b\u017e\u012bb\u0101 devusies k\u0101dreiz\u0113j\u0101 sevi\u0161\u0137i svar\u012bgu lietu izmekl\u0113t\u0101ja Rita Aksenoka, Latvijas Telev\u012bzijai apstiprin\u0101ja Aksenokas \u0123imene.\u00a0Aksenoka risin\u0101jusi da\u017eas no Latvijas ska\u013c\u0101kaj\u0101m un sare\u017e\u0123\u012bt\u0101kaj\u0101m krimin\u0101lliet\u0101m, tostarp slepkav\u012bbas, laup\u012b\u0161anas, kuku\u013co\u0161anas un organiz\u0113t\u0101s noziedz\u012bbas gad\u012bjumus.\u00a0<\/p>\n<p>Aksenoka dzimusi 1936. gada 22. apr\u012bl\u012b Liep\u0101jas rajon\u0101, 1960. gad\u0101 absolv\u0113jusi Latvijas Universit\u0101tes Ekonomikas un juridisk\u0101s fakult\u0101tes ties\u012bbu zin\u0101t\u0146u noda\u013cu.\u00a01962. gad\u0101 s\u0101kusi darbu k\u0101 izmekl\u0113t\u0101ja Latvijas PSR prokurat\u016br\u0101,\u00a01967. s\u0101kusi str\u0101d\u0101t Republikas prokurat\u016br\u0101 par zon\u0101lo prokurori.\u00a01975. gad\u0101 Aksenoka s\u0101kusi\u00a0vad\u012bt\u00a0Sevi\u0161\u0137i svar\u012bgu lietu izmekl\u0113\u0161anas noda\u013cu<\/p>\n<p>Aksenokas darbs\u00a0bijis saist\u012bts ar izmekl\u0113\u0161anu, kas pras\u012bjusi ne tikai juridisk\u0101s zin\u0101\u0161anas, bet ar\u012b psiholo\u0123isko izpratni un emp\u0101tiju pret cilv\u0113kiem, tostarp noziedzniekiem. P\u0113rn Latvijas Radio raid\u012bjum\u0101 &#8220;Laikmeta krustpunkt\u0101&#8221;\u00a0<a href=\"https:\/\/www.lsm.lv\/raksts\/dzive--stils\/sarunas\/23.03.2024-muza-ieslodzijums-nav-vieglaks-sods-par-navessodu-saruna-ar-bijuso-izmekletaju-ritu-aksenoku.a546675\/\" class=\"lsm-link\" data-type=\"article\" data-id=\"546675\" rel=\"nofollow noopener\" target=\"_blank\">Aksenoka sac\u012bja<\/a>, ka<\/p>\n<blockquote>\n<p>pratin\u0101\u0161anas laik\u0101\u00a0vienm\u0113r centusies saskat\u012bt kaut ko labu pat visliel\u0101kajos noziedzniekos, izmantojot labest\u012bbu un sirsn\u012bbu, nevis agresiju.\u00a0<\/p>\n<\/blockquote>\n<p>Aksenoka\u00a0bijusi pirm\u0101, kas s\u0101ka izmekl\u0113t OMON vien\u012bbas zv\u0113r\u012bbas, k\u0101 ar\u012b b\u0113rnu slepkav\u012bbas, kuras vi\u0146a uzskata par emocion\u0101li vissmag\u0101kaj\u0101m liet\u0101m sav\u0101 karjer\u0101. Vi\u0146a ir ar\u012b akt\u012bvi iest\u0101jusies par n\u0101vessoda atcel\u0161anu Latvij\u0101.<\/p>\n<p>Aksenoka\u00a0karjeras laik\u0101 izmekl\u0113jusi un atkl\u0101jusi vair\u0101kas ska\u013cas krimin\u0101llietas, tostarp\u00a0n\u0101kusi uz p\u0113d\u0101m bru\u0146otai bandai, kas bija pastr\u0101d\u0101jusi vair\u0101k nek\u0101 300 noziegumu. Iedvesmojoties <a href=\"https:\/\/www.lsm.lv\/raksts\/kultura\/teatris-un-deja\/25.09.2025-si-lieta-bijusi-ipasa-nacionalaja-teatri-pirmizradis-iestudejumu-par-izmekletaju-ritu-aksenoku.a615759\/\" class=\"lsm-link\" data-type=\"article\" data-id=\"615759\" rel=\"nofollow noopener\" target=\"_blank\">no \u0161\u012bs lietas un Aksenokas person\u012bbas<\/a>, Nacion\u0101laj\u0101 te\u0101tr\u012b tapusi izr\u0101de &#8220;Ko var cilv\u0113ks&#8221;.<\/p>\n<p>No 1995. l\u012bdz 2007. gadam Aksenoka vad\u012bja\u00a0Valsts prezidenta kancelejas\u00a0Ap\u017e\u0113lo\u0161anas dienestu.<\/p>\n<p>Vair\u0101kas no Aksenokas izmekl\u0113taj\u0101m liet\u0101m aprakst\u012btas \u017eurn\u0101listes un rakstnieces L\u0101smas Gaitnieces gr\u0101mat\u0101s &#8220;Skandaloz\u0101kie noziegumi Latvijas v\u0113stur\u0113&#8221;, kuru tap\u0161an\u0101 iesaist\u012bjusies ar\u012b pati Aksenoka, daloties atmi\u0146\u0101s par lietu \u0161\u0137etin\u0101\u0161anu.<\/p>\n<p>                    Valodas k\u013c\u016bda rakst\u0101?<\/p>\n<p class=\"d-none d-md-block\">Iez\u012bm\u0113jiet tekstu un spiediet Ctrl+Enter, lai nos\u016bt\u012btu labojamo teksta fragmentu redaktoram! Par faktu k\u013c\u016bd\u0101m l\u016bdzam zi\u0146ot e-past\u0101 <a href=\"https:\/\/www.lsm.lv\/cdn-cgi\/l\/email-protection\" class=\"__cf_email__\" data-cfemail=\"3b495e5f5a505852515a7b57485615574d\" rel=\"nofollow noopener\" target=\"_blank\">[email\u00a0protected]<\/a>.<\/p>\n<p class=\"d-md-none\">Iez\u012bm\u0113jiet tekstu un spiediet uz Zi\u0146ot par k\u013c\u016bdu pogas, lai nos\u016bt\u012btu labojamo teksta fragmentu redaktoram!<\/p>\n<p>\n                    Zi\u0146ot par k\u013c\u016bdu\n                <\/p>\n","protected":false},"excerpt":{"rendered":"Tre\u0161dien, 10. decembr\u012b, 89 gadu vecum\u0101 m\u016b\u017e\u012bb\u0101 devusies k\u0101dreiz\u0113j\u0101 sevi\u0161\u0137i svar\u012bgu lietu izmekl\u0113t\u0101ja Rita Aksenoka, Latvijas Telev\u012bzijai apstiprin\u0101ja&hellip;\n","protected":false},"author":2,"featured_media":71612,"comment_status":"","ping_status":"","sticky":false,"template":"","format":"standard","meta":{"footnotes":""},"categories":[5],"tags":[23,28,29,32,33,22,30,31,35,39,38,36,37,34,40,20,26,27,24,25,21],"class_list":{"0":"post-71611","1":"post","2":"type-post","3":"status-publish","4":"format-standard","5":"has-post-thumbnail","7":"category-aktualitates","8":"tag-aktualitates","9":"tag-breaking-news","10":"tag-breakingnews","11":"tag-featured-news","12":"tag-featurednews","13":"tag-headlines","14":"tag-latest-news","15":"tag-latestnews","16":"tag-latvia","17":"tag-latvian","18":"tag-latviesu","19":"tag-latviesu-valoda","20":"tag-latviesuvaloda","21":"tag-latvija","22":"tag-lv","23":"tag-news","24":"tag-popularakas-zinas","25":"tag-popularakaszinas","26":"tag-top-stories","27":"tag-topstories","28":"tag-zinas"},"share_on_mastodon":{"url":"https:\/\/pubeurope.com\/@lv\/115701197258978271","error":""},"_links":{"self":[{"href":"https:\/\/www.europesays.com\/lv\/wp-json\/wp\/v2\/posts\/71611","targetHints":{"allow":["GET"]}}],"collection":[{"href":"https:\/\/www.europesays.com\/lv\/wp-json\/wp\/v2\/posts"}],"about":[{"href":"https:\/\/www.europesays.com\/lv\/wp-json\/wp\/v2\/types\/post"}],"author":[{"embeddable":true,"href":"https:\/\/www.europesays.com\/lv\/wp-json\/wp\/v2\/users\/2"}],"replies":[{"embeddable":true,"href":"https:\/\/www.europesays.com\/lv\/wp-json\/wp\/v2\/comments?post=71611"}],"version-history":[{"count":0,"href":"https:\/\/www.europesays.com\/lv\/wp-json\/wp\/v2\/posts\/71611\/revisions"}],"wp:featuredmedia":[{"embeddable":true,"href":"https:\/\/www.europesays.com\/lv\/wp-json\/wp\/v2\/media\/71612"}],"wp:attachment":[{"href":"https:\/\/www.europesays.com\/lv\/wp-json\/wp\/v2\/media?parent=71611"}],"wp:term":[{"taxonomy":"category","embeddable":true,"href":"https:\/\/www.europesays.com\/lv\/wp-json\/wp\/v2\/categories?post=71611"},{"taxonomy":"post_tag","embeddable":true,"href":"https:\/\/www.europesays.com\/lv\/wp-json\/wp\/v2\/tags?post=71611"}],"curies":[{"name":"wp","href":"https:\/\/api.w.org\/{rel}","templated":true}]}}