{"id":71613,"date":"2025-12-11T13:38:08","date_gmt":"2025-12-11T13:38:08","guid":{"rendered":"https:\/\/www.europesays.com\/lv\/71613\/"},"modified":"2025-12-11T13:38:08","modified_gmt":"2025-12-11T13:38:08","slug":"putinam-ir-plans-ka-parspet-trampu-asv-analitike-atklaj-ko-tas-ietver","status":"publish","type":"post","link":"https:\/\/www.europesays.com\/lv\/71613\/","title":{"rendered":"Putinam ir pl\u0101ns k\u0101 p\u0101rsp\u0113t Trampu: ASV anal\u012bti\u0137e atkl\u0101j, ko tas ietver"},"content":{"rendered":"<p>    <img decoding=\"async\" src=\"https:\/\/www.europesays.com\/lv\/wp-content\/uploads\/2025\/12\/afp_696e2g4-1024x768.jpg\" alt=\"&#10;Vladimirs Putins un Donalds Tramps&#10;\"\/><\/p>\n<p>Vladimirs Putins un Donalds Tramps<\/p>\n<p>Foto. Scanpix\/Ilya PITALEV and Sarah Meyssonnier \/ various sources \/ AFP\n<\/p>\n<p>14:49, 11. decembris 2025<\/p>\n<p>P\u0113c Putina teikt\u0101, Krievijai pa\u0161laik ir priek\u0161roc\u012bbas kar\u0101 pret Ukrainu, t\u0101p\u0113c Kremlis neparakst\u012bs ASV miera l\u012bgumu. Baltais nams , neapmierin\u0101ts ar strupce\u013cu sarun\u0101s par kara izbeig\u0161anu, ir izvirz\u012bjis Ukrainas prezidentam Volodimiram Zelenskim ultim\u0101tu parakst\u012bt miera l\u012bgumu l\u012bdz Ziemassv\u0113tkiem, raksta ASV anal\u012bti\u0137e Rebeka Koflere laikrakst\u0101 <a href=\"https:\/\/www.telegraph.co.uk\/us\/comment\/2025\/12\/11\/vladimir-putin-plan-outsmart-donald-trump\/\" rel=\"noopener nofollow\" target=\"_blank\">The Telegraph .<\/a><\/p>\n<p>        Las\u012bt\u0101kie<br \/>\n        <a data-imagesrc=\"{&quot;300&quot;:&quot;https:\\\/\\\/lastatic.ams3.cdn.digitaloceanspaces.com\\\/2025\\\/12\\\/LET_24813581-300x201.jpg&quot;,&quot;1024&quot;:&quot;https:\\\/\\\/lastatic.ams3.cdn.digitaloceanspaces.com\\\/2025\\\/12\\\/LET_24813581-1024x687.jpg&quot;,&quot;1536&quot;:&quot;https:\\\/\\\/lastatic.ams3.cdn.digitaloceanspaces.com\\\/2025\\\/12\\\/LET_24813581-1536x1031.jpg&quot;,&quot;500&quot;:&quot;https:\\\/\\\/lastatic.ams3.cdn.digitaloceanspaces.com\\\/2025\\\/12\\\/LET_24813581-500x335.jpg&quot;,&quot;800&quot;:&quot;https:\\\/\\\/lastatic.ams3.cdn.digitaloceanspaces.com\\\/2025\\\/12\\\/LET_24813581-800x537.jpg&quot;,&quot;2560&quot;:&quot;https:\\\/\\\/lastatic.ams3.cdn.digitaloceanspaces.com\\\/2025\\\/12\\\/LET_24813581-scaled.jpg&quot;}\" data-focuspoint=\"&quot;&quot;\" data-p=\"2479144\" href=\"https:\/\/www.la.lv\/esam-vienojusies-izskan-baumas-ka-eksprezidentes-vairas-vikes-freibergas-virs-nonacis-pansionata\" class=\"content-item lazy-load\" wp_automatic_readability=\"27\" rel=\"nofollow noopener\" target=\"_blank\"><\/p>\n<p>                                <img decoding=\"async\" src=\"\" alt=\"\" style=\"\" data-imageid=\"\"\/><\/p>\n<p>                                Kokteilis<\/p>\n<p>\n                                                \u201cEsam vienoju\u0161ies.\u201d Izskan baumas, ka eksprezidentes Vairas V\u012b\u0137es-Freibergas v\u012brs non\u0101cis pansion\u0101t\u0101\n                            <\/p>\n<p><\/a><a data-imagesrc=\"{&quot;300&quot;:&quot;https:\\\/\\\/lastatic.ams3.cdn.digitaloceanspaces.com\\\/2025\\\/11\\\/Untitled-design-19-300x188.jpg&quot;,&quot;1024&quot;:&quot;https:\\\/\\\/lastatic.ams3.cdn.digitaloceanspaces.com\\\/2025\\\/11\\\/Untitled-design-19-1024x640.jpg&quot;,&quot;1536&quot;:&quot;https:\\\/\\\/lastatic.ams3.cdn.digitaloceanspaces.com\\\/2025\\\/11\\\/Untitled-design-19-1536x960.jpg&quot;,&quot;500&quot;:&quot;https:\\\/\\\/lastatic.ams3.cdn.digitaloceanspaces.com\\\/2025\\\/11\\\/Untitled-design-19-500x313.jpg&quot;,&quot;800&quot;:&quot;https:\\\/\\\/lastatic.ams3.cdn.digitaloceanspaces.com\\\/2025\\\/11\\\/Untitled-design-19-800x500.jpg&quot;,&quot;1600&quot;:&quot;https:\\\/\\\/lastatic.ams3.cdn.digitaloceanspaces.com\\\/2025\\\/11\\\/Untitled-design-19.jpg&quot;}\" data-focuspoint=\"&quot;&quot;\" data-p=\"2472405\" href=\"https:\/\/www.la.lv\/orig-poliklinikas-darbiniece-rikojas-nelikumigi-ka-inguna-nejausi-noklausijas-sarunu-un-atklaja-tisu-pacientu-mulkosanu\" class=\"content-item lazy-load\" wp_automatic_readability=\"26.5\" rel=\"nofollow noopener\" target=\"_blank\"><\/p>\n<p>                                <img decoding=\"async\" src=\"\" alt=\"\" style=\"\" data-imageid=\"\"\/><\/p>\n<p>                                RAKSTA REDAKTORS<\/p>\n<p>\n                                                Polikl\u012bnikas darbiniece r\u012bkoj\u0101s nelikum\u012bgi: k\u0101 Ing\u016bna nejau\u0161i noklaus\u012bj\u0101s sarunu un atkl\u0101ja t\u012b\u0161u pacientu mu\u013c\u0137o\u0161anu\n                            <\/p>\n<p><\/a><a data-imagesrc=\"{&quot;300&quot;:&quot;https:\\\/\\\/lastatic.ams3.cdn.digitaloceanspaces.com\\\/2020\\\/11\\\/shutterstock_1626687511-300x200.jpg&quot;,&quot;768&quot;:&quot;https:\\\/\\\/lastatic.ams3.cdn.digitaloceanspaces.com\\\/2020\\\/11\\\/shutterstock_1626687511-768x513.jpg&quot;,&quot;200&quot;:&quot;https:\\\/\\\/lastatic.ams3.cdn.digitaloceanspaces.com\\\/2020\\\/11\\\/shutterstock_1626687511-200x134.jpg&quot;,&quot;400&quot;:&quot;https:\\\/\\\/lastatic.ams3.cdn.digitaloceanspaces.com\\\/2020\\\/11\\\/shutterstock_1626687511-400x267.jpg&quot;,&quot;500&quot;:&quot;https:\\\/\\\/lastatic.ams3.cdn.digitaloceanspaces.com\\\/2020\\\/11\\\/shutterstock_1626687511-500x334.jpg&quot;,&quot;800&quot;:&quot;https:\\\/\\\/lastatic.ams3.cdn.digitaloceanspaces.com\\\/2020\\\/11\\\/shutterstock_1626687511.jpg&quot;}\" data-focuspoint=\"&quot;&quot;\" data-p=\"2478680\" href=\"https:\/\/www.la.lv\/sis-4-zodiaka-zimes-vel-visu-atlikuso-decembri-bus-laimigas-tas-sagaidis-uzvaras-vien\" class=\"content-item lazy-load\" wp_automatic_readability=\"26\" rel=\"nofollow noopener\" target=\"_blank\"><\/p>\n<p>                                <img decoding=\"async\" src=\"\" alt=\"\" style=\"\" data-imageid=\"\"\/><\/p>\n<p>                                Kokteilis<\/p>\n<p>\n                                                \u0160\u012bs 4 zodiaka z\u012bmes v\u0113l visu atliku\u0161o decembri b\u016bs laim\u012bgas: t\u0101s sagaid\u012bs uzvaras vien\n                            <\/p>\n<p><\/a><br \/>\n        <a class=\"read-more\" href=\"https:\/\/www.la.lv\/top\" rel=\"nofollow noopener\" target=\"_blank\">Las\u012bt citas zi\u0146as<\/a><\/p>\n<p>Raksta autore apgalvo, ka Balt\u0101 nama vad\u012bt\u0101js tagad patiesi tic, ka probl\u0113ma ir eiropie\u0161os un Zelensk\u012b. Vi\u0146\u0161, \u0161\u0137iet, neapzin\u0101s, ka pat ja Ukrainas prezidents piekrit\u012bs miera pl\u0101nam, Putins joproj\u0101m b\u016bs pret to.<\/p>\n<p>Publik\u0101cij\u0101 uzsv\u0113rts, ka ASV prezidents uzskata, ka Kremlis parakst\u012bs l\u012bgumu, jo \u201cKrievijai ir priek\u0161roc\u012bbas\u201d. Ta\u010du Koflere uzskata, ka tie\u0161i t\u0101p\u0113c Putins to nedar\u012bs \u2013 vi\u0146am tas nav vajadz\u012bgs.<\/p>\n<p>    CITI \u0160OBR\u012aD LASA<\/p>\n<p>Koflers min vair\u0101kus iemeslus, k\u0101p\u0113c Krievijas prezidents nepiekrit\u012bs vieno\u0161an\u0101s nosl\u0113g\u0161anai. Pirmk\u0101rt, Putinam ir pietiekami daudz cilv\u0113ku un materi\u0101lo resursu, lai turpin\u0101tu ilgsto\u0161u karu.<\/p>\n<p>\u201cKrievijas priek\u0161roc\u012bbas \u2014 bru\u0146oto sp\u0113ku lielums, iero\u010du arsen\u0101ls, milit\u0101ri r\u016bpnieciskais potenci\u0101ls, karadarb\u012bbas stils un augst\u0101 tolerance pret cilv\u0113ku upuriem \u2014 dod Putinam p\u0101rliec\u012bbu sp\u0113l\u0113t augstu likmju sp\u0113li ar Trampu un NATO,\u201d teikts publik\u0101cij\u0101.<\/p>\n<p>Rakst\u0101 cit\u0113ti dati, kas liecina, ka Krievij\u0101 pa\u0161laik ir aptuveni 1,32 miljoni milit\u0101rpersonu. Turkl\u0101t paredzams, ka saska\u0146\u0101 ar Putina 2024. gada dekr\u0113tu \u0161is skaitlis pieaugs l\u012bdz 1,5 miljoniem.<\/p>\n<p>Vienlaikus Ukrain\u0101 v\u0113rojama person\u0101la kr\u012bze. Tiek zi\u0146ots, ka Ukrainas karav\u012bra vid\u0113jais vecums ir sasniedzis gandr\u012bz 45 gadus, lai gan mobiliz\u0101cijas vecums valst\u012b ir 25 gadi.<\/p>\n<p>Turkl\u0101t  apvienojum\u0101 ar Maskavas milit\u0101ri r\u016bpniecisko potenci\u0101lu, kas \u013cauj tai iev\u0113rojami apsteigt konkurentus mun\u012bcijas ra\u017eo\u0161an\u0101, Krievija var\u0113tu p\u0101rsp\u0113t Ukrainu un Rietumus izs\u012bkuma kar\u0101.<\/p>\n<p>Otrk\u0101rt, p\u0113c Kofleras  teikt\u0101, Krem\u013ca l\u012bderis Vladimirs Putins neuzticas Amerikas prezidentam. Tramps p\u0113d\u0113j\u0101 gada laik\u0101 ir vair\u0101kk\u0101rt main\u012bjis savu nost\u0101ju par karu Ukrain\u0101. Balt\u0101 nama vad\u012bt\u0101js ir p\u0101rtraucis un p\u0113c tam ats\u0101cis izl\u016bkdienestu inform\u0101cijas apmai\u0146u un milit\u0101ro pal\u012bdz\u012bbu Ukrainai, un pat pilnvarojis Kijivu veikt triecienus dzi\u013ci Krievijas teritorij\u0101.<\/p>\n<p>Iesp\u0113jams, Putins uzskata, ka p\u0113c Trampa vald\u012b\u0161anas beig\u0101m, p\u0113c tr\u012bsarpus gadiem ASV politika atgriez\u012bsies pie savas \u201cnorm\u0101l\u0101s\u201d b\u0101zes. Tiek atz\u012bm\u0113ts, ka neatkar\u012bgi no t\u0101, kas atrad\u0101s Baltaj\u0101 nam\u0101, ASV politika attiec\u012bb\u0101 pret Maskavu vair\u0101kas desmitgades ir bijusi iev\u0113rojami konsekventa, koncentr\u0113joties uz Krievijas \u201cdemokratiz\u0101ciju\u201d.<\/p>\n<p>Maskava uzskata demokr\u0101tijas veicin\u0101\u0161anu par antikrievisku un baid\u0101s, ka Rietumi v\u0113las g\u0101zt Putinu no varas. Autore ar\u012b nor\u0101d\u012bja, ka Krievijas diktators ir vair\u0101kk\u0101rt paudis aizdomas, ka patiesais iemesls, k\u0101p\u0113c Va\u0161ingtona cen\u0161as pan\u0101kt pamieru, ir dot Ukrainai iesp\u0113ju ievilkt elpu un atg\u016bt sp\u0113kus. Tikm\u0113r NATO var\u0113tu palielin\u0101t milit\u0101ro ra\u017eo\u0161anu, lai atjaunotu Kijivas apbru\u0146o\u0161anu un t\u0101d\u0113j\u0101di pal\u012bdz\u0113tu Ukrainai atg\u016bt savas teritorijas.<\/p>\n<p>Tre\u0161k\u0101rt, Koflere nor\u0101da, ka Putins uzskata, ka ASV un NATO nem\u0113\u0123in\u0101s piespiest vi\u0146u pie\u0146emt pl\u0101nu. Vi\u0146a uzskata, ka \u0161\u012b ir pamatota cer\u012bba, jo NATO tr\u016bkst kaujas sp\u0113ka un gribassp\u0113ka, lai karotu ar tik Krieviju.<\/p>\n<p>Autore ar\u012b raksta, ka Maskava uzskata, ka bezpilota lidapar\u0101tu karadarb\u012bba ir slepena formula sadursmes ar NATO nov\u0113r\u0161anai. Asimetrija starp Krievijas sp\u0113ju ra\u017eot ofens\u012bvus bezpilota lidapar\u0101tus un NATO sp\u0113ju ra\u017eot aizsardz\u012bbas ra\u0137etes ir 50\u201360 reizes liel\u0101ka Krievijai par labu. T\u0101d\u0113\u013c tie\u0161a NATO dal\u012bba b\u016btu ekonomiski neizdev\u012bga.<\/p>\n<p>Tiek min\u0113ts piem\u0113rs, ka, ja Krievija vienlaikus palaistu 800 dronus, kas regul\u0101ri notiek Ukrain\u0101, saska\u0146\u0101 ar raksta autores Rebekas Kofleres apr\u0113\u0137iniem Eiropa da\u017eu ned\u0113\u013cu laik\u0101 izsmeltu visu savu aizsardz\u012bbas ra\u0137e\u0161u arsen\u0101lu. T\u0101p\u0113c rakst\u0101 teikts, ka Putins ir p\u0101rliecin\u0101ts, ka Krievija var piespiest Ukrainu un Rietumus kapitul\u0113t, un, visticam\u0101k, nepiekrit\u012bs dar\u012bjumam, ja tas neatbild\u012bs vi\u0146a nosac\u012bjumiem.<\/p>\n<p>Tom\u0113r Koflere neizsl\u0113dz iesp\u0113ju, ka Krievijas diktators cen\u0161as maldin\u0101t Trampu, liekot vi\u0146am notic\u0113t, ka Zelenskis un eiropie\u0161i ir nepiek\u0101p\u012bg\u0101s puses.<\/p>\n<p>Tie\u0161i \u0161\u012b iemesla d\u0113\u013c, vi\u0146aspr\u0101t, Krem\u013ca vad\u012bt\u0101js  uzslav\u0113ja ASV 28 punktu miera pl\u0101nu, nor\u0101dot, ka tas \u201cprincip\u0101\u201d var\u0113tu k\u013c\u016bt par \u201cpamatni turpm\u0101k\u0101m vieno\u0161an\u0101m\u201d, un noraid\u012bja Ukrainas un Eiropas 19 punktu versiju k\u0101 \u201cabsol\u016bti nekonstrukt\u012bvu\u201d priek\u0161likumu.<\/p>\n<p>Autore nor\u0101da, ka Putina pl\u0101ns ir vilcin\u0101t sarunas ar Trampu, turpinot oper\u0101cijas Ukrain\u0101, l\u012bdz Kijeva kapitul\u0113s vai l\u012bdz Ukraina un Rietumi pie\u0146ems Krievijas nosac\u012bjumus miera l\u012bgumam.<\/p>\n<p>Autors ar\u012b piebilst, ka Krievijas diktators ieg\u016bst noz\u012bm\u012bgus diplom\u0101tiskos punktus, demonstr\u0113jot p\u0101r\u0113jai pasaulei, ka Krievija atrodas uz l\u012bdzv\u0113rt\u012bgas poz\u012bcijas ar Amerikas Savienotaj\u0101m Valst\u012bm, nevis ir izol\u0113ta.<\/p>\n<p>Koflere neizsl\u0113dz iesp\u0113ju, ka Kremlis v\u0113l vair\u0101k cen\u0161as sa\u0161\u0137elt ASV un Eiropas attiec\u012bbas un izvair\u012bties no ac\u012bmredzam\u0101 Trampa kompromisa. \u0160\u0137iet, ka Putins uzskata, ka var manipul\u0113t ar saviem oponentiem.<\/p>\n<p>T\u0113mas<\/p>\n<p>    SAIST\u012aTIE RAKSTI<\/p>\n","protected":false},"excerpt":{"rendered":"Vladimirs Putins un Donalds Tramps Foto. Scanpix\/Ilya PITALEV and Sarah Meyssonnier \/ various sources \/ AFP 14:49, 11.&hellip;\n","protected":false},"author":2,"featured_media":71614,"comment_status":"","ping_status":"","sticky":false,"template":"","format":"standard","meta":{"footnotes":""},"categories":[14],"tags":[23,57,28,29,32,33,22,30,31,35,39,38,36,37,34,40,20,26,27,24,25,54,55,56,21,58],"class_list":{"0":"post-71613","1":"post","2":"type-post","3":"status-publish","4":"format-standard","5":"has-post-thumbnail","7":"category-zinas-no-arvalstim","8":"tag-aktualitates","9":"tag-arvalstim","10":"tag-breaking-news","11":"tag-breakingnews","12":"tag-featured-news","13":"tag-featurednews","14":"tag-headlines","15":"tag-latest-news","16":"tag-latestnews","17":"tag-latvia","18":"tag-latvian","19":"tag-latviesu","20":"tag-latviesu-valoda","21":"tag-latviesuvaloda","22":"tag-latvija","23":"tag-lv","24":"tag-news","25":"tag-popularakas-zinas","26":"tag-popularakaszinas","27":"tag-top-stories","28":"tag-topstories","29":"tag-world","30":"tag-world-news","31":"tag-worldnews","32":"tag-zinas","33":"tag-zinas-no-arvalstim"},"share_on_mastodon":{"url":"https:\/\/pubeurope.com\/@lv\/115701213424989885","error":""},"_links":{"self":[{"href":"https:\/\/www.europesays.com\/lv\/wp-json\/wp\/v2\/posts\/71613","targetHints":{"allow":["GET"]}}],"collection":[{"href":"https:\/\/www.europesays.com\/lv\/wp-json\/wp\/v2\/posts"}],"about":[{"href":"https:\/\/www.europesays.com\/lv\/wp-json\/wp\/v2\/types\/post"}],"author":[{"embeddable":true,"href":"https:\/\/www.europesays.com\/lv\/wp-json\/wp\/v2\/users\/2"}],"replies":[{"embeddable":true,"href":"https:\/\/www.europesays.com\/lv\/wp-json\/wp\/v2\/comments?post=71613"}],"version-history":[{"count":0,"href":"https:\/\/www.europesays.com\/lv\/wp-json\/wp\/v2\/posts\/71613\/revisions"}],"wp:featuredmedia":[{"embeddable":true,"href":"https:\/\/www.europesays.com\/lv\/wp-json\/wp\/v2\/media\/71614"}],"wp:attachment":[{"href":"https:\/\/www.europesays.com\/lv\/wp-json\/wp\/v2\/media?parent=71613"}],"wp:term":[{"taxonomy":"category","embeddable":true,"href":"https:\/\/www.europesays.com\/lv\/wp-json\/wp\/v2\/categories?post=71613"},{"taxonomy":"post_tag","embeddable":true,"href":"https:\/\/www.europesays.com\/lv\/wp-json\/wp\/v2\/tags?post=71613"}],"curies":[{"name":"wp","href":"https:\/\/api.w.org\/{rel}","templated":true}]}}