{"id":71621,"date":"2025-12-11T14:00:08","date_gmt":"2025-12-11T14:00:08","guid":{"rendered":"https:\/\/www.europesays.com\/lv\/71621\/"},"modified":"2025-12-11T14:00:08","modified_gmt":"2025-12-11T14:00:08","slug":"kriteriji-ir-negodigi-dadzite-par-valsts-naudas-balvu-pieskirsanu-sportistiem","status":"publish","type":"post","link":"https:\/\/www.europesays.com\/lv\/71621\/","title":{"rendered":"&#8220;Krit\u0113riji ir negod\u012bgi.&#8221; Dadz\u012bte par valsts naudas balvu pie\u0161\u0137ir\u0161anu sportistiem"},"content":{"rendered":"<p>&#8220;\u0160obr\u012bd LPK \u0161aj\u0101 jaut\u0101jum\u0101 vairs neko nevar izdar\u012bt,&#8221; saka Dadz\u012bte.<\/p>\n<p>Vi\u0146a st\u0101sta, ka LPK iesniedza pieteikumu pr\u0113mij\u0101m, aizpildot speci\u0101lu anketu, bet v\u0113rt\u0113\u0161ana IZM parasti s\u0101kas novembr\u012b. Dadz\u012bte nor\u0101da, ka v\u0113rt\u0113\u0161anas proces\u0101 IZM piepras\u012bja LPK papildu inform\u0101ciju &#8211; par valstu skaitu, par veidu, k\u0101 sportisti kvalific\u0113jas sacens\u012bb\u0101m, nolikumus un citu inform\u0101ciju.<\/p>\n<p>LPK prezidente nor\u0101da, ka vi\u0146a pati sniedza \u0161o inform\u0101ciju un Api\u0146a gad\u012bjum\u0101 pievienoja pasaules rangu, kur\u0101 diska me\u0161an\u0101 sportista p\u0101rst\u0101v\u0113taj\u0101 F-52 vesel\u012bbas grup\u0101 ir 63 sportisti.<\/p>\n<p>&#8220;Normat\u012bvus, lai var\u0113tu piedal\u012bties pasaules \u010dempion\u0101t\u0101, bija izpild\u012bju\u0161i 15 sportisti, bet no vi\u0146iem uz Indiju liel\u0101s d\u0101rdz\u012bbas d\u0113\u013c bija aizbrauku\u0161i asto\u0146i sportisti,&#8221; saka Dadz\u012bte.<\/p>\n<p>Vi\u0146a atg\u0101dina, ka uztur\u0113\u0161an\u0101s viesn\u012bc\u0101 Indij\u0101 \u0161ogad pasaules \u010dempion\u0101t\u0101 paravieglatl\u0113tik\u0101 vienam cilv\u0113kam maks\u0101ja 350 eiro par dienu.<\/p>\n<p>&#8220;Dal\u012bbai pasaules \u010dempion\u0101t\u0101 paravieglatl\u0113tik\u0101 m\u0113s pl\u0101noj\u0101m visus 12 sportistus, kuri bija izpild\u012bju\u0161i dal\u012bbas normat\u012bvus,&#8221; st\u0101sta Dadz\u012bte, piebilstot, ka d\u0101rdz\u012bba \u013c\u0101va Indij\u0101 start\u0113t vien \u010detriem Latvijas sportistiem un t\u0101pat r\u012bkoj\u0101s daudzas citas valstis.<\/p>\n","protected":false},"excerpt":{"rendered":"&#8220;\u0160obr\u012bd LPK \u0161aj\u0101 jaut\u0101jum\u0101 vairs neko nevar izdar\u012bt,&#8221; saka Dadz\u012bte. Vi\u0146a st\u0101sta, ka LPK iesniedza pieteikumu pr\u0113mij\u0101m, aizpildot&hellip;\n","protected":false},"author":2,"featured_media":71622,"comment_status":"","ping_status":"","sticky":false,"template":"","format":"standard","meta":{"footnotes":""},"categories":[17],"tags":[2933,18249,2932,3313,35,39,38,36,37,34,40,3311,4534,67],"class_list":{"0":"post-71621","1":"post","2":"type-post","3":"status-publish","4":"format-standard","5":"has-post-thumbnail","7":"category-sports","8":"tag-aigars-apinis","9":"tag-daiga-dadzite","10":"tag-diana-krumina","11":"tag-izglitibas-un-zinatnes-ministrija","12":"tag-latvia","13":"tag-latvian","14":"tag-latviesu","15":"tag-latviesu-valoda","16":"tag-latviesuvaloda","17":"tag-latvija","18":"tag-lv","19":"tag-paraolimpiskais-sports","20":"tag-rihards-snikus","21":"tag-sports"},"share_on_mastodon":{"url":"https:\/\/pubeurope.com\/@lv\/115701299474197211","error":""},"_links":{"self":[{"href":"https:\/\/www.europesays.com\/lv\/wp-json\/wp\/v2\/posts\/71621","targetHints":{"allow":["GET"]}}],"collection":[{"href":"https:\/\/www.europesays.com\/lv\/wp-json\/wp\/v2\/posts"}],"about":[{"href":"https:\/\/www.europesays.com\/lv\/wp-json\/wp\/v2\/types\/post"}],"author":[{"embeddable":true,"href":"https:\/\/www.europesays.com\/lv\/wp-json\/wp\/v2\/users\/2"}],"replies":[{"embeddable":true,"href":"https:\/\/www.europesays.com\/lv\/wp-json\/wp\/v2\/comments?post=71621"}],"version-history":[{"count":0,"href":"https:\/\/www.europesays.com\/lv\/wp-json\/wp\/v2\/posts\/71621\/revisions"}],"wp:featuredmedia":[{"embeddable":true,"href":"https:\/\/www.europesays.com\/lv\/wp-json\/wp\/v2\/media\/71622"}],"wp:attachment":[{"href":"https:\/\/www.europesays.com\/lv\/wp-json\/wp\/v2\/media?parent=71621"}],"wp:term":[{"taxonomy":"category","embeddable":true,"href":"https:\/\/www.europesays.com\/lv\/wp-json\/wp\/v2\/categories?post=71621"},{"taxonomy":"post_tag","embeddable":true,"href":"https:\/\/www.europesays.com\/lv\/wp-json\/wp\/v2\/tags?post=71621"}],"curies":[{"name":"wp","href":"https:\/\/api.w.org\/{rel}","templated":true}]}}