{"id":71625,"date":"2025-12-11T14:05:07","date_gmt":"2025-12-11T14:05:07","guid":{"rendered":"https:\/\/www.europesays.com\/lv\/71625\/"},"modified":"2025-12-11T14:05:07","modified_gmt":"2025-12-11T14:05:07","slug":"ziemassvetku-mirdzums-dzeza-un-klasika-festivals-eiropas-ziemassvetki-izskanes-spikeros-lu-aula-un-cirka-diena","status":"publish","type":"post","link":"https:\/\/www.europesays.com\/lv\/71625\/","title":{"rendered":"Ziemassv\u0113tku mirdzums d\u017eez\u0101 un klasik\u0101. Festiv\u0101ls Eiropas Ziemassv\u0113tki izskan\u0113s Sp\u012b\u0137eros, LU aul\u0101 un cirk\u0101 \/ Diena"},"content":{"rendered":"<p>\u012apa\u0161ais festiv\u0101la notikums b\u016bs d\u017eeza zvaigznes D\u017eord\u017eijas Ses\u012blas, operbasa Edgara O\u0161lejas un Latvijas Radio bigbenda koncerts 27. decembr\u012b R\u012bgas cirk\u0101. Dzied\u0101t\u0101ja un dziesmu autore D\u017eord\u017eija Ses\u012bla ir \u0161\u012bbr\u012b\u017ea l\u012bdere uz Londonas d\u017eeza talantu skatuves, atz\u012bst Equatemagazine. To apliecina ar\u012b UK Jazz Act Of The Year un Jazz FM 2022. gada vok\u0101lista balva. Programm\u0101 \u2013 D\u017eord\u017eijas Ses\u012blas ori\u0123in\u0101lm\u016bzika un le\u0123end\u0101ras sv\u0113tku melodijas.<\/p>\n<p>&#13;<br \/>\n&#13;<\/p>\n<p>Festiv\u0101lu 11. decembr\u012b plkst. 19.00 Sp\u012b\u0137eru koncertz\u0101l\u0113 atkl\u0101s Latvijas d\u017eeza zvaigznes \u2013 Mat\u012bss \u010cudars, J\u0101nis Rubiks, Toms Rudzinskis, J\u0101nis Jaunalksnis. Turpat 14. decembr\u012b ar Lielo m\u016bzikas balvu 2023 godalgotaj\u0101 kamerizr\u0101d\u0113 Dzeltenais trotu\u0101rs aktrises Gunas Zari\u0146as, flautistes Maijas Zandbergas, fagotista J\u0101\u0146a Semjonova un pianista Riharda Ple\u0161anova izpild\u012bjum\u0101 skan\u0113s Annas Veismanes ori\u0123in\u0101lm\u016bzika un Montas Kromas modernisma dzeja.<\/p>\n<p>&#13;<br \/>\n&#13;<\/p>\n<p>Sp\u012b\u0137eru koncertz\u0101le 18. decembr\u012b p\u0101rtaps par Radio SWH d\u017eeza klubu, kur\u0101 Ralfs Eilands ar Latvijas Radio bigbenda m\u016bzi\u0137iem p\u0101rl\u016bkos programmu Cits Pauls, Ralfa Eilanda ori\u0123in\u0101lm\u016bziku, funk un soulm\u016bzikas hitus.\u00a0 Programm\u0101 Baroka Ziemassv\u0113tki. Bahs un T\u0113lemanis 19. decembr\u012b Latvijas Universit\u0101tes Lielaj\u0101 aul\u0101 pirmoreiz ar kameror\u0137estra Sinfonietta R\u012bga m\u016bzi\u0137iem uzst\u0101sies vijolniece un atska\u0146ojuma vad\u012bt\u0101ja Alfija Bakijeva.<\/p>\n<p>&#13;<br \/>\n&#13;<\/p>\n<p>Muzik\u0101laj\u0101 st\u0101st\u0101 Debis\u012b. Ir j\u0101piedz\u012bvo Sp\u012b\u0137eru koncertz\u0101l\u0113 20. decembr\u012b jaunie talanti sopr\u0101ns Et\u012bna Em\u012blija Saul\u012bte, pianists Daniils Mickevi\u010ds un Valmieras te\u0101tra aktieris Artis Jan\u010devskis portret\u0113s impresionista Kloda Debis\u012b person\u012bbu. Sp\u012b\u0137eros 21. decembr\u012b koncertprogramm\u0101 K\u0101rlis L\u0101cis, Filips Gl\u0101ss un R\u012bgas Saksofonu kvartets soliste b\u016bs dzied\u0101t\u0101ja Ter\u0113ze Gretere, l\u012bdz\u0101s K\u0101r\u013ca L\u0101\u010da un Filipa Gl\u0101sa darbiem skan\u0113s Georga Pel\u0113\u010da kant\u0101te Sniega \u0161\u016bpul\u012b. Turpat programm\u0101 Verdi, \u0160trauss, \u0160\u016bberts un latvie\u0161i 26. decembr\u012b mirdz\u0113s sopr\u0101ns Brigita Reisone un NYX Trio \u2013 flautiste Anete To\u010da, vijolniece Tatjana Ostrovska un pianiste Ieva Sarja. Savuk\u0101rt Vecgada koncert\u0101 sve\u010du gaism\u0101 29. decembr\u012b plkst. 19.00 muzic\u0113s klarnetists Art\u016brs Perts un pianiste Evel\u012bna J\u0113kabsone.<\/p>\n<p>&#13;<br \/>\n&#13;<\/p>\n<p>Festiv\u0101lu jau tradicion\u0101li nosl\u0113gs Johanna Sebasti\u0101na Baha Ziemassv\u0113tku oratorija 30. decembr\u012b plkst. 19.00 Tor\u0146akalna bazn\u012bc\u0101. Diri\u0123enta Kaspara Putni\u0146a virkn\u0113tos oratorijas fragmentus atska\u0146os Latvijas Radio koris, Sinfonietta R\u012bga, solisti Gunta Smirnova, Doroteja B\u012bnerte, Mihaels Mogls un Rihards Millers.<\/p>\n<p>&#13;<br \/>\n&#13;<\/p>\n<p>Bi\u013cetes \u2013 Bi\u013ce\u0161u parad\u012bz\u0113.\u00a0<\/p>\n<p>&#13;<\/p>\n","protected":false},"excerpt":{"rendered":"\u012apa\u0161ais festiv\u0101la notikums b\u016bs d\u017eeza zvaigznes D\u017eord\u017eijas Ses\u012blas, operbasa Edgara O\u0161lejas un Latvijas Radio bigbenda koncerts 27. decembr\u012b&hellip;\n","protected":false},"author":2,"featured_media":71626,"comment_status":"","ping_status":"","sticky":false,"template":"","format":"standard","meta":{"footnotes":""},"categories":[19],"tags":[89,90,35,39,38,36,37,34,40],"class_list":{"0":"post-71625","1":"post","2":"type-post","3":"status-publish","4":"format-standard","5":"has-post-thumbnail","7":"category-izklaide","8":"tag-entertainment","9":"tag-izklaide","10":"tag-latvia","11":"tag-latvian","12":"tag-latviesu","13":"tag-latviesu-valoda","14":"tag-latviesuvaloda","15":"tag-latvija","16":"tag-lv"},"share_on_mastodon":{"url":"https:\/\/pubeurope.com\/@lv\/115701319164190586","error":""},"_links":{"self":[{"href":"https:\/\/www.europesays.com\/lv\/wp-json\/wp\/v2\/posts\/71625","targetHints":{"allow":["GET"]}}],"collection":[{"href":"https:\/\/www.europesays.com\/lv\/wp-json\/wp\/v2\/posts"}],"about":[{"href":"https:\/\/www.europesays.com\/lv\/wp-json\/wp\/v2\/types\/post"}],"author":[{"embeddable":true,"href":"https:\/\/www.europesays.com\/lv\/wp-json\/wp\/v2\/users\/2"}],"replies":[{"embeddable":true,"href":"https:\/\/www.europesays.com\/lv\/wp-json\/wp\/v2\/comments?post=71625"}],"version-history":[{"count":0,"href":"https:\/\/www.europesays.com\/lv\/wp-json\/wp\/v2\/posts\/71625\/revisions"}],"wp:featuredmedia":[{"embeddable":true,"href":"https:\/\/www.europesays.com\/lv\/wp-json\/wp\/v2\/media\/71626"}],"wp:attachment":[{"href":"https:\/\/www.europesays.com\/lv\/wp-json\/wp\/v2\/media?parent=71625"}],"wp:term":[{"taxonomy":"category","embeddable":true,"href":"https:\/\/www.europesays.com\/lv\/wp-json\/wp\/v2\/categories?post=71625"},{"taxonomy":"post_tag","embeddable":true,"href":"https:\/\/www.europesays.com\/lv\/wp-json\/wp\/v2\/tags?post=71625"}],"curies":[{"name":"wp","href":"https:\/\/api.w.org\/{rel}","templated":true}]}}