{"id":71627,"date":"2025-12-11T14:11:11","date_gmt":"2025-12-11T14:11:11","guid":{"rendered":"https:\/\/www.europesays.com\/lv\/71627\/"},"modified":"2025-12-11T14:11:11","modified_gmt":"2025-12-11T14:11:11","slug":"mirusi-bestselleru-autore-sofija-kinsella","status":"publish","type":"post","link":"https:\/\/www.europesays.com\/lv\/71627\/","title":{"rendered":"Mirusi bestselleru autore Sofija Kinsella"},"content":{"rendered":"<p class=\"descr\">Sofija Kinsella, bestselleru autore, kas sarakst\u012bjusi gr\u0101matu s\u0113riju \u201c\u0160opaholi\u0137e\u201d, mirusi 55 gadu vecum\u0101, v\u0113sta \u201cCNN\u201d.<\/p>\n<p>Rakstniecei, \u012bstaj\u0101 v\u0101rd\u0101 Madl\u0113na Sofija Vikhema, 2022. gad\u0101 tika diagnostic\u0113ta agres\u012bva smadze\u0146u v\u0113\u017ea forma.<\/p>\n<p>Kinsellas \u0123imene tre\u0161dien pazi\u0146oja par vi\u0146as n\u0101vi rakstnieces \u201cInstagram\u201d kont\u0101. <\/p>\n<p>Pazi\u0146ojum\u0101 teikts: \u201cAr salauztu sirdi \u0161or\u012bt pazi\u0146ojam par m\u016bsu m\u012b\u013cot\u0101s Sofijas (jeb Medijas, jeb M\u0101mi\u0146as) aizie\u0161anu m\u016b\u017e\u012bb\u0101. Vi\u0146a nomira mier\u012bgi, un vi\u0146as p\u0113d\u0113j\u0101s dienas bija piepild\u012btas ar patieso m\u012blest\u012bbu: \u0123imeni, m\u016bziku, siltumu, Ziemassv\u0113tkiem un prieku.<\/p>\n<p>M\u0113s nevaram iedom\u0101ties, k\u0101da b\u016bs dz\u012bve bez vi\u0146as starojuma un dz\u012bvesprieka. Neskatoties uz slim\u012bbu, kuru vi\u0146a p\u0101rcieta ar neiedom\u0101jamu drosmi, Sofija uzskat\u012bja sevi par patiesi sv\u0113t\u012btu &#8211; ar tik br\u012bni\u0161\u0137\u012bgu \u0123imeni un draugiem, k\u0101 ar\u012b par neparastajiem pan\u0101kumiem rakstnieces karjer\u0101. Vi\u0146a neko neuztv\u0113ra k\u0101 pa\u0161saprotamu un bija m\u016b\u017e\u012bgi pateic\u012bga par sa\u0146emto m\u012blest\u012bbu.<\/p>\n<p>Vi\u0146as tik \u013coti pietr\u016bks, ka m\u016bsu sirdis l\u016bzt.\u201d<\/p>\n<p>Lai gan Kinsellai smadze\u0146u v\u0113zis tika diagnostic\u0113ts pirms trim gadiem, vi\u0146a par to pazi\u0146oja saviem faniem tikai pag\u0101ju\u0161\u0101 gada apr\u012bl\u012b, ar ierakstu soci\u0101lajos t\u012bklos, sakot, ka vi\u0146ai diagnostic\u0113ta &#8220;glioblastoma, agres\u012bva smadze\u0146u v\u0113\u017ea forma&#8221;, un piebilda, ka vi\u0146ai ir veikta &#8220;veiksm\u012bga oper\u0101cija un sekoja staru terapija un \u0137\u012bmijterapija, kas joproj\u0101m turpin\u0101s&#8221;.<\/p>\n<p>Starp daudzajiem Kinsellai velt\u012btajiem velt\u012bjumiem zem vi\u0146as \u0123imenes ierakstiem, raksta ar\u012b vair\u0101ki paz\u012bstami autori.<\/p>\n<p>Saska\u0146\u0101 ar vi\u0146as t\u012bmek\u013ca vietni, ir p\u0101rdoti vair\u0101k nek\u0101 50 miljoni Kinsellas gr\u0101matu eksempl\u0101ru, un t\u0101s ir tulkotas vair\u0101k nek\u0101 40 valod\u0101s vair\u0101k nek\u0101 60 valst\u012bs.<\/p>\n<p>Vi\u0146as gr\u0101mata \u201c\u0160opaholi\u0137e\u201d ar galveno varoni Bekiju Bl\u016bmvudu, no iepirk\u0161an\u0101s atkar\u012bga finan\u0161u \u017eurn\u0101liste, nok\u013cuva uz liel\u0101 ekr\u0101na 2009. gad\u0101, filmas adapt\u0101cij\u0101 \u201c\u0160opaholi\u0137es atz\u012b\u0161an\u0101s\u201d. Bekiju atveidoja aktrise Isla Fi\u0161ere.<\/p>\n<p>Rakstnieces p\u0113d\u0113j\u0101 gr\u0101mata tika sarakst\u012bta p\u0113c oper\u0101cijas un public\u0113ta pag\u0101ju\u0161aj\u0101 gad\u0101 &#8211; t\u0101 ir novele, kuras iedvesmas avots bija vi\u0146as <a href=\"https:\/\/nra.lv\/dzivesstils\/skaistumsveseliba\/508564-kapec-tik-daudz-cilveku-saslimst-ar-vezi-skaidrojums-kas-sokes.htm\" data-item-link=\"true\" data-item-id=\"508564\" rel=\"nofollow noopener\" target=\"_blank\">pieredze ar v\u0113zi.<\/a><\/p>\n<p>\t\t\t\t\t\tinfo<\/p>\n<p>Uzzini pirmais<br \/>kas interesants noticis Latvij\u0101 un pasaul\u0113,<br \/>pievienojoties mums <a href=\"https:\/\/t.me\/neatkariga\" rel=\"nofollow\">Telegram<\/a> vai <a href=\"https:\/\/whatsapp.com\/channel\/0029VaMLFUH5K3zLU5s4wm3y\" rel=\"nofollow noopener\" target=\"_blank\">Whatsapp<\/a> kan\u0101l\u0101<\/p>\n","protected":false},"excerpt":{"rendered":"Sofija Kinsella, bestselleru autore, kas sarakst\u012bjusi gr\u0101matu s\u0113riju \u201c\u0160opaholi\u0137e\u201d, mirusi 55 gadu vecum\u0101, v\u0113sta \u201cCNN\u201d. Rakstniecei, \u012bstaj\u0101 v\u0101rd\u0101&hellip;\n","protected":false},"author":2,"featured_media":71628,"comment_status":"","ping_status":"","sticky":false,"template":"","format":"standard","meta":{"footnotes":""},"categories":[19],"tags":[89,90,35,39,38,36,37,34,40],"class_list":{"0":"post-71627","1":"post","2":"type-post","3":"status-publish","4":"format-standard","5":"has-post-thumbnail","7":"category-izklaide","8":"tag-entertainment","9":"tag-izklaide","10":"tag-latvia","11":"tag-latvian","12":"tag-latviesu","13":"tag-latviesu-valoda","14":"tag-latviesuvaloda","15":"tag-latvija","16":"tag-lv"},"share_on_mastodon":{"url":"https:\/\/pubeurope.com\/@lv\/115701342738810224","error":""},"_links":{"self":[{"href":"https:\/\/www.europesays.com\/lv\/wp-json\/wp\/v2\/posts\/71627","targetHints":{"allow":["GET"]}}],"collection":[{"href":"https:\/\/www.europesays.com\/lv\/wp-json\/wp\/v2\/posts"}],"about":[{"href":"https:\/\/www.europesays.com\/lv\/wp-json\/wp\/v2\/types\/post"}],"author":[{"embeddable":true,"href":"https:\/\/www.europesays.com\/lv\/wp-json\/wp\/v2\/users\/2"}],"replies":[{"embeddable":true,"href":"https:\/\/www.europesays.com\/lv\/wp-json\/wp\/v2\/comments?post=71627"}],"version-history":[{"count":0,"href":"https:\/\/www.europesays.com\/lv\/wp-json\/wp\/v2\/posts\/71627\/revisions"}],"wp:featuredmedia":[{"embeddable":true,"href":"https:\/\/www.europesays.com\/lv\/wp-json\/wp\/v2\/media\/71628"}],"wp:attachment":[{"href":"https:\/\/www.europesays.com\/lv\/wp-json\/wp\/v2\/media?parent=71627"}],"wp:term":[{"taxonomy":"category","embeddable":true,"href":"https:\/\/www.europesays.com\/lv\/wp-json\/wp\/v2\/categories?post=71627"},{"taxonomy":"post_tag","embeddable":true,"href":"https:\/\/www.europesays.com\/lv\/wp-json\/wp\/v2\/tags?post=71627"}],"curies":[{"name":"wp","href":"https:\/\/api.w.org\/{rel}","templated":true}]}}