{"id":71629,"date":"2025-12-11T14:14:03","date_gmt":"2025-12-11T14:14:03","guid":{"rendered":"https:\/\/www.europesays.com\/lv\/71629\/"},"modified":"2025-12-11T14:14:03","modified_gmt":"2025-12-11T14:14:03","slug":"atkapusies-bulgarijas-valdiba-jauns-lv","status":"publish","type":"post","link":"https:\/\/www.europesays.com\/lv\/71629\/","title":{"rendered":"Atk\u0101pusies Bulg\u0101rijas vald\u012bba &#8211; Jauns.lv"},"content":{"rendered":"<ol>\n<li><a href=\"https:\/\/news.google.com\/rss\/articles\/CBMid0FVX3lxTE9qLWRIbnloTGdNemJmb0FjdDNFYnNiY05NTFhjLWlLZHFGcjQ0Z3hQS0U5RGJBU3d2WVdlOWo4NkhzMG9qWlJaeW1KSlNfbDd3Z21fQ194OW1PcDZOVFhTbFMzSV84WWdIa3JKZjNHdUMyVWxsQk1Z?oc=5\" target=\"_blank\" rel=\"nofollow noopener\">Atk\u0101pusies Bulg\u0101rijas vald\u012bba<\/a>&nbsp;&nbsp;Jauns.lv<\/li>\n<li><a href=\"https:\/\/news.google.com\/rss\/articles\/CBMiuwFBVV95cUxNYTEtYUtNS19XSUkwaXBYcmY1RDk2Y1kxY0lpeWkzNmYxaExHMlk3UVBNbHc4RGJhT0c2eEhJS3NVclZ3eFF0UmRRZHVQdENzQmtxaW4tZUFlekdkYlY4OWJVRFA0TS10bGd0a2pLRHU0bFBTR1pISnNYdkhYYzlGSHRuQjBmckI3SkhhbVhvbXprRjMtZV9ydmdlYkxscU5rRDZzcExzc2I0WUp5RFlGQVJlSnNIWXNSbzVJ?oc=5\" target=\"_blank\" rel=\"nofollow noopener\">Bulg\u0101rijas vald\u012bba atk\u0101pusies p\u0113c pla\u0161iem tautas protestiem \/ Raksts<\/a>&nbsp;&nbsp;LSM<\/li>\n<li><a href=\"https:\/\/news.google.com\/rss\/articles\/CBMinAFBVV95cUxQWWhvMVoxU2ZmSUFCc0xsTXFZX0VYS3N0WDJsZWFWRXRMa3AxbXlWRnRxQWdHYVdQRDV6WmZzZlBDMkFtQ2dqQnRBZlBOSGYwRjZ1ZGFHX0JieENXX3paWU5pYlFCZ2lKSVhqcENqR0VyLTdxSEZZVGswN2JZdlVUdnNDQUtzUk5NUTM5WWZVaVNtcDF4QVhjdGRxMnM?oc=5\" target=\"_blank\" rel=\"nofollow noopener\">T\u016bksto\u0161iem cilv\u0113ku Bulg\u0101rij\u0101 pieprasa vald\u012bbas atk\u0101p\u0161anos<\/a>&nbsp;&nbsp;Jauns.lv<\/li>\n<li><a href=\"https:\/\/news.google.com\/rss\/articles\/CBMingFBVV95cUxPdjRFSktGdmQ2OVV0eUY4WV9selR5bjdNT1p0ZjQ1bU5ZME11bWtGSWNkUEQ2NFRzTi12Z2xGbE5MenY3bDQyUTlZbmFDSDkwVVB0UGJLNExDcTNuMmh6UUluaDdmMGt3TmdDY0NBaUV1dm9KZjJONjBZY2tCX3lDMGZZaFBzUVJGbFhBaURiQnd4OWhxbjJ5dlNxYUJldw?oc=5\" target=\"_blank\" rel=\"nofollow noopener\">Bulg\u0101rij\u0101 demonstr\u0101cijas par un pret vald\u012bbu \/ 10.12.2025<\/a>&nbsp;&nbsp;REplay.lv<\/li>\n<li><a href=\"https:\/\/news.google.com\/rss\/articles\/CBMizAFBVV95cUxQay1NVnZWUjY3NkctcmxqNm5TbEE4REVURDNReTJEb0szVEN6cWtSMDB2NTdOMC11aUVjTGVmTzNKX2VOaDBEaUtPbE1kMVpHVGNvekVDSGpFaFE2X2FNTG5LM091SlpyU0txaXNQMXh5U0h0NmxKVmtMUGVUR0NLcENpeHBNNGtkaUZmN0pmYjloQnMyTWppUGdSU0VHSWdZb2U0TWRQMExPZXJkMHBIcW5rQXE4dVRCdk5KbjVmRHBSY0EtQnNGOHM2c3U?oc=5\" target=\"_blank\" rel=\"nofollow noopener\">Bulg\u0101rij\u0101 turpin\u0101s politiska kr\u012bze; iel\u0101s iziet ar\u012b vald\u012bbas atbalst\u012bt\u0101ji \/ Raksts<\/a>&nbsp;&nbsp;LSM<\/li>\n<\/ol>\n","protected":false},"excerpt":{"rendered":"Atk\u0101pusies Bulg\u0101rijas vald\u012bba&nbsp;&nbsp;Jauns.lv Bulg\u0101rijas vald\u012bba atk\u0101pusies p\u0113c pla\u0161iem tautas protestiem \/ Raksts&nbsp;&nbsp;LSM T\u016bksto\u0161iem cilv\u0113ku Bulg\u0101rij\u0101 pieprasa vald\u012bbas atk\u0101p\u0161anos&nbsp;&nbsp;Jauns.lv&hellip;\n","protected":false},"author":2,"featured_media":71630,"comment_status":"","ping_status":"","sticky":false,"template":"","format":"standard","meta":{"footnotes":""},"categories":[14],"tags":[23,57,28,29,32,33,22,30,31,35,39,38,36,37,34,40,20,26,27,24,25,54,55,56,21,58],"class_list":{"0":"post-71629","1":"post","2":"type-post","3":"status-publish","4":"format-standard","5":"has-post-thumbnail","7":"category-zinas-no-arvalstim","8":"tag-aktualitates","9":"tag-arvalstim","10":"tag-breaking-news","11":"tag-breakingnews","12":"tag-featured-news","13":"tag-featurednews","14":"tag-headlines","15":"tag-latest-news","16":"tag-latestnews","17":"tag-latvia","18":"tag-latvian","19":"tag-latviesu","20":"tag-latviesu-valoda","21":"tag-latviesuvaloda","22":"tag-latvija","23":"tag-lv","24":"tag-news","25":"tag-popularakas-zinas","26":"tag-popularakaszinas","27":"tag-top-stories","28":"tag-topstories","29":"tag-world","30":"tag-world-news","31":"tag-worldnews","32":"tag-zinas","33":"tag-zinas-no-arvalstim"},"share_on_mastodon":{"url":"https:\/\/pubeurope.com\/@lv\/115701354458088430","error":""},"_links":{"self":[{"href":"https:\/\/www.europesays.com\/lv\/wp-json\/wp\/v2\/posts\/71629","targetHints":{"allow":["GET"]}}],"collection":[{"href":"https:\/\/www.europesays.com\/lv\/wp-json\/wp\/v2\/posts"}],"about":[{"href":"https:\/\/www.europesays.com\/lv\/wp-json\/wp\/v2\/types\/post"}],"author":[{"embeddable":true,"href":"https:\/\/www.europesays.com\/lv\/wp-json\/wp\/v2\/users\/2"}],"replies":[{"embeddable":true,"href":"https:\/\/www.europesays.com\/lv\/wp-json\/wp\/v2\/comments?post=71629"}],"version-history":[{"count":0,"href":"https:\/\/www.europesays.com\/lv\/wp-json\/wp\/v2\/posts\/71629\/revisions"}],"wp:featuredmedia":[{"embeddable":true,"href":"https:\/\/www.europesays.com\/lv\/wp-json\/wp\/v2\/media\/71630"}],"wp:attachment":[{"href":"https:\/\/www.europesays.com\/lv\/wp-json\/wp\/v2\/media?parent=71629"}],"wp:term":[{"taxonomy":"category","embeddable":true,"href":"https:\/\/www.europesays.com\/lv\/wp-json\/wp\/v2\/categories?post=71629"},{"taxonomy":"post_tag","embeddable":true,"href":"https:\/\/www.europesays.com\/lv\/wp-json\/wp\/v2\/tags?post=71629"}],"curies":[{"name":"wp","href":"https:\/\/api.w.org\/{rel}","templated":true}]}}