{"id":7163,"date":"2025-09-28T17:50:10","date_gmt":"2025-09-28T17:50:10","guid":{"rendered":"https:\/\/www.europesays.com\/lv\/7163\/"},"modified":"2025-09-28T17:50:10","modified_gmt":"2025-09-28T17:50:10","slug":"polija-pacelusi-iznicinatajus-saistiba-ar-krievijas-uzbrukumiem-ukrainai","status":"publish","type":"post","link":"https:\/\/www.europesays.com\/lv\/7163\/","title":{"rendered":"Polija pac\u0113lusi izn\u012bcin\u0101t\u0101jus saist\u012bb\u0101 ar Krievijas uzbrukumiem Ukrainai"},"content":{"rendered":"<p>Polijas bru\u0146otie sp\u0113ki nakt\u012b pac\u0113la gais\u0101 savus un sabiedroto izn\u012bcin\u0101t\u0101jus saist\u012bb\u0101 ar Krievijas gaisa sp\u0113ku aktivit\u0101t\u0113m k\u0101rt\u0113j\u0101 uzbrukum\u0101 Ukrainai.<\/p>\n<p>Polijas Bru\u0146oto sp\u0113ku Operat\u012bv\u0101 pav\u0113lniec\u012bba pazi\u0146oja, ka izn\u012bcin\u0101t\u0101ji tika aktiviz\u0113ti ap plkst.4 p\u0113c viet\u0113j\u0101 laika (ap plkst.3 p\u0113c Latvijas laika). Tika iedarbin\u0101tas ar\u012b virszemes pretgaisa aizsardz\u012bbas sist\u0113mas. Oper\u0101cijas tika p\u0101rtrauktas p\u0113c vair\u0101k\u0101m stund\u0101m, kad Krievijas uzbrukumi norima.<\/p>\n<p>&#8220;Netika konstat\u0113ti nek\u0101di Polijas gaisa telpas p\u0101rk\u0101pumi,&#8221; platform\u0101 &#8220;X&#8221; pav\u0113st\u012bja Polijas Bru\u0146oto sp\u0113ku Operat\u012bv\u0101 pav\u0113lniec\u012bba. T\u0101 pateic\u0101s NATO sabiedrotajiem par pal\u012bdz\u012bbu, minot N\u012bderlandes izn\u012bcin\u0101t\u0101jus F-35, kas pal\u012bdz\u0113ja patrul\u0113t Polijas debes\u012bs, un V\u0101cijas sist\u0113mas &#8220;Patriot&#8221;, kas stiprina pretgaisa aizsardz\u012bbu.<\/p>\n<p>Polijas sp\u0113ki turpina uzraudz\u012bt situ\u0101ciju Ukrain\u0101 un ir gatav\u012bb\u0101, nor\u0101d\u012bja Operat\u012bv\u0101 pav\u0113lniec\u012bba.<\/p>\n<p>Jau zi\u0146ots, ka Ukraina nakt\u012b piedz\u012bvoja sp\u0113c\u012bgu Krievijas dronu un ra\u0137e\u0161u uzbrukumu, kur\u0101 cietu\u0161i vair\u0101ki desmiti cilv\u0113ku.<\/p>\n<p><img decoding=\"async\" src=\"https:\/\/www.europesays.com\/lv\/wp-content\/uploads\/2025\/09\/1c4532cbc9108048ffd33cc241f5acd5.png\" title=\"Ilustrat\u012bvs att\u0113ls. Foto: Scanpix\/Wojtek RADWANSKI \/ AFP\" alt=\"Ilustrat\u012bvs att\u0113ls. Foto: Scanpix\/Wojtek RADWANSKI \/ AFP\"\/><\/p>\n<p class=\"article-img-desc\">Ilustrat\u012bvs att\u0113ls. Foto: Scanpix\/Wojtek RADWANSKI \/ AFP<\/p>\n","protected":false},"excerpt":{"rendered":"Polijas bru\u0146otie sp\u0113ki nakt\u012b pac\u0113la gais\u0101 savus un sabiedroto izn\u012bcin\u0101t\u0101jus saist\u012bb\u0101 ar Krievijas gaisa sp\u0113ku aktivit\u0101t\u0113m k\u0101rt\u0113j\u0101 uzbrukum\u0101&hellip;\n","protected":false},"author":2,"featured_media":7164,"comment_status":"","ping_status":"","sticky":false,"template":"","format":"standard","meta":{"footnotes":""},"categories":[14],"tags":[129,470,473,343,23,57,28,29,32,33,22,30,31,35,39,38,36,37,34,40,20,26,27,471,474,344,472,475,345,24,25,54,55,56,21,58],"class_list":{"0":"post-7163","1":"post","2":"type-post","3":"status-publish","4":"format-standard","5":"has-post-thumbnail","7":"category-zinas-no-arvalstim","8":"tag-__typenameadvicekeyword","9":"tag-id532","10":"tag-id549","11":"tag-id550","12":"tag-aktualitates","13":"tag-arvalstim","14":"tag-breaking-news","15":"tag-breakingnews","16":"tag-featured-news","17":"tag-featurednews","18":"tag-headlines","19":"tag-latest-news","20":"tag-latestnews","21":"tag-latvia","22":"tag-latvian","23":"tag-latviesu","24":"tag-latviesu-valoda","25":"tag-latviesuvaloda","26":"tag-latvija","27":"tag-lv","28":"tag-news","29":"tag-popularakas-zinas","30":"tag-popularakaszinas","31":"tag-slugkars-ukraina","32":"tag-slugkrievijas-iebrukums-ukraina","33":"tag-slugpolija","34":"tag-titlekars-ukraina","35":"tag-titlekrievijas-iebrukums-ukraina","36":"tag-titlepolija","37":"tag-top-stories","38":"tag-topstories","39":"tag-world","40":"tag-world-news","41":"tag-worldnews","42":"tag-zinas","43":"tag-zinas-no-arvalstim"},"share_on_mastodon":{"url":"","error":""},"_links":{"self":[{"href":"https:\/\/www.europesays.com\/lv\/wp-json\/wp\/v2\/posts\/7163","targetHints":{"allow":["GET"]}}],"collection":[{"href":"https:\/\/www.europesays.com\/lv\/wp-json\/wp\/v2\/posts"}],"about":[{"href":"https:\/\/www.europesays.com\/lv\/wp-json\/wp\/v2\/types\/post"}],"author":[{"embeddable":true,"href":"https:\/\/www.europesays.com\/lv\/wp-json\/wp\/v2\/users\/2"}],"replies":[{"embeddable":true,"href":"https:\/\/www.europesays.com\/lv\/wp-json\/wp\/v2\/comments?post=7163"}],"version-history":[{"count":0,"href":"https:\/\/www.europesays.com\/lv\/wp-json\/wp\/v2\/posts\/7163\/revisions"}],"wp:featuredmedia":[{"embeddable":true,"href":"https:\/\/www.europesays.com\/lv\/wp-json\/wp\/v2\/media\/7164"}],"wp:attachment":[{"href":"https:\/\/www.europesays.com\/lv\/wp-json\/wp\/v2\/media?parent=7163"}],"wp:term":[{"taxonomy":"category","embeddable":true,"href":"https:\/\/www.europesays.com\/lv\/wp-json\/wp\/v2\/categories?post=7163"},{"taxonomy":"post_tag","embeddable":true,"href":"https:\/\/www.europesays.com\/lv\/wp-json\/wp\/v2\/tags?post=7163"}],"curies":[{"name":"wp","href":"https:\/\/api.w.org\/{rel}","templated":true}]}}