{"id":71631,"date":"2025-12-11T14:17:11","date_gmt":"2025-12-11T14:17:11","guid":{"rendered":"https:\/\/www.europesays.com\/lv\/71631\/"},"modified":"2025-12-11T14:17:11","modified_gmt":"2025-12-11T14:17:11","slug":"vai-latvija-var-uzvaret-eirovizija-2026-gada-arzemju-eksperti-slave-vienu-dziesmu","status":"publish","type":"post","link":"https:\/\/www.europesays.com\/lv\/71631\/","title":{"rendered":"Vai Latvija var uzvar\u0113t \u201dEirov\u012bzij\u0101\u201d 2026. gad\u0101? \u0100rzemju eksperti slav\u0113 vienu dziesmu"},"content":{"rendered":"<p>Port\u0101l\u0101 \u201cEurovision World\u201d rit balsojums par dziesmu, kurai \u0161ogad b\u016btu j\u0101p\u0101rst\u0101v Latviju \u201cEirov\u012bzij\u0101\u201d, un k\u0101 taj\u0101, t\u0101 cit\u0101s fanu diskusij\u0101s da\u017e\u0101d\u0101s platform\u0101s, tiek \u012bpa\u0161i izcelta viena dziesma no Latvijas, kuras izcilo skan\u0113jumu paman\u012bju\u0161i k\u0101 \u0101rzemju \u201cEirov\u012bzijas\u201d eksperti, t\u0101 viet\u0113jie klaus\u012bt\u0101ji. T\u0101 ir dzied\u0101t\u0101jas Atvaras bal\u0101de \u201c\u0112n\u0101\u201d.<\/p>\n<p>Atvara \u0161obr\u012bd p\u0101rliecino\u0161i uzvar fanu balsojum\u0101 \u201cEurovision World\u201d lap\u0101, tai seko Robert Ox \u201cRavin\u2019 At The Taj Mahal\u201d un \u201cKautkaili\u201d ar dziesmu \u201cTe un tagad\u201d. Zem dziesmas video pieteikuma konkursam turpina birt konkursa fanu slavas v\u0101rdi no visas pasaules. Fani to d\u0113v\u0113 par \u201c\u012bstu \u0161edevru\u201d un, iesp\u0113jams, Latvijas visu laiku lab\u0101ko pieteikumu konkursam.<\/p>\n<p>Dziesmu k\u0101 lab\u0101ko starp Latvijas kandid\u0101t\u0113m nov\u0113rt\u0113ju\u0161i ar\u012b fani Polij\u0101, kas jau izveidoju\u0161i savu \u201cSupernovas\u201d topu. Otraj\u0101 viet\u0101 aiz Atvadas \u0161edevra po\u013ci ierindo \u201cKautkaili\u201d \u201cTe un tagad\u201d, kas koment\u0101ros tiek sal\u012bdzin\u0101ts ar Billie Eilish noska\u0146\u0101m, bet tre\u0161aj\u0101 \u2013 Robert Ox deju hitu \u201cRavin` at The Taj Mahal\u201d.<\/p>\n<p class=\"ad-desc ad-desc-main\">Saturs turpin\u0101s p\u0113c rekl\u0101mas<\/p>\n<p class=\"ad-desc ad-desc-sec\">Rekl\u0101ma<\/p>\n<p>\u201cVienk\u0101r\u0161i Wow!\u201d no Atvaras dziesmas klaus\u012b\u0161an\u0101s nevar atrauties ar\u012b popul\u0101rais konkursa blogeris CYMRU. Satrieco\u0161a dziesma, unik\u0101la balss un sp\u0113ks! \u201cT\u0101 nav standarta bal\u0101de,\u201d dziesmu slav\u0113 blogeris. Eksperts piebilst, ka, ja m\u0101ksliniece sp\u0113s \u0161o dziesmu uz skatuves izdzied\u0101t tikpat labi, k\u0101 ierakst\u0101, un skatuves elementi b\u016bs p\u0101rdom\u0101ti, \u0161ai dziesmai konkursa kontekst\u0101 var b\u016bt izcili pan\u0101kumi.<\/p>\n<p class=\"tv3-fw-500\">Zi\u0146o par k\u013c\u016bdu rakst\u0101<\/p>\n<p class=\"d-md-block d-none\">Iez\u012bm\u0113 k\u013c\u016bdaino tekstu un spied Ctrl+Enter.<\/p>\n<p class=\"d-md-none d-block\">Iez\u012bm\u0113 k\u013c\u016bdaino tekstu un zi\u0146o par to!<\/p>\n","protected":false},"excerpt":{"rendered":"Port\u0101l\u0101 \u201cEurovision World\u201d rit balsojums par dziesmu, kurai \u0161ogad b\u016btu j\u0101p\u0101rst\u0101v Latviju \u201cEirov\u012bzij\u0101\u201d, un k\u0101 taj\u0101, t\u0101 cit\u0101s&hellip;\n","protected":false},"author":2,"featured_media":71632,"comment_status":"","ping_status":"","sticky":false,"template":"","format":"standard","meta":{"footnotes":""},"categories":[19],"tags":[18250,89,90,35,39,38,36,37,34,40],"class_list":{"0":"post-71631","1":"post","2":"type-post","3":"status-publish","4":"format-standard","5":"has-post-thumbnail","7":"category-izklaide","8":"tag-eirovizijaizklaides-redaktors-iesakastar-fm-jaunumi","9":"tag-entertainment","10":"tag-izklaide","11":"tag-latvia","12":"tag-latvian","13":"tag-latviesu","14":"tag-latviesu-valoda","15":"tag-latviesuvaloda","16":"tag-latvija","17":"tag-lv"},"share_on_mastodon":{"url":"https:\/\/pubeurope.com\/@lv\/115701366428508859","error":""},"_links":{"self":[{"href":"https:\/\/www.europesays.com\/lv\/wp-json\/wp\/v2\/posts\/71631","targetHints":{"allow":["GET"]}}],"collection":[{"href":"https:\/\/www.europesays.com\/lv\/wp-json\/wp\/v2\/posts"}],"about":[{"href":"https:\/\/www.europesays.com\/lv\/wp-json\/wp\/v2\/types\/post"}],"author":[{"embeddable":true,"href":"https:\/\/www.europesays.com\/lv\/wp-json\/wp\/v2\/users\/2"}],"replies":[{"embeddable":true,"href":"https:\/\/www.europesays.com\/lv\/wp-json\/wp\/v2\/comments?post=71631"}],"version-history":[{"count":0,"href":"https:\/\/www.europesays.com\/lv\/wp-json\/wp\/v2\/posts\/71631\/revisions"}],"wp:featuredmedia":[{"embeddable":true,"href":"https:\/\/www.europesays.com\/lv\/wp-json\/wp\/v2\/media\/71632"}],"wp:attachment":[{"href":"https:\/\/www.europesays.com\/lv\/wp-json\/wp\/v2\/media?parent=71631"}],"wp:term":[{"taxonomy":"category","embeddable":true,"href":"https:\/\/www.europesays.com\/lv\/wp-json\/wp\/v2\/categories?post=71631"},{"taxonomy":"post_tag","embeddable":true,"href":"https:\/\/www.europesays.com\/lv\/wp-json\/wp\/v2\/tags?post=71631"}],"curies":[{"name":"wp","href":"https:\/\/api.w.org\/{rel}","templated":true}]}}